{"id":219278,"date":"2016-02-24T08:00:24","date_gmt":"2016-02-24T08:00:24","guid":{"rendered":"http:\/\/diariodominicano.ddns.net\/?p=219278"},"modified":"2016-02-24T08:00:24","modified_gmt":"2016-02-24T08:00:24","slug":"danilo-medina-y-primera-dama-inauguraran-este-miercoles-tercer-caid","status":"publish","type":"post","link":"https:\/\/diariodominicano.com\/?p=219278","title":{"rendered":"Danilo Medina y Primera Dama inaugurar\u00e1n este mi\u00e9rcoles tercer CAID"},"content":{"rendered":"<p><body><\/p>\n<p><img decoding=\"async\" src=\"img3\/ya 1.jpg\" \/><br \/><img decoding=\"async\" src=\"img3\/ya 4.jpg\" \/><br \/><img decoding=\"async\" src=\"img3\/ya 6.jpg\" \/>  <\/p>\n<p>San Juan de la Maguana RD 24 febrero.- .- El presidente de la Rep\u00fablica, Danilo Medina S\u00e1nchez, y la Primera Dama C\u00e1ndida Montilla de Medina inaugurar\u00e1n este mi\u00e9rcoles 24, a las 4:00 de la tarde, el tercer Centro de Atenci\u00f3n Integral para la Discapacidad (CAID).<\/p>\n<\/p>\n<p>La obra est\u00e1 ubicada, en el kil\u00f3metro 5 de la carretera Azua-San Juan de la Maguana, a donde han sido invitadas distinguidas personalidades de la vida nacional e internacional.<\/p>\n<\/p>\n<p>Este centro, junto al de Santo Domingo Oeste y Santiago, es el tercero de cinco anunciados por la Primera Dama Montilla de Medina, para cubrir todas las regiones del pa\u00eds.<\/p>\n<\/p>\n<p>Brindar\u00e1 atenci\u00f3n integral a familias con ni\u00f1os y ni\u00f1as de 0 a 10 a\u00f1os de edad, con discapacidad provocada por S\u00edndrome de Down, Trastornos del Espectro Autista (TEA) y Par\u00e1lisis Cerebral Infantil.<\/p>\n<\/p>\n<p>Hace apenas un a\u00f1o, el 19 de febrero, que el Despacho de la Primera Dama dej\u00f3 iniciados los trabajos de construcci\u00f3n del CAID-San Juan. En esa oportunidad, expres\u00f3 que los sectores m\u00e1s vulnerables de la poblaci\u00f3n, constituyen el objetivo principal de sus programas, proyectos y pol\u00edticas, con absoluto respeto a la dignidad de cada hombre y mujer que se benefician de ellos.<\/p>\n<\/p>\n<p>\u00abPero los ni\u00f1os y las ni\u00f1as en condiciones especiales ocupan un lugar especial en las preocupaciones del Despacho y, por ende, en las m\u00edas propias. Quiz\u00e1 como ning\u00fan otro sector, son estos ni\u00f1os y ni\u00f1as los que con mayor urgencia reclaman nuestra atenci\u00f3n y el auxilio institucional\u00bb, dijo Montilla de Medina.<\/p>\n<\/p>\n<p>El Centro de Atenci\u00f3n Integral para la Discapacidad (CAID) es el \u00abbuque insignia\u00bb de la gesti\u00f3n de C\u00e1ndida Montilla de Medina, y es la primera acci\u00f3n desde el Estado a favor de la poblaci\u00f3n con discapacidad, en el marco de las pol\u00edticas inclusivas que promueve el Gobierno de Danilo Medina.<\/p>\n<\/p>\n<h6> 2016-02-24 08:00:24 <\/h6>\n<p><!--\n<link rel=\"stylesheet\" href=\"css\/bootstrap.min.css\">\n\n\n<ul class=\"pagination\">\n\t    \n\t\n\n<li >\n\t<a href='?page_no=13615'>Previous<\/a>\n\t<\/li>\n\n\n       \n    \n\n<li><a href='?page_no=1'>1<\/a><\/li>\n\n\n\n<li><a href='?page_no=2'>2<\/a><\/li>\n\n\n\n<li><a>...<\/a><\/li>\n\n\n\n<li><a href='?page_no=13614'>13614<\/a><\/li>\n\n\n\n<li><a href='?page_no=13615'>13615<\/a><\/li>\n\n\n\n<li class='active'><a>13616<\/a><\/li>\n\n\n\n<li><a href='?page_no=13617'>13617<\/a><\/li>\n\n\n\n<li><a href='?page_no=13618'>13618<\/a><\/li>\n\n\n\n<li><a>...<\/a><\/li>\n\n\n\n<li><a href='?page_no=56169'>56169<\/a><\/li>\n\n\n\n<li><a href='?page_no=56170'>56170<\/a><\/li>\n\n    \n\t\n\n<li >\n\t<a href='?page_no=13617'>Next<\/a>\n\t<\/li>\n\n\n    \n\n<li><a href='?page_no=56170'>Last &rsaquo;&rsaquo;<\/a><\/li>\n\n<\/ul>\n\n\n--><br \/>\n<\/body><\/p>\n","protected":false},"excerpt":{"rendered":"<p>San Juan de la Maguana RD 24 febrero.- .- El presidente de la Rep\u00fablica, Danilo Medina S\u00e1nchez, y la Primera Dama C\u00e1ndida Montilla de Medina inaugurar\u00e1n este mi\u00e9rcoles 24, a las 4:00 de la tarde, el tercer Centro de Atenci\u00f3n Integral para la Discapacidad (CAID). La obra est\u00e1 ubicada, en el kil\u00f3metro 5 de la [&hellip;]<\/p>\n","protected":false},"author":3,"featured_media":0,"comment_status":"open","ping_status":"open","sticky":false,"template":"","format":"standard","meta":{"footnotes":""},"categories":[20],"tags":[],"class_list":["post-219278","post","type-post","status-publish","format-standard","hentry","category-dominicana-hoy"],"_links":{"self":[{"href":"https:\/\/diariodominicano.com\/index.php?rest_route=\/wp\/v2\/posts\/219278","targetHints":{"allow":["GET"]}}],"collection":[{"href":"https:\/\/diariodominicano.com\/index.php?rest_route=\/wp\/v2\/posts"}],"about":[{"href":"https:\/\/diariodominicano.com\/index.php?rest_route=\/wp\/v2\/types\/post"}],"author":[{"embeddable":true,"href":"https:\/\/diariodominicano.com\/index.php?rest_route=\/wp\/v2\/users\/3"}],"replies":[{"embeddable":true,"href":"https:\/\/diariodominicano.com\/index.php?rest_route=%2Fwp%2Fv2%2Fcomments&post=219278"}],"version-history":[{"count":0,"href":"https:\/\/diariodominicano.com\/index.php?rest_route=\/wp\/v2\/posts\/219278\/revisions"}],"wp:attachment":[{"href":"https:\/\/diariodominicano.com\/index.php?rest_route=%2Fwp%2Fv2%2Fmedia&parent=219278"}],"wp:term":[{"taxonomy":"category","embeddable":true,"href":"https:\/\/diariodominicano.com\/index.php?rest_route=%2Fwp%2Fv2%2Fcategories&post=219278"},{"taxonomy":"post_tag","embeddable":true,"href":"https:\/\/diariodominicano.com\/index.php?rest_route=%2Fwp%2Fv2%2Ftags&post=219278"}],"curies":[{"name":"wp","href":"https:\/\/api.w.org\/{rel}","templated":true}]}}