{"id":219277,"date":"2016-02-24T09:58:49","date_gmt":"2016-02-24T09:58:49","guid":{"rendered":"http:\/\/diariodominicano.ddns.net\/?p=219277"},"modified":"2016-02-24T09:58:49","modified_gmt":"2016-02-24T09:58:49","slug":"un-sismo-de-4-6-grados-en-la-escala-de-richter-se-sintio-al-noreste-de-san-pedro-de-macoris","status":"publish","type":"post","link":"https:\/\/diariodominicano.com\/?p=219277","title":{"rendered":"Un sismo de 4.6 grados en la escala de Richter se sinti\u00f3 al noreste de San Pedro de Macoris"},"content":{"rendered":"<p><body><\/p>\n<p><img decoding=\"async\" src=\"img3\/sismo 2.jpg\" \/><br \/><img decoding=\"async\" src=\"img3\/tiembla 1.jpg\" \/>  <\/p>\n<p>Santo Domingo RD 24 febrero.- El Instituto de Sismolog\u00eda de la Universidad Aut\u00f3noma de Santo Domingo report\u00f3 que a las 4:18 de la madrugada de hoy se produjo un temblor de 4.6 grados en la escala de Richter. <\/p>\n<\/p>\n<p>F\u00e9lix Mart\u00ednez, supervisor de la secci\u00f3n de an\u00e1lisis, explic\u00f3 que  el temblor tuvo una profundidad de 97 kil\u00f3metros y se produjo a 29 kil\u00f3metros del  noroeste de San Pedro de Macor\u00eds. Las coordenadas fueron  en la latitud  18.69 y longitud  69.49.  <\/p>\n<\/p>\n<p>Dijo que solo han reportado que se sinti\u00f3 en el Aeropuerto Internacional de Las Am\u00e9ricas y que no se ha informado de da\u00f1o.<\/p>\n<h6> 2016-02-24 09:58:49 <\/h6>\n<p><!--\n<link rel=\"stylesheet\" href=\"css\/bootstrap.min.css\">\n\n\n<ul class=\"pagination\">\n\t    \n\t\n\n<li >\n\t<a href='?page_no=13614'>Previous<\/a>\n\t<\/li>\n\n\n       \n    \n\n<li><a href='?page_no=1'>1<\/a><\/li>\n\n\n\n<li><a href='?page_no=2'>2<\/a><\/li>\n\n\n\n<li><a>...<\/a><\/li>\n\n\n\n<li><a href='?page_no=13613'>13613<\/a><\/li>\n\n\n\n<li><a href='?page_no=13614'>13614<\/a><\/li>\n\n\n\n<li class='active'><a>13615<\/a><\/li>\n\n\n\n<li><a href='?page_no=13616'>13616<\/a><\/li>\n\n\n\n<li><a href='?page_no=13617'>13617<\/a><\/li>\n\n\n\n<li><a>...<\/a><\/li>\n\n\n\n<li><a href='?page_no=56169'>56169<\/a><\/li>\n\n\n\n<li><a href='?page_no=56170'>56170<\/a><\/li>\n\n    \n\t\n\n<li >\n\t<a href='?page_no=13616'>Next<\/a>\n\t<\/li>\n\n\n    \n\n<li><a href='?page_no=56170'>Last &rsaquo;&rsaquo;<\/a><\/li>\n\n<\/ul>\n\n\n--><br \/>\n<\/body><\/p>\n","protected":false},"excerpt":{"rendered":"<p>Santo Domingo RD 24 febrero.- El Instituto de Sismolog\u00eda de la Universidad Aut\u00f3noma de Santo Domingo report\u00f3 que a las 4:18 de la madrugada de hoy se produjo un temblor de 4.6 grados en la escala de Richter. F\u00e9lix Mart\u00ednez, supervisor de la secci\u00f3n de an\u00e1lisis, explic\u00f3 que el temblor tuvo una profundidad de 97 [&hellip;]<\/p>\n","protected":false},"author":3,"featured_media":0,"comment_status":"open","ping_status":"open","sticky":false,"template":"","format":"standard","meta":{"footnotes":""},"categories":[20],"tags":[],"class_list":["post-219277","post","type-post","status-publish","format-standard","hentry","category-dominicana-hoy"],"_links":{"self":[{"href":"https:\/\/diariodominicano.com\/index.php?rest_route=\/wp\/v2\/posts\/219277","targetHints":{"allow":["GET"]}}],"collection":[{"href":"https:\/\/diariodominicano.com\/index.php?rest_route=\/wp\/v2\/posts"}],"about":[{"href":"https:\/\/diariodominicano.com\/index.php?rest_route=\/wp\/v2\/types\/post"}],"author":[{"embeddable":true,"href":"https:\/\/diariodominicano.com\/index.php?rest_route=\/wp\/v2\/users\/3"}],"replies":[{"embeddable":true,"href":"https:\/\/diariodominicano.com\/index.php?rest_route=%2Fwp%2Fv2%2Fcomments&post=219277"}],"version-history":[{"count":0,"href":"https:\/\/diariodominicano.com\/index.php?rest_route=\/wp\/v2\/posts\/219277\/revisions"}],"wp:attachment":[{"href":"https:\/\/diariodominicano.com\/index.php?rest_route=%2Fwp%2Fv2%2Fmedia&parent=219277"}],"wp:term":[{"taxonomy":"category","embeddable":true,"href":"https:\/\/diariodominicano.com\/index.php?rest_route=%2Fwp%2Fv2%2Fcategories&post=219277"},{"taxonomy":"post_tag","embeddable":true,"href":"https:\/\/diariodominicano.com\/index.php?rest_route=%2Fwp%2Fv2%2Ftags&post=219277"}],"curies":[{"name":"wp","href":"https:\/\/api.w.org\/{rel}","templated":true}]}}