{"id":219276,"date":"2016-02-24T10:17:30","date_gmt":"2016-02-24T10:17:30","guid":{"rendered":"http:\/\/diariodominicano.ddns.net\/?p=219276"},"modified":"2016-02-24T10:17:30","modified_gmt":"2016-02-24T10:17:30","slug":"conexus-y-barna-business-school-en-conferencia-de-liderazgo-para-adolescentes","status":"publish","type":"post","link":"https:\/\/diariodominicano.com\/?p=219276","title":{"rendered":"Conexus y Barna Business School en conferencia de liderazgo para adolescentes"},"content":{"rendered":"<p><body><\/p>\n<p><img decoding=\"async\" src=\"img3\/conex 1.jpg\" \/><br \/><img decoding=\"async\" src=\"img3\/habla 3.jpg\" \/>  <\/p>\n<p>Santo Domingo RD 24 febrero.- .- La Comunidad Educativa Conexus junto a Barna Business School ofreci\u00f3 la conferencia \u00a8Desarrollo del Liderazgo en las nuevas generaciones\u00a8 dirigida espec\u00edficamente a padres de adolescentes con la finalidad de crear las condiciones apropiadas para desarrollar competencias de liderazgo en los j\u00f3venes, desde el hogar.<\/p>\n<\/p>\n<p>La ponencia estuvo a cargo de Pablo \u00c1mez, Director de Executive Education de Barna, quien ofreci\u00f3 herramientas educativas para  que cada padre pueda impulsar el talento de sus hijos.<\/p>\n<\/p>\n<p>De acuerdo con el educador Alci Cruz Soto, Director de Conexus, este tipo de iniciativas integra a la familia y la escuela con el objetivo com\u00fan de lograr un mejor desarrollo acad\u00e9mico y emocional.<\/p>\n<\/p>\n<p>\u00a8Debemos desarrollar competencias de liderazgo en los estudiantes, de manera que puedan construir su proyecto de vida con la determinaci\u00f3n de convertirse en l\u00edderes que puedan impactar positivamente su entorno\u00a8, manifest\u00f3 Cruz Soto.<\/p>\n<\/p>\n<p>Este evento es el primero de una serie que se desarrollaran en conjunto ambas instituciones educativas con la finalidad de promover la cultura del \u00e9xito acad\u00e9mico, de la expansi\u00f3n del aprendizaje a un alto nivel, estimulando actitudes y valores vinculados al sentido del logro individual y colectivo.<\/p>\n<\/p>\n<p>Sobre Conexus<\/p>\n<\/p>\n<p>La Comunidad Educativa Conexus implementa un sistema personalizado de educaci\u00f3n respaldado en la tecnolog\u00eda. Esta modalidad educativa permite que los estudiantes se conozcan a s\u00ed mismos en t\u00e9rminos de raz\u00f3n y emoci\u00f3n, identificando sus fortalezas y aspectos a reforzar. Un sistema ideal para la promoci\u00f3n de valores y la construcci\u00f3n de una autoestima sana.<\/p>\n<\/p>\n<p>Sobre Barna<\/p>\n<\/p>\n<p>Barna Business School es la primera escuela de negocios de la Rep\u00fablica Dominicana y el Caribe, fundada por un grupo de l\u00edderes y emprendedores j\u00f3venes de formaci\u00f3n internacional, para transformar la visi\u00f3n empresarial iberoamericana a trav\u00e9s de la formaci\u00f3n directiva.<\/p>\n<h6> 2016-02-24 10:17:30 <\/h6>\n<p><!--\n<link rel=\"stylesheet\" href=\"css\/bootstrap.min.css\">\n\n\n<ul class=\"pagination\">\n\t    \n\t\n\n<li >\n\t<a href='?page_no=13613'>Previous<\/a>\n\t<\/li>\n\n\n       \n    \n\n<li><a href='?page_no=1'>1<\/a><\/li>\n\n\n\n<li><a href='?page_no=2'>2<\/a><\/li>\n\n\n\n<li><a>...<\/a><\/li>\n\n\n\n<li><a href='?page_no=13612'>13612<\/a><\/li>\n\n\n\n<li><a href='?page_no=13613'>13613<\/a><\/li>\n\n\n\n<li class='active'><a>13614<\/a><\/li>\n\n\n\n<li><a href='?page_no=13615'>13615<\/a><\/li>\n\n\n\n<li><a href='?page_no=13616'>13616<\/a><\/li>\n\n\n\n<li><a>...<\/a><\/li>\n\n\n\n<li><a href='?page_no=56169'>56169<\/a><\/li>\n\n\n\n<li><a href='?page_no=56170'>56170<\/a><\/li>\n\n    \n\t\n\n<li >\n\t<a href='?page_no=13615'>Next<\/a>\n\t<\/li>\n\n\n    \n\n<li><a href='?page_no=56170'>Last &rsaquo;&rsaquo;<\/a><\/li>\n\n<\/ul>\n\n\n--><br \/>\n<\/body><\/p>\n","protected":false},"excerpt":{"rendered":"<p>Santo Domingo RD 24 febrero.- .- La Comunidad Educativa Conexus junto a Barna Business School ofreci\u00f3 la conferencia \u00a8Desarrollo del Liderazgo en las nuevas generaciones\u00a8 dirigida espec\u00edficamente a padres de adolescentes con la finalidad de crear las condiciones apropiadas para desarrollar competencias de liderazgo en los j\u00f3venes, desde el hogar. La ponencia estuvo a cargo [&hellip;]<\/p>\n","protected":false},"author":3,"featured_media":0,"comment_status":"open","ping_status":"open","sticky":false,"template":"","format":"standard","meta":{"footnotes":""},"categories":[20],"tags":[],"class_list":["post-219276","post","type-post","status-publish","format-standard","hentry","category-dominicana-hoy"],"_links":{"self":[{"href":"https:\/\/diariodominicano.com\/index.php?rest_route=\/wp\/v2\/posts\/219276","targetHints":{"allow":["GET"]}}],"collection":[{"href":"https:\/\/diariodominicano.com\/index.php?rest_route=\/wp\/v2\/posts"}],"about":[{"href":"https:\/\/diariodominicano.com\/index.php?rest_route=\/wp\/v2\/types\/post"}],"author":[{"embeddable":true,"href":"https:\/\/diariodominicano.com\/index.php?rest_route=\/wp\/v2\/users\/3"}],"replies":[{"embeddable":true,"href":"https:\/\/diariodominicano.com\/index.php?rest_route=%2Fwp%2Fv2%2Fcomments&post=219276"}],"version-history":[{"count":0,"href":"https:\/\/diariodominicano.com\/index.php?rest_route=\/wp\/v2\/posts\/219276\/revisions"}],"wp:attachment":[{"href":"https:\/\/diariodominicano.com\/index.php?rest_route=%2Fwp%2Fv2%2Fmedia&parent=219276"}],"wp:term":[{"taxonomy":"category","embeddable":true,"href":"https:\/\/diariodominicano.com\/index.php?rest_route=%2Fwp%2Fv2%2Fcategories&post=219276"},{"taxonomy":"post_tag","embeddable":true,"href":"https:\/\/diariodominicano.com\/index.php?rest_route=%2Fwp%2Fv2%2Ftags&post=219276"}],"curies":[{"name":"wp","href":"https:\/\/api.w.org\/{rel}","templated":true}]}}