{"id":219274,"date":"2016-02-24T14:08:35","date_gmt":"2016-02-24T14:08:35","guid":{"rendered":"http:\/\/diariodominicano.ddns.net\/?p=219274"},"modified":"2016-02-24T14:08:35","modified_gmt":"2016-02-24T14:08:35","slug":"armada-rescata-44-personas-en-embarcacion-de-recreo","status":"publish","type":"post","link":"https:\/\/diariodominicano.com\/?p=219274","title":{"rendered":"Armada rescata 44 personas en embarcaci\u00f3n de recreo"},"content":{"rendered":"<p><body><\/p>\n<p><img decoding=\"async\" src=\"img3\/embarcacion.jpg\" \/>  <\/p>\n<p><span class=\"text1noticias\">Santo Domingo, RD, 24 de Febrero.-Unidades Navales de la Armada de Rep\u00fablica Dominicana de patrulla en aguas adyacentes a la zona mar\u00edtima de Bayah\u00edbe, La Romana, rescataron de 44 personas que navegaban en el bote de excursi\u00f3n y buceo de nombre \u00abNautilux\u00bb, el cual encall\u00f3 en las inmediaciones de la playa en la referida zona. <\/span><\/p>\n<\/p>\n<p><span class=\"text1noticias\">El rescate se produjo al recibir el llamado de alerta de la embarcaci\u00f3n de recreaci\u00f3n, y de inmediato se procedi\u00f3 a dar asistencia a las personas que estaban en peligro, las cuales fueron trasladadas a la playa, sanos y salvos.<\/span><\/p>\n<\/p>\n<p><span class=\"text1noticias\">La Armada agradece a todos aquellos que, de manera voluntaria, colaboraron con el operativo de rescate, para ese modolograr el \u00e9xito de la misi\u00f3n<\/span>. <\/p>\n<h6> 2016-02-24 14:08:35 <\/h6>\n<p><!--\n<link rel=\"stylesheet\" href=\"css\/bootstrap.min.css\">\n\n\n<ul class=\"pagination\">\n\t    \n\t\n\n<li >\n\t<a href='?page_no=13611'>Previous<\/a>\n\t<\/li>\n\n\n       \n    \n\n<li><a href='?page_no=1'>1<\/a><\/li>\n\n\n\n<li><a href='?page_no=2'>2<\/a><\/li>\n\n\n\n<li><a>...<\/a><\/li>\n\n\n\n<li><a href='?page_no=13610'>13610<\/a><\/li>\n\n\n\n<li><a href='?page_no=13611'>13611<\/a><\/li>\n\n\n\n<li class='active'><a>13612<\/a><\/li>\n\n\n\n<li><a href='?page_no=13613'>13613<\/a><\/li>\n\n\n\n<li><a href='?page_no=13614'>13614<\/a><\/li>\n\n\n\n<li><a>...<\/a><\/li>\n\n\n\n<li><a href='?page_no=56169'>56169<\/a><\/li>\n\n\n\n<li><a href='?page_no=56170'>56170<\/a><\/li>\n\n    \n\t\n\n<li >\n\t<a href='?page_no=13613'>Next<\/a>\n\t<\/li>\n\n\n    \n\n<li><a href='?page_no=56170'>Last &rsaquo;&rsaquo;<\/a><\/li>\n\n<\/ul>\n\n\n--><br \/>\n<\/body><\/p>\n","protected":false},"excerpt":{"rendered":"<p>Santo Domingo, RD, 24 de Febrero.-Unidades Navales de la Armada de Rep\u00fablica Dominicana de patrulla en aguas adyacentes a la zona mar\u00edtima de Bayah\u00edbe, La Romana, rescataron de 44 personas que navegaban en el bote de excursi\u00f3n y buceo de nombre \u00abNautilux\u00bb, el cual encall\u00f3 en las inmediaciones de la playa en la referida zona. [&hellip;]<\/p>\n","protected":false},"author":3,"featured_media":0,"comment_status":"open","ping_status":"open","sticky":false,"template":"","format":"standard","meta":{"footnotes":""},"categories":[20],"tags":[],"class_list":["post-219274","post","type-post","status-publish","format-standard","hentry","category-dominicana-hoy"],"_links":{"self":[{"href":"https:\/\/diariodominicano.com\/index.php?rest_route=\/wp\/v2\/posts\/219274","targetHints":{"allow":["GET"]}}],"collection":[{"href":"https:\/\/diariodominicano.com\/index.php?rest_route=\/wp\/v2\/posts"}],"about":[{"href":"https:\/\/diariodominicano.com\/index.php?rest_route=\/wp\/v2\/types\/post"}],"author":[{"embeddable":true,"href":"https:\/\/diariodominicano.com\/index.php?rest_route=\/wp\/v2\/users\/3"}],"replies":[{"embeddable":true,"href":"https:\/\/diariodominicano.com\/index.php?rest_route=%2Fwp%2Fv2%2Fcomments&post=219274"}],"version-history":[{"count":0,"href":"https:\/\/diariodominicano.com\/index.php?rest_route=\/wp\/v2\/posts\/219274\/revisions"}],"wp:attachment":[{"href":"https:\/\/diariodominicano.com\/index.php?rest_route=%2Fwp%2Fv2%2Fmedia&parent=219274"}],"wp:term":[{"taxonomy":"category","embeddable":true,"href":"https:\/\/diariodominicano.com\/index.php?rest_route=%2Fwp%2Fv2%2Fcategories&post=219274"},{"taxonomy":"post_tag","embeddable":true,"href":"https:\/\/diariodominicano.com\/index.php?rest_route=%2Fwp%2Fv2%2Ftags&post=219274"}],"curies":[{"name":"wp","href":"https:\/\/api.w.org\/{rel}","templated":true}]}}