{"id":219272,"date":"2016-02-24T14:25:27","date_gmt":"2016-02-24T14:25:27","guid":{"rendered":"http:\/\/diariodominicano.ddns.net\/?p=219272"},"modified":"2016-02-24T14:25:27","modified_gmt":"2016-02-24T14:25:27","slug":"edesur-anuncia-lleva-a-bayona-electricidad-permanente","status":"publish","type":"post","link":"https:\/\/diariodominicano.com\/?p=219272","title":{"rendered":"Edesur anuncia lleva a Bayona electricidad permanente"},"content":{"rendered":"<p><body><\/p>\n<p><span class=\"text1noticias\">Santo Domingo, RD, 24 de Febrero.-El ingeniero Rub\u00e9n Mont\u00e1s, administrador gerente general de Edesur, inaugur\u00f3 un proyecto de rehabilitaci\u00f3n de redes e instalaci\u00f3n del Programa 24 Horas de electricidad en la comunidad de Bayona, en el municipio Santo Domingo Oeste.<\/span><\/p>\n<\/p>\n<p><span class=\"text1noticias\">El ingeniero Mont\u00e1s dijo que el servicio de energ\u00eda es un derecho que a ustedes les asiste, \u00abpero esa es una mercanc\u00eda que se compra a las empresas generadoras\u00bb. Por lo tanto, agreg\u00f3, para que este negocio funcione es necesario que ustedes paguen la factura del servicio el\u00e9ctrico.<\/span><\/p>\n<\/p>\n<p><span class=\"text1noticias\">La iniciativa posibilit\u00f3 la rehabilitaci\u00f3n de 44.39 kil\u00f3metros de redes de media y baja tensi\u00f3n, inform\u00f3 el ingeniero Mont\u00e1s a trav\u00e9s de la direcci\u00f3n de Comunicaci\u00f3n de Edesur.<\/span><\/p>\n<\/p>\n<p><span class=\"text1noticias\">De acuerdo con el titular de Edesur, las obras en Bayona fueron ejecutadas en el circuito BAYO102 a un costo de US$5.8 millones aportados por los bancos Mundial e Interamericano de Desarrollo.<\/span><\/p>\n<p><span class=\"text1noticias\">Asimismo, prosigui\u00f3 el ingeniero Mont\u00e1s, fueron instalados 238 transformadores de distribuci\u00f3n y 746 postes del tendido el\u00e9ctrico y 433 luminarias nuevas.<\/span><\/p>\n<p><span class=\"text1noticias\"> <\/span><\/p>\n<p><span class=\"text1noticias\">El titular de Edesur dijo que el servicio t\u00e9cnico de la direcci\u00f3n Comercial contin\u00faa el proceso de incorporaci\u00f3n de  clientes localizados en callejones, \u00abun esfuerzo que ha facilitado la inserci\u00f3n de otros 2,183 clientes\u00bb.<\/span><\/p>\n<\/p>\n<p><span class=\"text1noticias\">En este proyecto, precis\u00f3 el funcionario, son beneficiados en total 8,572 clientes, equivalentes a 34,288 usuarios.<\/span><\/p>\n<p><span class=\"text1noticias\"> <\/span><\/p>\n<p><span class=\"text1noticias\">En el transcurso del a\u00f1o pasado m\u00e1s de 237,000 usuarios del servicio de electricidad pasaron a disfrutar de circuitos privilegiados en el \u00e1rea de concesi\u00f3n de Edesur Dominicana.<\/span><\/p>\n<p><span class=\"text1noticias\"> <\/span><\/p>\n<p><span class=\"text1noticias\">El ingeniero Mont\u00e1s dijo que de esa manera se contribuy\u00f3 con la mejor\u00eda de las condiciones de vida y de la seguridad p\u00fablica de los ciudadanos.<\/span><\/p>\n<\/p>\n<p><span class=\"text1noticias\">En el acto inaugural, realizado en los frentes de iglesia Cristo es Primero, tambi\u00e9n hablaron el ingeniero \u00c9merson Eusebio, director de Gesti\u00f3n Comercial y Ram\u00f3n Padilla, presidente del Comit\u00e9 Pro-Desarrollo de la comunidad. El pastor Luis Garc\u00eda dijo las palabras de bendici\u00f3n de la obra.<\/span><\/p>\n<\/p>\n<p><span class=\"text1noticias\">En la mesa directiva estuvieron, adem\u00e1s de Mont\u00e1s, Eusebio y Padilla, el gerente de Gesti\u00f3n Social, Juan Luis Moreta; y el director de Distribuci\u00f3n, An\u00edbal Ubr\u00ed.<\/span><\/p>\n<p><span class=\"text1noticias\"> <\/span><\/p>\n<p><span class=\"text1noticias\">Tambi\u00e9n, Rodolfo Ferm\u00edn, director de Planificaci\u00f3n y Control de Procesos; y el general Ej\u00e9rcito de la Rep\u00fablica Dominicana,  Carlos Robles Diaz, director de Seguridad.<\/span><\/p>\n<p><span class=\"text1noticias\"> <\/span><\/p>\n<p><span class=\"text1noticias\">Padilla hizo un recuento del proceso de luchas desarrolladas por las distintas denominaciones de las iglesias de la zona, las cuales se  remontan a alrededor de 25 a\u00f1os.<\/span><\/p>\n<p><span class=\"text1noticias\"> <\/span><\/p>\n<p><span class=\"text1noticias\">\u00abHoy disfrutamos del servicio de electricidad permanente gracias a los esfuerzos y aportes del ingeniero Rub\u00e9n Mont\u00e1s\u00bb, dijo el dirigente comunitario<\/span>.<\/p>\n<\/p>\n<h6> 2016-02-24 14:25:27 <\/h6>\n<p><!--\n<link rel=\"stylesheet\" href=\"css\/bootstrap.min.css\">\n\n\n<ul class=\"pagination\">\n\t    \n\t\n\n<li >\n\t<a href='?page_no=13609'>Previous<\/a>\n\t<\/li>\n\n\n       \n    \n\n<li><a href='?page_no=1'>1<\/a><\/li>\n\n\n\n<li><a href='?page_no=2'>2<\/a><\/li>\n\n\n\n<li><a>...<\/a><\/li>\n\n\n\n<li><a href='?page_no=13608'>13608<\/a><\/li>\n\n\n\n<li><a href='?page_no=13609'>13609<\/a><\/li>\n\n\n\n<li class='active'><a>13610<\/a><\/li>\n\n\n\n<li><a href='?page_no=13611'>13611<\/a><\/li>\n\n\n\n<li><a href='?page_no=13612'>13612<\/a><\/li>\n\n\n\n<li><a>...<\/a><\/li>\n\n\n\n<li><a href='?page_no=56169'>56169<\/a><\/li>\n\n\n\n<li><a href='?page_no=56170'>56170<\/a><\/li>\n\n    \n\t\n\n<li >\n\t<a href='?page_no=13611'>Next<\/a>\n\t<\/li>\n\n\n    \n\n<li><a href='?page_no=56170'>Last &rsaquo;&rsaquo;<\/a><\/li>\n\n<\/ul>\n\n\n--><br \/>\n<\/body><\/p>\n","protected":false},"excerpt":{"rendered":"<p>Santo Domingo, RD, 24 de Febrero.-El ingeniero Rub\u00e9n Mont\u00e1s, administrador gerente general de Edesur, inaugur\u00f3 un proyecto de rehabilitaci\u00f3n de redes e instalaci\u00f3n del Programa 24 Horas de electricidad en la comunidad de Bayona, en el municipio Santo Domingo Oeste. El ingeniero Mont\u00e1s dijo que el servicio de energ\u00eda es un derecho que a ustedes [&hellip;]<\/p>\n","protected":false},"author":3,"featured_media":0,"comment_status":"open","ping_status":"open","sticky":false,"template":"","format":"standard","meta":{"footnotes":""},"categories":[20],"tags":[],"class_list":["post-219272","post","type-post","status-publish","format-standard","hentry","category-dominicana-hoy"],"_links":{"self":[{"href":"https:\/\/diariodominicano.com\/index.php?rest_route=\/wp\/v2\/posts\/219272","targetHints":{"allow":["GET"]}}],"collection":[{"href":"https:\/\/diariodominicano.com\/index.php?rest_route=\/wp\/v2\/posts"}],"about":[{"href":"https:\/\/diariodominicano.com\/index.php?rest_route=\/wp\/v2\/types\/post"}],"author":[{"embeddable":true,"href":"https:\/\/diariodominicano.com\/index.php?rest_route=\/wp\/v2\/users\/3"}],"replies":[{"embeddable":true,"href":"https:\/\/diariodominicano.com\/index.php?rest_route=%2Fwp%2Fv2%2Fcomments&post=219272"}],"version-history":[{"count":0,"href":"https:\/\/diariodominicano.com\/index.php?rest_route=\/wp\/v2\/posts\/219272\/revisions"}],"wp:attachment":[{"href":"https:\/\/diariodominicano.com\/index.php?rest_route=%2Fwp%2Fv2%2Fmedia&parent=219272"}],"wp:term":[{"taxonomy":"category","embeddable":true,"href":"https:\/\/diariodominicano.com\/index.php?rest_route=%2Fwp%2Fv2%2Fcategories&post=219272"},{"taxonomy":"post_tag","embeddable":true,"href":"https:\/\/diariodominicano.com\/index.php?rest_route=%2Fwp%2Fv2%2Ftags&post=219272"}],"curies":[{"name":"wp","href":"https:\/\/api.w.org\/{rel}","templated":true}]}}