{"id":219269,"date":"2016-02-24T16:34:06","date_gmt":"2016-02-24T16:34:06","guid":{"rendered":"http:\/\/diariodominicano.ddns.net\/?p=219269"},"modified":"2016-02-24T16:34:06","modified_gmt":"2016-02-24T16:34:06","slug":"vicepresidenta-entrega-en-azua-centro-de-capacitacion-numero-41","status":"publish","type":"post","link":"https:\/\/diariodominicano.com\/?p=219269","title":{"rendered":"Vicepresidenta entrega en Azua centro de capacitaci\u00f3n n\u00famero 41"},"content":{"rendered":"<p><body><\/p>\n<p><img decoding=\"async\" src=\"img3\/Margaritaazua.jpg\" \/>  <\/p>\n<p><span class=\"text1noticias\">AZUA, RD, 24 de febrero de 2016.-Los integrantes de los dos mil 774 hogares del sector La Bombita de este municipio podr\u00e1n capacitarse en una carrera t\u00e9cnica para crearse oportunidades y aumentar sus ingresos, con la entrega por parte de la vicepresidenta de la Rep\u00fablica, doctora Margarita Cede\u00f1o, del Centro de Capacitaci\u00f3n y Producci\u00f3n Progresando (CCPP) construido aqu\u00ed.<\/span><\/p>\n<p><span class=\"text1noticias\"> <\/span><\/p>\n<p><span class=\"text1noticias\">El centro es el segundo que instala la Vicepresidenta en esta provincia y el n\u00famero 41 en todo el pa\u00eds. Dispone de talleres de costura, belleza, reposter\u00eda y cocina, aulas para impartir teor\u00eda, ingl\u00e9s por inmersi\u00f3n, laboratorio de inform\u00e1tica, sal\u00f3n m\u00faltiple y Espacio de Esperanza, que es una estancia para dar atenci\u00f3n integral a los hijos e hijas de cero a cinco a\u00f1os.<\/span><\/p>\n<p><span class=\"text1noticias\"> <\/span><\/p>\n<p><span class=\"text1noticias\">La directora del programa Progresando con Solidaridad (Prosoli), Altagracia Suriel, dijo que la estrategia principal de la vicepresidenta Margarita Cede\u00f1o es dotar de educaci\u00f3n y formaci\u00f3n humana a las familias en situaci\u00f3n de pobreza a trav\u00e9s de la iniciativa social que dirige, la cual beneficia a 803 mil familias a nivel nacional.<\/span><\/p>\n<p><span class=\"text1noticias\"> <\/span><\/p>\n<p><span class=\"text1noticias\">Inform\u00f3 que desde el a\u00f1o 2013 la Vicepresidencia de la Rep\u00fablica, a trav\u00e9s de Prosoli, ha capacitado a unas 12 mil 703 personas en distintas carreras en este municipio, dentro de la estrategia del Gobierno para promover la creaci\u00f3n de oportunidades, aumentar  los ingresos familiares e impulsar la salida de la pobreza de las familias intervenidas por esa iniciativa.<\/span><\/p>\n<p><span class=\"text1noticias\"> <\/span><\/p>\n<p><span class=\"text1noticias\">\u00abLa apuesta educativa de la Vicepresidenta se hace desde todas sus intervenciones. En La Bombita de Azua tenemos  dos mil 774 familias que se est\u00e1n convirtiendo en protagonistas de su propio desarrollo cumpliendo compromisos y corresponsabilidades con la identificaci\u00f3n, salud integral, educaci\u00f3n, formaci\u00f3n humana y conciencia ciudadana, seguridad alimentaria y generaci\u00f3n de ingresos, habitabilidad y protecci\u00f3n del medio ambiente, y acceso a las tecnolog\u00edas de la informaci\u00f3n y la comunicaci\u00f3n\u00bb, sostuvo.<\/span><\/p>\n<\/p>\n<p><span class=\"text1noticias\">Se\u00f1al\u00f3 que el pasado a\u00f1o se planificaron unas 437 acciones formativas de acuerdo a la demanda de la zona, entre ellas cursos de belleza, contabilidad, hoteler\u00eda y turismo, invernadero, hortalizas, cultivador de aguacate, reposter\u00eda, cocina, inform\u00e1tica, procesamiento de vegetales, l\u00e1cteos, entre otros.<\/span><\/p>\n<\/p>\n<p><span class=\"text1noticias\">Indic\u00f3 que con dichas acciones, unas 158 personas han emprendido iniciativas para el establecimiento de microempresas.<\/span><\/p>\n<p><span class=\"text1noticias\">Calific\u00f3 el nuevo centro de capacitaci\u00f3n como un faro de luz  para el desarrollo de j\u00f3venes, mujeres, hombres y de todas las familias de la comunidad de La Bombita; el cual viene a agregarse a siete Centros Tecnol\u00f3gicos Comunitarios que funcionan en Pueblo Viejo, Padre las Casas, Las Yayas, Villarpando, Peralta, Guayabal y Sabana Yegua, como parte de las acciones de la vicepresidenta Margarita Cede\u00f1o en esta provincia, las que consider\u00f3 est\u00e1n creando esperanza para la juventud.<\/span><\/p>\n<p><span class=\"text1noticias\"> <\/span><\/p>\n<p><span class=\"text1noticias\">\u00abA las familias progresando les queremos exhortar a aprovechar este espacio y cuidarlo como un tesoro valioso de la comunidad porque es una puerta para el conocimiento y el aprendizaje, un tesoro incalculable que nadie les podr\u00e1 quitar porque ser\u00e1 parte intr\u00ednseca de ustedes y de \u00e9l depender\u00e1 su desarrollo y bienestar\u00bb, asegur\u00f3.<\/span><\/p>\n<p><span class=\"text1noticias\"> <\/span><\/p>\n<p><span class=\"text1noticias\">Dichos centros son una iniciativa de la Vicepresidenta  y coordinadora del Gabinete Social, doctora Margarita Cede\u00f1o, y han contribuido a la creaci\u00f3n de miles de empleos en todo el pa\u00eds, mediante la promoci\u00f3n del emprendimiento, la capacitaci\u00f3n y desarrollo de habilidades de las personas pertenecientes al Prosoli.<\/span><\/p>\n<p><span class=\"text1noticias\"> <\/span><\/p>\n<p><span class=\"text1noticias\">En el acto, la Vicemandataria fue reconocida por tres instituciones de aqu\u00ed. La Fundaci\u00f3n Azua por el Desarrollo la declar\u00f3 Embajadora de la Paz; el Grupo de Voluntariado de Prosoli Gregorio Luper\u00f3n, del sector Los Cartones de Azua, la galardon\u00f3 por su contribuci\u00f3n a la formaci\u00f3n de capital humano en la provincia; y la Asociaci\u00f3n Mar\u00eda Altagracia Ram\u00edrez, por el apoyo a las familias vulnerables de Azua y de todo el pa\u00eds.<\/span><\/p>\n<\/p>\n<p><span class=\"text1noticias\">Acompa\u00f1aron a la doctora Cede\u00f1o, el senador Rafael Calder\u00f3n; el gobernador provincial, Luis Vargas y la representante residente del PNUD en el pa\u00eds, Luciana Mermet. La bendici\u00f3n estuvo a cargo del padre Duv\u00e1n L\u00f3pez, p\u00e1rroco de la iglesia Buen Pastor, y las palabras de agradecimiento fueron pronunciadas por Altagracia Pujols, beneficiaria del programa Prosoli<\/span>.<\/p>\n<h6> 2016-02-24 16:34:06 <\/h6>\n<p><!--\n<link rel=\"stylesheet\" href=\"css\/bootstrap.min.css\">\n\n\n<ul class=\"pagination\">\n\t    \n\t\n\n<li >\n\t<a href='?page_no=13607'>Previous<\/a>\n\t<\/li>\n\n\n       \n    \n\n<li><a href='?page_no=1'>1<\/a><\/li>\n\n\n\n<li><a href='?page_no=2'>2<\/a><\/li>\n\n\n\n<li><a>...<\/a><\/li>\n\n\n\n<li><a href='?page_no=13606'>13606<\/a><\/li>\n\n\n\n<li><a href='?page_no=13607'>13607<\/a><\/li>\n\n\n\n<li class='active'><a>13608<\/a><\/li>\n\n\n\n<li><a href='?page_no=13609'>13609<\/a><\/li>\n\n\n\n<li><a href='?page_no=13610'>13610<\/a><\/li>\n\n\n\n<li><a>...<\/a><\/li>\n\n\n\n<li><a href='?page_no=56169'>56169<\/a><\/li>\n\n\n\n<li><a href='?page_no=56170'>56170<\/a><\/li>\n\n    \n\t\n\n<li >\n\t<a href='?page_no=13609'>Next<\/a>\n\t<\/li>\n\n\n    \n\n<li><a href='?page_no=56170'>Last &rsaquo;&rsaquo;<\/a><\/li>\n\n<\/ul>\n\n\n--><br \/>\n<\/body><\/p>\n","protected":false},"excerpt":{"rendered":"<p>AZUA, RD, 24 de febrero de 2016.-Los integrantes de los dos mil 774 hogares del sector La Bombita de este municipio podr\u00e1n capacitarse en una carrera t\u00e9cnica para crearse oportunidades y aumentar sus ingresos, con la entrega por parte de la vicepresidenta de la Rep\u00fablica, doctora Margarita Cede\u00f1o, del Centro de Capacitaci\u00f3n y Producci\u00f3n Progresando [&hellip;]<\/p>\n","protected":false},"author":3,"featured_media":0,"comment_status":"open","ping_status":"open","sticky":false,"template":"","format":"standard","meta":{"footnotes":""},"categories":[20],"tags":[],"class_list":["post-219269","post","type-post","status-publish","format-standard","hentry","category-dominicana-hoy"],"_links":{"self":[{"href":"https:\/\/diariodominicano.com\/index.php?rest_route=\/wp\/v2\/posts\/219269","targetHints":{"allow":["GET"]}}],"collection":[{"href":"https:\/\/diariodominicano.com\/index.php?rest_route=\/wp\/v2\/posts"}],"about":[{"href":"https:\/\/diariodominicano.com\/index.php?rest_route=\/wp\/v2\/types\/post"}],"author":[{"embeddable":true,"href":"https:\/\/diariodominicano.com\/index.php?rest_route=\/wp\/v2\/users\/3"}],"replies":[{"embeddable":true,"href":"https:\/\/diariodominicano.com\/index.php?rest_route=%2Fwp%2Fv2%2Fcomments&post=219269"}],"version-history":[{"count":0,"href":"https:\/\/diariodominicano.com\/index.php?rest_route=\/wp\/v2\/posts\/219269\/revisions"}],"wp:attachment":[{"href":"https:\/\/diariodominicano.com\/index.php?rest_route=%2Fwp%2Fv2%2Fmedia&parent=219269"}],"wp:term":[{"taxonomy":"category","embeddable":true,"href":"https:\/\/diariodominicano.com\/index.php?rest_route=%2Fwp%2Fv2%2Fcategories&post=219269"},{"taxonomy":"post_tag","embeddable":true,"href":"https:\/\/diariodominicano.com\/index.php?rest_route=%2Fwp%2Fv2%2Ftags&post=219269"}],"curies":[{"name":"wp","href":"https:\/\/api.w.org\/{rel}","templated":true}]}}