{"id":219268,"date":"2016-02-24T21:40:05","date_gmt":"2016-02-24T21:40:05","guid":{"rendered":"http:\/\/diariodominicano.ddns.net\/?p=219268"},"modified":"2016-02-24T21:40:05","modified_gmt":"2016-02-24T21:40:05","slug":"presidente-y-primera-dama-entregan-caid-san-juan","status":"publish","type":"post","link":"https:\/\/diariodominicano.com\/?p=219268","title":{"rendered":"Presidente y Primera Dama entregan CAID-San Juan"},"content":{"rendered":"<p><body><\/p>\n<p><img decoding=\"async\" src=\"img3\/Caidsanjuan_0.jpg\" \/><br \/><img decoding=\"async\" src=\"img3\/Caid_san_2.jpg\" \/><br \/><img decoding=\"async\" src=\"img3\/Caid_san_3.jpg\" \/>  <\/p>\n<p><span class=\"text1noticias\">San Juan, R. D., 24 de febrero.- El presidente Danilo Medina y la primera dama C\u00e1ndida Montilla de Medina, entregaron esta tarde aqu\u00ed el tercer Centro de Atenci\u00f3n Integral para la Discapacidad (CAID), en el marco de las pol\u00edticas de inclusi\u00f3n social que lleva a cabo su Gobierno.<\/span><\/p>\n<p><span class=\"text1noticias\"> <\/span><\/p>\n<p><span class=\"text1noticias\">El CAID-San Juan es el tercero de cinco Centros que el Despacho de la Primera Dama proyecta construir durante el Gobierno del presidente Danilo Medina.<\/span><\/p>\n<p><span class=\"text1noticias\"> <\/span><\/p>\n<p><span class=\"text1noticias\">CAID cambia vidas<\/span><\/p>\n<p><span class=\"text1noticias\"> <\/span><\/p>\n<p><span class=\"text1noticias\">Dos instalaciones de ese tipo operan con eficiencia en Santo Domingo Oeste y Santiago, cambiando las vidas de miles de ni\u00f1os y ni\u00f1as con habilidades especiales, as\u00ed como de sus familias, al brindarles la posibilidad de tratar sus condiciones particulares sin incertidumbres y sin el temor de interrumpir las terapias por la falta de recursos.<\/span><\/p>\n<p><span class=\"text1noticias\"> <\/span><\/p>\n<p><span class=\"text1noticias\">De igual modo, en el CAID-San Juan se brindar\u00e1 asistencia a ni\u00f1os y ni\u00f1as con s\u00edndrome de Down, trastornos del espectro autista y par\u00e1lisis cerebral, en edades de cero a diez a\u00f1os de edad.<\/span><\/p>\n<p><span class=\"text1noticias\"> <\/span><\/p>\n<p><span class=\"text1noticias\">Amor al pr\u00f3jimo y solidaridad<\/span><\/p>\n<p><span class=\"text1noticias\"> <\/span><\/p>\n<p><span class=\"text1noticias\">Adem\u00e1s, pondr\u00e1 al servicio de la gente de la regi\u00f3n Sur, 18 servicios, modernas instalaciones con tecnolog\u00eda de punta y sobre todo un personal capacitado y titulado nacional e internacionalmente, cuyos principales est\u00edmulos son el amor al pr\u00f3jimo y la solidaridad.<\/span><\/p>\n<p><span class=\"text1noticias\"> <\/span><\/p>\n<p><span class=\"text1noticias\">Al pronunciar el discurso central del acto, C\u00e1ndida Montilla de Medina, destac\u00f3 la importancia del CAID para la gente del Sur del pa\u00eds, pues datos de la Oficina Nacional de Estad\u00edsticas (ONE), estiman que en 2015 la poblaci\u00f3n entre cero y nueve a\u00f1os de edad en esta regi\u00f3n era de 150,949 infantes.<\/span><\/p>\n<p><span class=\"text1noticias\"> <\/span><\/p>\n<p><span class=\"text1noticias\">Detall\u00f3 que eso significa que unos 20,677 ni\u00f1os y ni\u00f1as sure\u00f1os necesitan asistencia especializada para tratar sus diferentes condiciones de discapacidad, para quienes el CAID ser\u00e1 una respuesta. <\/span><\/p>\n<p><span class=\"text1noticias\"> <\/span><\/p>\n<p><span class=\"text1noticias\">CAID jam\u00e1s ser\u00e1 un \u00abdesperdicio de recursos\u00bb<\/span><\/p>\n<p><span class=\"text1noticias\"> <\/span><\/p>\n<p><span class=\"text1noticias\">C\u00e1ndida Montilla de Medina proclam\u00f3, adem\u00e1s, que el CAID jam\u00e1s ser\u00e1 un desperdicio de recursos, porque representa el aporte que ofrece el Despacho de la Primera Dama al \u00e9xito de las pol\u00edticas p\u00fablicas de inclusi\u00f3n prometidas y cumplidas por el presidente Danilo Medina.<\/span><\/p>\n<p><span class=\"text1noticias\"> <\/span><\/p>\n<p><span class=\"text1noticias\">\u00abSolo los muy duros de coraz\u00f3n no se conmueven\u00bb<\/span><\/p>\n<p><span class=\"text1noticias\"> <\/span><\/p>\n<p><span class=\"text1noticias\">\u00abNada refleja m\u00e1s fielmente la imagen de Jes\u00fas que un ni\u00f1o que sufre. Solo los muy duros de coraz\u00f3n no se conmueven frente a estas criaturas que claman justicia para poder sonre\u00edr\u00bb, indic\u00f3.<\/span><\/p>\n<p><span class=\"text1noticias\"> <\/span><\/p>\n<p><span class=\"text1noticias\">En ese contexto, record\u00f3 que el jefe de Estado ha puesto gran empe\u00f1o en dignificar las condiciones de vida de la gente del Sur, para quienes construye obras de gran impacto social y democratiza las oportunidades.<\/span><\/p>\n<p><span class=\"text1noticias\"> <\/span><\/p>\n<p><span class=\"text1noticias\">Solidaridad taiwanesa<\/span><\/p>\n<p><span class=\"text1noticias\"> <\/span><\/p>\n<p><span class=\"text1noticias\">La Primera Dama tambi\u00e9n manifest\u00f3 su agradecimiento por el apoyo del Gobierno de la Rep\u00fablica China de Taiw\u00e1n, a cuyo presidente Ma Ying-jeou, envi\u00f3 saludos a trav\u00e9s del embajador de esa naci\u00f3n, Valentino Ji Zen Tang, quien acompa\u00f1\u00f3 a la pareja presidencial dominicana durante el acto.<\/span><\/p>\n<p><span class=\"text1noticias\"> <\/span><\/p>\n<p><span class=\"text1noticias\">Agradecimientos<\/span><\/p>\n<p><span class=\"text1noticias\"> <\/span><\/p>\n<p><span class=\"text1noticias\">De igual modo, expres\u00f3 su gratitud al presidente Danilo Medina, as\u00ed como a los sectores nacionales e internacionales que han colaborado para que esta obra de amor sea hoy una realidad.<\/span><\/p>\n<p><span class=\"text1noticias\"> <\/span><\/p>\n<p><span class=\"text1noticias\">\u00abEl amor mueve los CAID\u00bb<\/span><\/p>\n<p><span class=\"text1noticias\"> <\/span><\/p>\n<p><span class=\"text1noticias\">La esposa del presidente Danilo Medina afirm\u00f3 que \u00abcon este tercer CAID nos acercamos a la meta de cinco que nos propusimos construir en beneficio \u00fanica y exclusivamente de los ni\u00f1os y ni\u00f1as con habilidades diferentes, sin que haya mediado nunca otro inter\u00e9s que el de servirles a ellos y el pa\u00eds\u00bb.<\/span><\/p>\n<p><span class=\"text1noticias\"> <\/span><\/p>\n<p><span class=\"text1noticias\">Precis\u00f3 que el amor mueve a los CAID, que constituyen una obra que debe ser cuidada por todos, por la justicia, la inclusi\u00f3n, la igualdad y el pa\u00eds.<\/span><\/p>\n<p><span class=\"text1noticias\"> <\/span><\/p>\n<p><span class=\"text1noticias\">Recorren instalaciones<\/span><\/p>\n<p><span class=\"text1noticias\"> <\/span><\/p>\n<p><span class=\"text1noticias\">Luego del desvelamiento de la tarja por parte del presidente Danilo Medina y la primera dama C\u00e1ndida Montilla de Medina, as\u00ed como de dos presentaciones art\u00edsticas a cargo del Teatro Orquestal Dominicano, la pareja presidencial y dem\u00e1s autoridades presentes realizaron un recorrido por la nueva instalaci\u00f3n.<\/span><\/p>\n<p><span class=\"text1noticias\"> <\/span><\/p>\n<p><span class=\"text1noticias\">La inauguraci\u00f3n del CAID-San Juan reuni\u00f3, adem\u00e1s, a los ministros de la Presidencia, Gustavo Montalvo; de Defensa, M\u00e1ximo William Mu\u00f1oz Delgado; de Obras P\u00fablicas, Gonzalo Castillo; Relaciones Exteriores, Andr\u00e9s Navarro; de Salud P\u00fablica, Altagracia Guzm\u00e1n Marcelino; de Educaci\u00f3n, Carlos Amarante Baret; de Hacienda, Sim\u00f3n Lizardo; la vicepresidenta de la C\u00e1mara de Diputados, Luc\u00eda (Yomaira) Medina y el asistente especial del Presidente, Robert de la Cruz.<\/span><\/p>\n<p><span class=\"text1noticias\"> <\/span><\/p>\n<p><span class=\"text1noticias\">De igual modo, los ministros de Agricultura, \u00c1ngel Est\u00e9vez y de Trabajo, Maritza Hern\u00e1ndez; el administrador del Banco de Reservas, Enrique Ram\u00edrez; el contralor general de la Rep\u00fablica, Rafael Germos\u00e9n; el senador por San Juan, F\u00e9lix Bautista; el gobernador provincial, William D? Oleo; la alcaldesa por el municipio de San Juan de la Maguana, Hanoi S\u00e1nchez y el director del CAID-San Juan, Fausto Mart\u00ednez, entre otras personalidades.<\/span><\/p>\n<h6> 2016-02-24 21:40:05 <\/h6>\n<p><!--\n<link rel=\"stylesheet\" href=\"css\/bootstrap.min.css\">\n\n\n<ul class=\"pagination\">\n\t    \n\t\n\n<li >\n\t<a href='?page_no=13606'>Previous<\/a>\n\t<\/li>\n\n\n       \n    \n\n<li><a href='?page_no=1'>1<\/a><\/li>\n\n\n\n<li><a href='?page_no=2'>2<\/a><\/li>\n\n\n\n<li><a>...<\/a><\/li>\n\n\n\n<li><a href='?page_no=13605'>13605<\/a><\/li>\n\n\n\n<li><a href='?page_no=13606'>13606<\/a><\/li>\n\n\n\n<li class='active'><a>13607<\/a><\/li>\n\n\n\n<li><a href='?page_no=13608'>13608<\/a><\/li>\n\n\n\n<li><a href='?page_no=13609'>13609<\/a><\/li>\n\n\n\n<li><a>...<\/a><\/li>\n\n\n\n<li><a href='?page_no=56169'>56169<\/a><\/li>\n\n\n\n<li><a href='?page_no=56170'>56170<\/a><\/li>\n\n    \n\t\n\n<li >\n\t<a href='?page_no=13608'>Next<\/a>\n\t<\/li>\n\n\n    \n\n<li><a href='?page_no=56170'>Last &rsaquo;&rsaquo;<\/a><\/li>\n\n<\/ul>\n\n\n--><br \/>\n<\/body><\/p>\n","protected":false},"excerpt":{"rendered":"<p>San Juan, R. D., 24 de febrero.- El presidente Danilo Medina y la primera dama C\u00e1ndida Montilla de Medina, entregaron esta tarde aqu\u00ed el tercer Centro de Atenci\u00f3n Integral para la Discapacidad (CAID), en el marco de las pol\u00edticas de inclusi\u00f3n social que lleva a cabo su Gobierno. El CAID-San Juan es el tercero de [&hellip;]<\/p>\n","protected":false},"author":3,"featured_media":0,"comment_status":"open","ping_status":"open","sticky":false,"template":"","format":"standard","meta":{"footnotes":""},"categories":[20],"tags":[],"class_list":["post-219268","post","type-post","status-publish","format-standard","hentry","category-dominicana-hoy"],"_links":{"self":[{"href":"https:\/\/diariodominicano.com\/index.php?rest_route=\/wp\/v2\/posts\/219268","targetHints":{"allow":["GET"]}}],"collection":[{"href":"https:\/\/diariodominicano.com\/index.php?rest_route=\/wp\/v2\/posts"}],"about":[{"href":"https:\/\/diariodominicano.com\/index.php?rest_route=\/wp\/v2\/types\/post"}],"author":[{"embeddable":true,"href":"https:\/\/diariodominicano.com\/index.php?rest_route=\/wp\/v2\/users\/3"}],"replies":[{"embeddable":true,"href":"https:\/\/diariodominicano.com\/index.php?rest_route=%2Fwp%2Fv2%2Fcomments&post=219268"}],"version-history":[{"count":0,"href":"https:\/\/diariodominicano.com\/index.php?rest_route=\/wp\/v2\/posts\/219268\/revisions"}],"wp:attachment":[{"href":"https:\/\/diariodominicano.com\/index.php?rest_route=%2Fwp%2Fv2%2Fmedia&parent=219268"}],"wp:term":[{"taxonomy":"category","embeddable":true,"href":"https:\/\/diariodominicano.com\/index.php?rest_route=%2Fwp%2Fv2%2Fcategories&post=219268"},{"taxonomy":"post_tag","embeddable":true,"href":"https:\/\/diariodominicano.com\/index.php?rest_route=%2Fwp%2Fv2%2Ftags&post=219268"}],"curies":[{"name":"wp","href":"https:\/\/api.w.org\/{rel}","templated":true}]}}