{"id":219267,"date":"2016-02-24T22:03:49","date_gmt":"2016-02-24T22:03:49","guid":{"rendered":"http:\/\/diariodominicano.ddns.net\/?p=219267"},"modified":"2016-02-24T22:03:49","modified_gmt":"2016-02-24T22:03:49","slug":"obras-viales-electrificacion-y-riego-para-la-gente-de-san-juan","status":"publish","type":"post","link":"https:\/\/diariodominicano.com\/?p=219267","title":{"rendered":"Obras viales, electrificaci\u00f3n y riego para la gente de San Juan"},"content":{"rendered":"<p><body><\/p>\n<p><img decoding=\"async\" src=\"img3\/Carretera2c.jpg\" \/><br \/><img decoding=\"async\" src=\"img3\/carretera3.jpg\" \/><br \/><img decoding=\"async\" src=\"img3\/carrtera1.jpg\" \/>  <\/p>\n<p><span class=\"text1noticias\">Juan de Herrera, San Juan, 24 de febrero.- El presidente Danilo Medina inaugur\u00f3 un conjunto de obras viales, de electrificaci\u00f3n y de riego agr\u00edcola, que impactar\u00e1n positivamente el desarrollo de distintas comunidades de esta provincia del Sur del pa\u00eds.<\/span><\/p>\n<p><span class=\"text1noticias\"> <\/span><\/p>\n<p><span class=\"text1noticias\">El jefe de Estado, en medio del entusiasmo de los comunitarios de este municipio, entreg\u00f3 los tramos carreteros San Juan de la Maguana-Juan de Herrera y Juan de Herrera-Presa de Sabaneta, con una extensi\u00f3n de 22 kil\u00f3metros, reconstruidos por el ministerio de Obras P\u00fablicas.<\/span><\/p>\n<p><span class=\"text1noticias\"> <\/span><\/p>\n<p><span class=\"text1noticias\">M\u00e1s carreteras construidas<\/span><\/p>\n<p><span class=\"text1noticias\"> <\/span><\/p>\n<p><span class=\"text1noticias\">Asimismo, el Gobierno inaugur\u00f3 la reconstrucci\u00f3n de las carreteras Maguana Arriba- Los Olivares, de 1.4 kil\u00f3metros; Mart\u00ednez ? Los Jobos, de 5.91;<\/span><\/p>\n<p><span class=\"text1noticias\">Carpintero-Sabaneta, de 2.40; Hato Nuevo-El Higuerito, de 4.11; Las Maguanas, y Las Charcas-Mar\u00eda Nova, con una extensi\u00f3n de 2.73 kil\u00f3metros.<\/span><\/p>\n<p><span class=\"text1noticias\"> <\/span><\/p>\n<p><span class=\"text1noticias\">14 barrios asfaltados<\/span><\/p>\n<p><span class=\"text1noticias\"> <\/span><\/p>\n<p><span class=\"text1noticias\">Adicionalmente fueron entregados el asfaltado de 14 sectores y 25 avenidas y v\u00edas principales del municipio de San Juan de la Maguana, entre ellos Juan Pablo Pi\u00f1a, Santom\u00e9, Cepillo Sur, Sabana Alta, Villa Ofelia, Centro Norte, Hoyo Oscuro, C\u00f3rbano Norte y Sur, entre otros.<\/span><\/p>\n<p><span class=\"text1noticias\"> <\/span><\/p>\n<p><span class=\"text1noticias\">Devuelve la vida a la zona norte de San Juan<\/span><\/p>\n<p><span class=\"text1noticias\"> <\/span><\/p>\n<p><span class=\"text1noticias\">En sus palabras de agradecimiento Romelio Pinales, dirigente comunitario, refiri\u00f3 que con estas obras viales el Gobierno le devuelve la vida a las comunidades enclavadas en la zona norte de San Juan.<\/span><\/p>\n<p><span class=\"text1noticias\"> <\/span><\/p>\n<p><span class=\"text1noticias\">Indic\u00f3 que los transportistas de la regi\u00f3n se sienten satisfechos con las carreteras pues sus veh\u00edculos no sufrir\u00e1n da\u00f1os y los agricultores no perder\u00e1n sus cosechas, porque por fin podr\u00e1n sacar sus rubros a tiempo a los mercados.<\/span><\/p>\n<p><span class=\"text1noticias\"> <\/span><\/p>\n<p><span class=\"text1noticias\">Desarrollo socioecon\u00f3mico de la provincia<\/span><\/p>\n<p><span class=\"text1noticias\"> <\/span><\/p>\n<p><span class=\"text1noticias\">Al pronunciar el discurso central del acto, el ministro de Obras P\u00fablicas y Comunicaciones, Gonzalo Castillo Terrero, dijo que las infraestructuras constituyen un aporte fundamental para el desarrollo socioecon\u00f3mico de la provincia, pues contribuyen al bienestar y prosperidad de la gente.<\/span><\/p>\n<p><span class=\"text1noticias\"> <\/span><\/p>\n<p><span class=\"text1noticias\">Entre los beneficios que recibir\u00e1n los vecinos figuran reducci\u00f3n del tiempo en el recorrido, econom\u00eda de combustible, aumento de seguridad e impacto positivo en el medio ambiente.<\/span><\/p>\n<p><span class=\"text1noticias\"> <\/span><\/p>\n<p><span class=\"text1noticias\">Obras prometidas en Visitas Sorpresa<\/span><\/p>\n<p><span class=\"text1noticias\"> <\/span><\/p>\n<p><span class=\"text1noticias\">Desde el mismo acto, el presidente Danilo Medina entreg\u00f3 tres diques, cuatro canales de riego en Palomino y 19 proyectos de electrificaci\u00f3n, obras que beneficiar\u00e1n a residentes de unas 27 comunidades de esta provincia sure\u00f1a.<\/span><\/p>\n<p><span class=\"text1noticias\"> <\/span><\/p>\n<p><span class=\"text1noticias\">Al hablar en el acto, Demetrio Lluberes Vizca\u00edno, administrador de la Empresa de Generaci\u00f3n Hidroel\u00e9ctrica Dominicana (EGEHID), explic\u00f3 que los dos proyectos hidr\u00e1ulicos fueron prometidos por el jefe de Estado en Visitas Sorpresa a las comunidades El Batey, La Guama, El Corazal y El Pozo.<\/span><\/p>\n<p><span class=\"text1noticias\"> <\/span><\/p>\n<p><span class=\"text1noticias\">Signific\u00f3 que los tres diques solicitados por los regantes cubrir\u00e1n una extensi\u00f3n de cinco mil tareas, en beneficio de 6,942 personas; mientras que los cuatro canales de riego beneficiar\u00e1n a unas 10,500 personas de varias comunidades.<\/span><\/p>\n<p><span class=\"text1noticias\"> <\/span><\/p>\n<p><span class=\"text1noticias\">Proyectos de electrificaci\u00f3n<\/span><\/p>\n<p><span class=\"text1noticias\"> <\/span><\/p>\n<p><span class=\"text1noticias\">Igualmente, el Gobierno entreg\u00f3 proyectos de electrificaci\u00f3n, rehabilitaci\u00f3n y extensi\u00f3n de redes, as\u00ed como la construcci\u00f3n de una subestaci\u00f3n, obras que impactar\u00e1n las comunidades Los Montoncitos, El Jengibre, Los Fr\u00edos, Capul\u00edn, Sabana Grande, Balneario y Casilla, entre otras.<\/span><\/p>\n<p><span class=\"text1noticias\"> <\/span><\/p>\n<p><span class=\"text1noticias\">Otras infraestructuras<\/span><\/p>\n<p><span class=\"text1noticias\"> <\/span><\/p>\n<p><span class=\"text1noticias\">Asimismo, Lluberes Vizca\u00edno anunci\u00f3 que pr\u00f3ximamente y por disposici\u00f3n del presidente Danilo Medina, se iniciar\u00e1 la construcci\u00f3n del acueducto de Sabaneta y la presa de Dos Bocas, al igual que el asfaltado de las calles de Guanito.<\/span><\/p>\n<p><span class=\"text1noticias\"> <\/span><\/p>\n<p><span class=\"text1noticias\">El acto inaugural reuni\u00f3 a Gustavo Montalvo, ministro de la Presidencia; \u00c1ngel Est\u00e9vez, ministro de Agricultura; Sim\u00f3n Lizardo, ministro de Hacienda; William D? Oleo, gobernador; F\u00e9lix Bautista, senador; Rafael Germos\u00e9n, Contralor General y el asistente especial del presidente, Robert de la Cruz.<\/span><\/p>\n<p><span class=\"text1noticias\"> <\/span><\/p>\n<p><span class=\"text1noticias\">Otros presentes fueron Fausto De los Santos, alcalde Municipio Juan de Herrera; Enrique Ram\u00edrez, administrador de Banreservas; Ram\u00f3n De la Rosa, c\u00f3nsul general dominicano en Hait\u00ed, los diputados Luc\u00eda Medina S\u00e1nchez, Roberto P\u00e9rez Lebr\u00f3n, David Herrera D\u00edaz  y  dirigentes comunitarios, entre <\/span>otras personalidades.<\/p>\n<h6> 2016-02-24 22:03:49 <\/h6>\n<p><!--\n<link rel=\"stylesheet\" href=\"css\/bootstrap.min.css\">\n\n\n<ul class=\"pagination\">\n\t    \n\t\n\n<li >\n\t<a href='?page_no=13605'>Previous<\/a>\n\t<\/li>\n\n\n       \n    \n\n<li><a href='?page_no=1'>1<\/a><\/li>\n\n\n\n<li><a href='?page_no=2'>2<\/a><\/li>\n\n\n\n<li><a>...<\/a><\/li>\n\n\n\n<li><a href='?page_no=13604'>13604<\/a><\/li>\n\n\n\n<li><a href='?page_no=13605'>13605<\/a><\/li>\n\n\n\n<li class='active'><a>13606<\/a><\/li>\n\n\n\n<li><a href='?page_no=13607'>13607<\/a><\/li>\n\n\n\n<li><a href='?page_no=13608'>13608<\/a><\/li>\n\n\n\n<li><a>...<\/a><\/li>\n\n\n\n<li><a href='?page_no=56169'>56169<\/a><\/li>\n\n\n\n<li><a href='?page_no=56170'>56170<\/a><\/li>\n\n    \n\t\n\n<li >\n\t<a href='?page_no=13607'>Next<\/a>\n\t<\/li>\n\n\n    \n\n<li><a href='?page_no=56170'>Last &rsaquo;&rsaquo;<\/a><\/li>\n\n<\/ul>\n\n\n--><br \/>\n<\/body><\/p>\n","protected":false},"excerpt":{"rendered":"<p>Juan de Herrera, San Juan, 24 de febrero.- El presidente Danilo Medina inaugur\u00f3 un conjunto de obras viales, de electrificaci\u00f3n y de riego agr\u00edcola, que impactar\u00e1n positivamente el desarrollo de distintas comunidades de esta provincia del Sur del pa\u00eds. El jefe de Estado, en medio del entusiasmo de los comunitarios de este municipio, entreg\u00f3 los [&hellip;]<\/p>\n","protected":false},"author":3,"featured_media":0,"comment_status":"open","ping_status":"open","sticky":false,"template":"","format":"standard","meta":{"footnotes":""},"categories":[20],"tags":[],"class_list":["post-219267","post","type-post","status-publish","format-standard","hentry","category-dominicana-hoy"],"_links":{"self":[{"href":"https:\/\/diariodominicano.com\/index.php?rest_route=\/wp\/v2\/posts\/219267","targetHints":{"allow":["GET"]}}],"collection":[{"href":"https:\/\/diariodominicano.com\/index.php?rest_route=\/wp\/v2\/posts"}],"about":[{"href":"https:\/\/diariodominicano.com\/index.php?rest_route=\/wp\/v2\/types\/post"}],"author":[{"embeddable":true,"href":"https:\/\/diariodominicano.com\/index.php?rest_route=\/wp\/v2\/users\/3"}],"replies":[{"embeddable":true,"href":"https:\/\/diariodominicano.com\/index.php?rest_route=%2Fwp%2Fv2%2Fcomments&post=219267"}],"version-history":[{"count":0,"href":"https:\/\/diariodominicano.com\/index.php?rest_route=\/wp\/v2\/posts\/219267\/revisions"}],"wp:attachment":[{"href":"https:\/\/diariodominicano.com\/index.php?rest_route=%2Fwp%2Fv2%2Fmedia&parent=219267"}],"wp:term":[{"taxonomy":"category","embeddable":true,"href":"https:\/\/diariodominicano.com\/index.php?rest_route=%2Fwp%2Fv2%2Fcategories&post=219267"},{"taxonomy":"post_tag","embeddable":true,"href":"https:\/\/diariodominicano.com\/index.php?rest_route=%2Fwp%2Fv2%2Ftags&post=219267"}],"curies":[{"name":"wp","href":"https:\/\/api.w.org\/{rel}","templated":true}]}}