{"id":219266,"date":"2016-02-25T07:48:03","date_gmt":"2016-02-25T07:48:03","guid":{"rendered":"http:\/\/diariodominicano.ddns.net\/?p=219266"},"modified":"2016-02-25T07:48:03","modified_gmt":"2016-02-25T07:48:03","slug":"ligero-incremento-de-la-nubosidad-lluvias-debiles-y-dispersas-en-varias-regiones","status":"publish","type":"post","link":"https:\/\/diariodominicano.com\/?p=219266","title":{"rendered":"Ligero incremento de la nubosidad, lluvias debiles y dispersas en varias regiones"},"content":{"rendered":"<p><body><\/p>\n<p> LIGERO INCREMENTO DE LA NUBOSIDAD&#8230; LLUVIAS DEBILES Y DISPERSAS EN VARIAS REGIONES<\/p>\n<\/p>\n<p>El panorama meteorol\u00f3gico continuar\u00e1 con pocos cambios significativos sobre nuestro territorio, prevalecer\u00e1 un cielo mayormente con nubes dispersas y aumento gradual de la nubosidad en la tarde, a causa del viento de componente este\/sureste y los efectos locales que aportan la humedad, esper\u00e1ndose que al final de la tarde y la noche ocurran lluvias d\u00e9biles y dispersas hacia las provincias: Puerto Plata, Santiago Rodr\u00edguez, Santiago, Espaillat, Mar\u00eda Trinidad S\u00e1nchez, Monse\u00f1or Nouel, La Vega, Saman\u00e1, Hato Mayor, Monte Plata, San Juan y Barahona. <\/p>\n<\/p>\n<p>Temperaturas estar\u00e1n ligeramente calurosas en la tarde, debido al viento del este\/sureste y agradables en la madrugada en zonas de monta\u00f1as. <\/p>\n<\/p>\n<p>Para ma\u00f1ana viernes, se espera un leve incremento de la nubosidad,  por la aproximaci\u00f3n de una vaguada frontal, que estar\u00e1 acerc\u00e1ndose en horas de la noche hacia las regiones del noroeste, oeste y norte, donde se esperan que ocurran lluvias d\u00e9biles, siendo moderadas en ocasiones. <\/p>\n<\/p>\n<p>Distrito Nacional.                Nubes dispersas a medio nublado en la tarde.<\/p>\n<\/p>\n<p>Santo Domingo norte.        Incrementos nubosos al final de la tarde con lluvias ligeras de corta duraci\u00f3n.<\/p>\n<\/p>\n<p>Santo Domingo Oeste.        Nubes dispersas.<\/p>\n<\/p>\n<p>Santo Domingo Este.          Nubes dispersas a medio nublado en ocasiones. <\/p>\n<\/p>\n<p>El  Gran Santo Domingo.  La temperatura m\u00e1xima estar\u00e1 entre  29\u00baC y 31\u00baC  y la m\u00ednima entre 21\u00baC y 23\u00baC.   <\/p>\n<\/p>\n<p>Resumen. Lluvias d\u00e9biles y dispersas al final de la tarde y la noche. Temperaturas agradables en la madrugada. Viento de componente este\/sureste.<\/p>\n<\/p>\n<p>PRONOSTICO EXTENDIDO<\/p>\n<\/p>\n<p>Hoy.  Nubes dispersas con aumentos nubosos en la tarde con  lluvias d\u00e9biles y dispersas en la tarde sobre las regiones noreste, sureste  y la cordillera Central. <\/p>\n<\/p>\n<p>Viernes.  Leve incremento de la nubosidad al final de la tarde y la noche por el acercamiento de una vaguada frontal hacia las regiones noroeste, oeste y norte del pa\u00eds.  <\/p>\n<\/p>\n<p>Santo Domingo y sus municipios.  Nubes dispersas en la ma\u00f1ana, con aumentos nubosos en la noche y lluvias ligeras de corta duraci\u00f3n.<\/p>\n<\/p>\n<p>Distrito Nacional.  Nubes dispersas a medio nublado en ocasiones con lluvias ligeras de corta duraci\u00f3n en la noche. <\/p>\n<\/p>\n<p>S\u00e1bado.  Mayormente nublado con lluvias d\u00e9biles a moderadas en ocasiones, principalmente en las regiones  norte,  noreste, sureste y la cordillera.<\/p>\n<\/p>\n<p>Santo Domingo y sus municipios. Medio nublado con lluvias d\u00e9biles.  <\/p>\n<\/p>\n<p>Distrito Nacional.  Incrementos nubosos con lluvias d\u00e9biles.<\/p>\n<h6> 2016-02-25 07:48:03 <\/h6>\n<p><!--\n<link rel=\"stylesheet\" href=\"css\/bootstrap.min.css\">\n\n\n<ul class=\"pagination\">\n\t    \n\t\n\n<li >\n\t<a href='?page_no=13604'>Previous<\/a>\n\t<\/li>\n\n\n       \n    \n\n<li><a href='?page_no=1'>1<\/a><\/li>\n\n\n\n<li><a href='?page_no=2'>2<\/a><\/li>\n\n\n\n<li><a>...<\/a><\/li>\n\n\n\n<li><a href='?page_no=13603'>13603<\/a><\/li>\n\n\n\n<li><a href='?page_no=13604'>13604<\/a><\/li>\n\n\n\n<li class='active'><a>13605<\/a><\/li>\n\n\n\n<li><a href='?page_no=13606'>13606<\/a><\/li>\n\n\n\n<li><a href='?page_no=13607'>13607<\/a><\/li>\n\n\n\n<li><a>...<\/a><\/li>\n\n\n\n<li><a href='?page_no=56169'>56169<\/a><\/li>\n\n\n\n<li><a href='?page_no=56170'>56170<\/a><\/li>\n\n    \n\t\n\n<li >\n\t<a href='?page_no=13606'>Next<\/a>\n\t<\/li>\n\n\n    \n\n<li><a href='?page_no=56170'>Last &rsaquo;&rsaquo;<\/a><\/li>\n\n<\/ul>\n\n\n--><br \/>\n<\/body><\/p>\n","protected":false},"excerpt":{"rendered":"<p>LIGERO INCREMENTO DE LA NUBOSIDAD&#8230; LLUVIAS DEBILES Y DISPERSAS EN VARIAS REGIONES El panorama meteorol\u00f3gico continuar\u00e1 con pocos cambios significativos sobre nuestro territorio, prevalecer\u00e1 un cielo mayormente con nubes dispersas y aumento gradual de la nubosidad en la tarde, a causa del viento de componente este\/sureste y los efectos locales que aportan la humedad, esper\u00e1ndose [&hellip;]<\/p>\n","protected":false},"author":3,"featured_media":0,"comment_status":"open","ping_status":"open","sticky":false,"template":"","format":"standard","meta":{"footnotes":""},"categories":[20],"tags":[],"class_list":["post-219266","post","type-post","status-publish","format-standard","hentry","category-dominicana-hoy"],"_links":{"self":[{"href":"https:\/\/diariodominicano.com\/index.php?rest_route=\/wp\/v2\/posts\/219266","targetHints":{"allow":["GET"]}}],"collection":[{"href":"https:\/\/diariodominicano.com\/index.php?rest_route=\/wp\/v2\/posts"}],"about":[{"href":"https:\/\/diariodominicano.com\/index.php?rest_route=\/wp\/v2\/types\/post"}],"author":[{"embeddable":true,"href":"https:\/\/diariodominicano.com\/index.php?rest_route=\/wp\/v2\/users\/3"}],"replies":[{"embeddable":true,"href":"https:\/\/diariodominicano.com\/index.php?rest_route=%2Fwp%2Fv2%2Fcomments&post=219266"}],"version-history":[{"count":0,"href":"https:\/\/diariodominicano.com\/index.php?rest_route=\/wp\/v2\/posts\/219266\/revisions"}],"wp:attachment":[{"href":"https:\/\/diariodominicano.com\/index.php?rest_route=%2Fwp%2Fv2%2Fmedia&parent=219266"}],"wp:term":[{"taxonomy":"category","embeddable":true,"href":"https:\/\/diariodominicano.com\/index.php?rest_route=%2Fwp%2Fv2%2Fcategories&post=219266"},{"taxonomy":"post_tag","embeddable":true,"href":"https:\/\/diariodominicano.com\/index.php?rest_route=%2Fwp%2Fv2%2Ftags&post=219266"}],"curies":[{"name":"wp","href":"https:\/\/api.w.org\/{rel}","templated":true}]}}