{"id":219262,"date":"2016-02-25T11:28:17","date_gmt":"2016-02-25T11:28:17","guid":{"rendered":"http:\/\/diariodominicano.ddns.net\/?p=219262"},"modified":"2016-02-25T11:28:17","modified_gmt":"2016-02-25T11:28:17","slug":"congreso-nacional-se-prepara-para-acto-de-rendicion-de-cuentas-del-presidente-de-la-republica","status":"publish","type":"post","link":"https:\/\/diariodominicano.com\/?p=219262","title":{"rendered":"Congreso Nacional se prepara para acto de rendici\u00f3n de cuentas del presidente de la Rep\u00fablica  &#13;"},"content":{"rendered":"<p><body><\/p>\n<p><img decoding=\"async\" src=\"img3\/congre 3.jpg\" \/>  <\/p>\n<p>Santo Domingo RD 25 febrero.-  En el Congreso Nacional, se dan los \u00faltimos toques a los trabajos preparativos de los  actos conmemorativos del 172 aniversario de la Independencia Nacional a realizarse el pr\u00f3ximo s\u00e1bado 27 de febrero.<\/p>\n<\/p>\n<p>De igual modo, todo est\u00e1 preparado para recibir al  Presidente de la Rep\u00fablica, Licenciado Danilo Medina S\u00e1nchez, quien se dirigir\u00e1 a todo el pa\u00eds desde el augusto Sal\u00f3n de la Asamblea Nacional para rendir cuentas de su gesti\u00f3n correspondiente al a\u00f1o 2015.<\/p>\n<\/p>\n<p> Al acto solemne, que tambi\u00e9n dar\u00e1 apertura a la Primera Legislatura Ordinaria del a\u00f1o, aparte de senadores y diputados que conforman la Reuni\u00f3n Conjunta,  est\u00e1n invitados altos funcionarios del Gobierno, representantes del Cuerpo Diplom\u00e1tico, de Organismos Internacionales, as\u00ed como autoridades del Poder Judicial, Electoral, Eclesi\u00e1sticas e invitados especiales de la sociedad civil.<\/p>\n<\/p>\n<p>El Sal\u00f3n de la Asamblea Nacional tiene capacidad  para acoger a 600 personas, de las cuales 222 son legisladores; 190 diputados y 32 senadores.<\/p>\n<\/p>\n<p>59 medios de prensa estar\u00e1n dando cobertura a los actos solemnes a celebrarse este s\u00e1bado 27 de febrero  entre estos cinco medios de prensa internacional.<\/p>\n<\/p>\n<\/p>\n<h6> 2016-02-25 11:28:17 <\/h6>\n<p><!--\n<link rel=\"stylesheet\" href=\"css\/bootstrap.min.css\">\n\n\n<ul class=\"pagination\">\n\t    \n\t\n\n<li >\n\t<a href='?page_no=13600'>Previous<\/a>\n\t<\/li>\n\n\n       \n    \n\n<li><a href='?page_no=1'>1<\/a><\/li>\n\n\n\n<li><a href='?page_no=2'>2<\/a><\/li>\n\n\n\n<li><a>...<\/a><\/li>\n\n\n\n<li><a href='?page_no=13599'>13599<\/a><\/li>\n\n\n\n<li><a href='?page_no=13600'>13600<\/a><\/li>\n\n\n\n<li class='active'><a>13601<\/a><\/li>\n\n\n\n<li><a href='?page_no=13602'>13602<\/a><\/li>\n\n\n\n<li><a href='?page_no=13603'>13603<\/a><\/li>\n\n\n\n<li><a>...<\/a><\/li>\n\n\n\n<li><a href='?page_no=56169'>56169<\/a><\/li>\n\n\n\n<li><a href='?page_no=56170'>56170<\/a><\/li>\n\n    \n\t\n\n<li >\n\t<a href='?page_no=13602'>Next<\/a>\n\t<\/li>\n\n\n    \n\n<li><a href='?page_no=56170'>Last &rsaquo;&rsaquo;<\/a><\/li>\n\n<\/ul>\n\n\n--><br \/>\n<\/body><\/p>\n","protected":false},"excerpt":{"rendered":"<p>Santo Domingo RD 25 febrero.- En el Congreso Nacional, se dan los \u00faltimos toques a los trabajos preparativos de los actos conmemorativos del 172 aniversario de la Independencia Nacional a realizarse el pr\u00f3ximo s\u00e1bado 27 de febrero. De igual modo, todo est\u00e1 preparado para recibir al Presidente de la Rep\u00fablica, Licenciado Danilo Medina S\u00e1nchez, quien [&hellip;]<\/p>\n","protected":false},"author":3,"featured_media":0,"comment_status":"open","ping_status":"open","sticky":false,"template":"","format":"standard","meta":{"footnotes":""},"categories":[20],"tags":[],"class_list":["post-219262","post","type-post","status-publish","format-standard","hentry","category-dominicana-hoy"],"_links":{"self":[{"href":"https:\/\/diariodominicano.com\/index.php?rest_route=\/wp\/v2\/posts\/219262","targetHints":{"allow":["GET"]}}],"collection":[{"href":"https:\/\/diariodominicano.com\/index.php?rest_route=\/wp\/v2\/posts"}],"about":[{"href":"https:\/\/diariodominicano.com\/index.php?rest_route=\/wp\/v2\/types\/post"}],"author":[{"embeddable":true,"href":"https:\/\/diariodominicano.com\/index.php?rest_route=\/wp\/v2\/users\/3"}],"replies":[{"embeddable":true,"href":"https:\/\/diariodominicano.com\/index.php?rest_route=%2Fwp%2Fv2%2Fcomments&post=219262"}],"version-history":[{"count":0,"href":"https:\/\/diariodominicano.com\/index.php?rest_route=\/wp\/v2\/posts\/219262\/revisions"}],"wp:attachment":[{"href":"https:\/\/diariodominicano.com\/index.php?rest_route=%2Fwp%2Fv2%2Fmedia&parent=219262"}],"wp:term":[{"taxonomy":"category","embeddable":true,"href":"https:\/\/diariodominicano.com\/index.php?rest_route=%2Fwp%2Fv2%2Fcategories&post=219262"},{"taxonomy":"post_tag","embeddable":true,"href":"https:\/\/diariodominicano.com\/index.php?rest_route=%2Fwp%2Fv2%2Ftags&post=219262"}],"curies":[{"name":"wp","href":"https:\/\/api.w.org\/{rel}","templated":true}]}}