{"id":219258,"date":"2016-02-25T15:34:04","date_gmt":"2016-02-25T15:34:04","guid":{"rendered":"http:\/\/diariodominicano.ddns.net\/?p=219258"},"modified":"2016-02-25T15:34:04","modified_gmt":"2016-02-25T15:34:04","slug":"agradece-solidaridad-con-rd-ante-campana-internacional-de-descredito","status":"publish","type":"post","link":"https:\/\/diariodominicano.com\/?p=219258","title":{"rendered":"Agradece solidaridad con RD ante campa\u00f1a internacional de descr\u00e9dito"},"content":{"rendered":"<p><body><\/p>\n<p><img decoding=\"async\" src=\"img3\/rubendiazNAVARRO.jpg\" \/>  <\/p>\n<p><span class=\"text1noticias\">Santo Domingo, RD, 25 de Febrero.- El ministro de Relaciones Exteriores, arquitecto Andr\u00e9s Navarro, se reuni\u00f3 con una nutrida delegaci\u00f3n de l\u00edderes religiosos pertenecientes a la Organizaci\u00f3n de Ministros Cristianos de la ciudad de New York, Estados Unidos, encabezados por el senador estatal y reverendo puertorrique\u00f1o Rub\u00e9n D\u00edaz, a quienes agradeci\u00f3 la gran muestra de solidaridad con la Rep\u00fablica Dominicana durante los momentos en que era azotada por una injusta campa\u00f1a internacional de descr\u00e9dito.<\/span><\/p>\n<\/p>\n<p><span class=\"text1noticias\">En el encuentro, celebrado en la sede de la Canciller\u00eda, Navarro manifest\u00f3 su complacencia por la distinguida visita, al tiempo que, en nombre del pueblo dominicano y del presidente Danilo Medina, agradeci\u00f3 a la comunidad cristiana newyorkina por la gran muestra de apoyo que tuvieron con la Rep\u00fablica Dominicana durante los momentos en que era azotada por una injusta campa\u00f1a internacional de descr\u00e9dito.<\/span><\/p>\n<\/p>\n<p><span class=\"text1noticias\">\u00abEn esos dif\u00edciles momentos en que los dominicanos s\u00f3lo recib\u00edamos injustos y despiadados ataques, nosotros no podemos olvidar la invaluable y muy oportuna muestra de confianza que pusieron ustedes los l\u00edderes religiosos en las autoridades de la Rep\u00fablica Dominicana\u00bb, precis\u00f3 Navarro.<\/span><\/p>\n<\/p>\n<p><span class=\"text1noticias\">El funcionario resalt\u00f3 que desde su llegada al frente de la canciller\u00eda en septiembre de 2014 y hasta todo el a\u00f1o2015, \u00abpasamos momentos de grandes incertidumbres mientras llev\u00e1bamos la verdad de la Rep\u00fablica Dominicana sobre el proceso de regularizaci\u00f3n de extranjeros, con alto sentido de respeto a los derechos humanos, puesto en marcha por iniciativa del presidente Medina\u00bb.<\/span><\/p>\n<\/p>\n<p><span class=\"text1noticias\">Por su lado, el reverendo D\u00edaz agradeci\u00f3 al canciller Navarro, en nombre de la delegaci\u00f3n religiosa, \u00abpor habernos recibido con tanta cordialidad, un grupo de l\u00edderes y de personas nobles, servidores de Dios y de sus respectivas comunidades en la ciudad de Nueva York\u00bb.<\/span><\/p>\n<\/p>\n<p><span class=\"text1noticias\">El l\u00edder religioso valor\u00f3 los esfuerzos realizados por el gobierno dominicano en despejar las dudas y los pareceres negativos que se manifestaron contra la Rep\u00fablica Dominicana, \u00abdejando hoy un ambiente de quietud y mutuo acuerdo en toda la comunidad hispana radicada en los Estados Unidos\u00bb.<\/span><\/p>\n<\/p>\n<p><span class=\"text1noticias\">El Canciller Navarro aprovech\u00f3 la visita para exponer a los l\u00edderes cristianos los planes del Presidente Danilo Medina a favor de la di\u00e1spora dominicana, a trav\u00e9s del Instituto de los Dominicanos en el Exterior (INDEX). En ese sentido acordaron coordinar acciones con la oficina del INDEX que estar\u00e1 operando en New York.<\/span><\/p>\n<\/p>\n<p><span class=\"text1noticias\">El encuentro fue coordinado por el pastor Elvis Medina, enlace del Poder Ejecutivo con la Comunidad Cristiana, con la asistencia, adem\u00e1s, de los reverendos Nicol\u00e1s Angustia,  David Infante, Erick Salgado, SamarisGross, Salvador Sabino, Lourdes Minaya, Luis Rodr\u00edguez, William Medrano, C\u00e9sar P\u00e9rez y Jos\u00e9 Mart\u00ednez.<\/span><\/p>\n<\/p>\n<p><span class=\"text1noticias\">Asimismo, los reverendos V\u00edctor Tiburcio, Pura Salom\u00f3n, Felicia S\u00e1nchez Pimentel, Jos\u00e9 Luis Zapata, H\u00e9ctor A. Chiesa,  Martha Chamorro, Julio Wally y Bertha Almonte.<\/span><\/p>\n<\/p>\n<p><span class=\"text1noticias\">El canciller Navarro estuvo acompa\u00f1adode Francisco C\u00e1ceres, director de \u00c9tica y Transparencia; Radham\u00e9s Rodr\u00edguez, director Administrativo, y Miguel Medina, director de Comunicaciones del MIREX<\/span>.<\/p>\n<\/p>\n<h6> 2016-02-25 15:34:04 <\/h6>\n<p><!--\n<link rel=\"stylesheet\" href=\"css\/bootstrap.min.css\">\n\n\n<ul class=\"pagination\">\n\t    \n\t\n\n<li >\n\t<a href='?page_no=13598'>Previous<\/a>\n\t<\/li>\n\n\n       \n    \n\n<li><a href='?page_no=1'>1<\/a><\/li>\n\n\n\n<li><a href='?page_no=2'>2<\/a><\/li>\n\n\n\n<li><a>...<\/a><\/li>\n\n\n\n<li><a href='?page_no=13597'>13597<\/a><\/li>\n\n\n\n<li><a href='?page_no=13598'>13598<\/a><\/li>\n\n\n\n<li class='active'><a>13599<\/a><\/li>\n\n\n\n<li><a href='?page_no=13600'>13600<\/a><\/li>\n\n\n\n<li><a href='?page_no=13601'>13601<\/a><\/li>\n\n\n\n<li><a>...<\/a><\/li>\n\n\n\n<li><a href='?page_no=56169'>56169<\/a><\/li>\n\n\n\n<li><a href='?page_no=56170'>56170<\/a><\/li>\n\n    \n\t\n\n<li >\n\t<a href='?page_no=13600'>Next<\/a>\n\t<\/li>\n\n\n    \n\n<li><a href='?page_no=56170'>Last &rsaquo;&rsaquo;<\/a><\/li>\n\n<\/ul>\n\n\n--><br \/>\n<\/body><\/p>\n","protected":false},"excerpt":{"rendered":"<p>Santo Domingo, RD, 25 de Febrero.- El ministro de Relaciones Exteriores, arquitecto Andr\u00e9s Navarro, se reuni\u00f3 con una nutrida delegaci\u00f3n de l\u00edderes religiosos pertenecientes a la Organizaci\u00f3n de Ministros Cristianos de la ciudad de New York, Estados Unidos, encabezados por el senador estatal y reverendo puertorrique\u00f1o Rub\u00e9n D\u00edaz, a quienes agradeci\u00f3 la gran muestra de [&hellip;]<\/p>\n","protected":false},"author":3,"featured_media":0,"comment_status":"open","ping_status":"open","sticky":false,"template":"","format":"standard","meta":{"footnotes":""},"categories":[20],"tags":[],"class_list":["post-219258","post","type-post","status-publish","format-standard","hentry","category-dominicana-hoy"],"_links":{"self":[{"href":"https:\/\/diariodominicano.com\/index.php?rest_route=\/wp\/v2\/posts\/219258","targetHints":{"allow":["GET"]}}],"collection":[{"href":"https:\/\/diariodominicano.com\/index.php?rest_route=\/wp\/v2\/posts"}],"about":[{"href":"https:\/\/diariodominicano.com\/index.php?rest_route=\/wp\/v2\/types\/post"}],"author":[{"embeddable":true,"href":"https:\/\/diariodominicano.com\/index.php?rest_route=\/wp\/v2\/users\/3"}],"replies":[{"embeddable":true,"href":"https:\/\/diariodominicano.com\/index.php?rest_route=%2Fwp%2Fv2%2Fcomments&post=219258"}],"version-history":[{"count":0,"href":"https:\/\/diariodominicano.com\/index.php?rest_route=\/wp\/v2\/posts\/219258\/revisions"}],"wp:attachment":[{"href":"https:\/\/diariodominicano.com\/index.php?rest_route=%2Fwp%2Fv2%2Fmedia&parent=219258"}],"wp:term":[{"taxonomy":"category","embeddable":true,"href":"https:\/\/diariodominicano.com\/index.php?rest_route=%2Fwp%2Fv2%2Fcategories&post=219258"},{"taxonomy":"post_tag","embeddable":true,"href":"https:\/\/diariodominicano.com\/index.php?rest_route=%2Fwp%2Fv2%2Ftags&post=219258"}],"curies":[{"name":"wp","href":"https:\/\/api.w.org\/{rel}","templated":true}]}}