{"id":219257,"date":"2016-02-25T16:01:46","date_gmt":"2016-02-25T16:01:46","guid":{"rendered":"http:\/\/diariodominicano.ddns.net\/?p=219257"},"modified":"2016-02-25T16:01:46","modified_gmt":"2016-02-25T16:01:46","slug":"coordinan-acciones-para-el-rescate-del-rio-yaque-del-norte","status":"publish","type":"post","link":"https:\/\/diariodominicano.com\/?p=219257","title":{"rendered":"Coordinan acciones para el rescate del r\u00edo Yaque del Norte"},"content":{"rendered":"<p><body><\/p>\n<p><img decoding=\"async\" src=\"img3\/mesayaque.jpg\" \/>  <\/p>\n<p><strong><span class=\"text1noticias\">Santo Domingo, RD, 25 de Febrero.<\/span><\/strong><span class=\"text1noticias\">-La Mesa Nacional de Desarrollo Local, en su segunda reuni\u00f3n del a\u00f1o, plante\u00f3 una serie de acciones para el rescate, preservaci\u00f3n y desarrollo sostenible de la cuenca del r\u00edo Yaque del Norte.<\/span><\/p>\n<\/p>\n<p><span class=\"text1noticias\">En esta ocasi\u00f3n el encuentro entre entidades del gobierno central cont\u00f3 con la participaci\u00f3n de Rafael Emilio Yun\u00e9n, ge\u00f3logo y consultor en planificaci\u00f3n de proyectos y miembro de la Comisi\u00f3n de Coordinaci\u00f3n de Iniciativas y Proyectos Presidenciales en Santiago (COCIPS).<\/span><\/p>\n<\/p>\n<p><span class=\"text1noticias\">Durante el encuentro el especialista explic\u00f3 la importancia de ejecutar acciones coordinadas a trav\u00e9s de una alianza entre entidades de los sectores p\u00fablico, privado y comunitario como respuesta para afrontar los retos que implica el desarrollo local de la provincia Santiago. <\/span><\/p>\n<\/p>\n<p><span class=\"text1noticias\">Las entidades que conforman la Mesa Nacional para el Desarrollo Local, en la que participa la Direcci\u00f3n General de Programas Especiales de la Presidencia (DIGEPEP), coordina con entidades p\u00fablicas y privadas de la provincia Santiago y de la Regi\u00f3n del Cibao, trabajos para el mejoramiento de la vivienda, seguridad ciudadana, programas de formaci\u00f3n y empleo as\u00ed como acciones para el  saneamiento ambiental en la cuenca del r\u00edo Yaque del Norte para la preservaci\u00f3n del afluente y para mejorar la calidad  de vida de la poblaci\u00f3n del entorno<\/span>. <\/p>\n<\/p>\n<\/p>\n<h6> 2016-02-25 16:01:46 <\/h6>\n<p><!--\n<link rel=\"stylesheet\" href=\"css\/bootstrap.min.css\">\n\n\n<ul class=\"pagination\">\n\t    \n\t\n\n<li >\n\t<a href='?page_no=13597'>Previous<\/a>\n\t<\/li>\n\n\n       \n    \n\n<li><a href='?page_no=1'>1<\/a><\/li>\n\n\n\n<li><a href='?page_no=2'>2<\/a><\/li>\n\n\n\n<li><a>...<\/a><\/li>\n\n\n\n<li><a href='?page_no=13596'>13596<\/a><\/li>\n\n\n\n<li><a href='?page_no=13597'>13597<\/a><\/li>\n\n\n\n<li class='active'><a>13598<\/a><\/li>\n\n\n\n<li><a href='?page_no=13599'>13599<\/a><\/li>\n\n\n\n<li><a href='?page_no=13600'>13600<\/a><\/li>\n\n\n\n<li><a>...<\/a><\/li>\n\n\n\n<li><a href='?page_no=56169'>56169<\/a><\/li>\n\n\n\n<li><a href='?page_no=56170'>56170<\/a><\/li>\n\n    \n\t\n\n<li >\n\t<a href='?page_no=13599'>Next<\/a>\n\t<\/li>\n\n\n    \n\n<li><a href='?page_no=56170'>Last &rsaquo;&rsaquo;<\/a><\/li>\n\n<\/ul>\n\n\n--><br \/>\n<\/body><\/p>\n","protected":false},"excerpt":{"rendered":"<p>Santo Domingo, RD, 25 de Febrero.-La Mesa Nacional de Desarrollo Local, en su segunda reuni\u00f3n del a\u00f1o, plante\u00f3 una serie de acciones para el rescate, preservaci\u00f3n y desarrollo sostenible de la cuenca del r\u00edo Yaque del Norte. En esta ocasi\u00f3n el encuentro entre entidades del gobierno central cont\u00f3 con la participaci\u00f3n de Rafael Emilio Yun\u00e9n, [&hellip;]<\/p>\n","protected":false},"author":3,"featured_media":0,"comment_status":"open","ping_status":"open","sticky":false,"template":"","format":"standard","meta":{"footnotes":""},"categories":[20],"tags":[],"class_list":["post-219257","post","type-post","status-publish","format-standard","hentry","category-dominicana-hoy"],"_links":{"self":[{"href":"https:\/\/diariodominicano.com\/index.php?rest_route=\/wp\/v2\/posts\/219257","targetHints":{"allow":["GET"]}}],"collection":[{"href":"https:\/\/diariodominicano.com\/index.php?rest_route=\/wp\/v2\/posts"}],"about":[{"href":"https:\/\/diariodominicano.com\/index.php?rest_route=\/wp\/v2\/types\/post"}],"author":[{"embeddable":true,"href":"https:\/\/diariodominicano.com\/index.php?rest_route=\/wp\/v2\/users\/3"}],"replies":[{"embeddable":true,"href":"https:\/\/diariodominicano.com\/index.php?rest_route=%2Fwp%2Fv2%2Fcomments&post=219257"}],"version-history":[{"count":0,"href":"https:\/\/diariodominicano.com\/index.php?rest_route=\/wp\/v2\/posts\/219257\/revisions"}],"wp:attachment":[{"href":"https:\/\/diariodominicano.com\/index.php?rest_route=%2Fwp%2Fv2%2Fmedia&parent=219257"}],"wp:term":[{"taxonomy":"category","embeddable":true,"href":"https:\/\/diariodominicano.com\/index.php?rest_route=%2Fwp%2Fv2%2Fcategories&post=219257"},{"taxonomy":"post_tag","embeddable":true,"href":"https:\/\/diariodominicano.com\/index.php?rest_route=%2Fwp%2Fv2%2Ftags&post=219257"}],"curies":[{"name":"wp","href":"https:\/\/api.w.org\/{rel}","templated":true}]}}