{"id":219256,"date":"2016-02-26T07:55:55","date_gmt":"2016-02-26T07:55:55","guid":{"rendered":"http:\/\/diariodominicano.ddns.net\/?p=219256"},"modified":"2016-02-26T07:55:55","modified_gmt":"2016-02-26T07:55:55","slug":"lluvias-se-incrementaran-en-fin-de-semana","status":"publish","type":"post","link":"https:\/\/diariodominicano.com\/?p=219256","title":{"rendered":"Lluvias se incrementar\u00e1n en fin de semana"},"content":{"rendered":"<p><body><\/p>\n<p>Santo Domingo RD 26 febrero.- Sobre el Caribe Central se manifiesta un sistema de alta presi\u00f3n en los niveles medio que mantendr\u00e1 limitada la ocurrencias de lluvias en las mayor\u00eda de las provincias, sin embargo, el flujo de viento del este\/sureste ser\u00e1 el \u00fanico responsable de las formaciones nubosas y las lluvias de car\u00e1cter d\u00e9bil y aisladas que se presentar\u00e1n en algunas localidades del litoral costero del Caribe y el nordeste del pa\u00eds, sobre todo en horas de la tarde.<\/p>\n<\/p>\n<p>Al final de la tarde se prev\u00e9 un ligero incremento de la nubosidad por el noroeste debido a la cercan\u00eda de una vaguada pre-frontal. <\/p>\n<\/p>\n<p>Para este s\u00e1bado, el debilitamiento del sistema de alta presi\u00f3n en el Atl\u00e1ntico dar\u00e1 lugar a la llegada por el noroeste de la vaguada que antecede el sistema frontal, trayendo humedad e incrementando la nubosidad y la ocurrencia de lluvias que se ir\u00e1n incrementando de forma gradual a todas las provincias de la l\u00ednea noroeste y el norte del pa\u00eds.<\/p>\n<\/p>\n<p>El domingo estar\u00e1 incidiendo de forma directa el sistema frontal, manteniendo un cielo nublado y la ocurrencia de lluvias moderadas sobre la provincia de: Montecristi, Dajabon, Valverde, Santiago Rodr\u00edguez, as\u00ed como tambi\u00e9n, sobre los poblados ubicado sobre la llanura costera del Atl\u00e1ntico.<\/p>\n<\/p>\n<p>Distrito Nacional.                Despejado durante las horas matutinas con algunos incrementos nubosos en la tarde.<\/p>\n<\/p>\n<p>Santo Domingo norte.        Despejado durante las horas matutinas con algunos incrementos nubosos en la tarde.<\/p>\n<\/p>\n<p>Santo Domingo Oeste.        Despejado durante las horas matutinas con algunos incrementos nubosos en la tarde.<\/p>\n<\/p>\n<p>Santo Domingo Este.          Despejado durante las horas matutinas con algunos incrementos nubosos en la tarde.   <\/p>\n<\/p>\n<p>El  Gran Santo Domingo.  La temperatura m\u00e1xima estar\u00e1 entre  29\u00baC y 31\u00baC  y la m\u00ednima entre 21\u00baC y 23\u00baC.    <\/p>\n<\/p>\n<\/p>\n<p>Resumen.  Pocas lluvias para hoy, sin descartar algunos chubascos de corto tiempo hacia el este y el nordeste. Vaguada pre-frontal se acerca por el noroeste. Para este domingo el sistema frontal estar\u00e1 incidiendo sobre el pa\u00eds.<\/p>\n<\/p>\n<\/p>\n<p>PRONOSTICO EXTENDIDO<\/p>\n<\/p>\n<p>Hoy.   Poca nubosidad en gran parte del pa\u00eds y escasas lluvias durante las horas matutinas. Incrementos nubosos en la tarde por el norte y el noroeste por la llegada de la vaguada pre-frontal.<\/p>\n<\/p>\n<\/p>\n<p>S\u00e1bado.  Se pronostica la ocurrencia de lluvias d\u00e9biles en algunas provincias de las regiones norte, noroeste, la cordillera Central y la zona fronteriza debido al acercamiento de la vaguada pre-frontal.<\/p>\n<\/p>\n<p>Santo Domingo y sus municipios.  Nubes dispersas a medio nublado con lluvias  dispersas.<\/p>\n<\/p>\n<p>Distrito Nacional.  Nubes dispersas a medio nublado.<\/p>\n<\/p>\n<\/p>\n<p>Domingo.  Mayormente nublado con lluvias d\u00e9biles a moderadas en ocasiones, principalmente en las regiones  norte,  noreste, sureste y la cordillera Central, debido a la incidencia del sistema frontal.<\/p>\n<\/p>\n<p>Santo Domingo y sus municipios. Medio nublado con lluvias d\u00e9biles.  <\/p>\n<\/p>\n<p>Distrito Nacional.  Incrementos nubosos con lluvias d\u00e9biles.<\/p>\n<\/p>\n<\/p>\n<h6> 2016-02-26 07:55:55 <\/h6>\n<p><!--\n<link rel=\"stylesheet\" href=\"css\/bootstrap.min.css\">\n\n\n<ul class=\"pagination\">\n\t    \n\t\n\n<li >\n\t<a href='?page_no=13596'>Previous<\/a>\n\t<\/li>\n\n\n       \n    \n\n<li><a href='?page_no=1'>1<\/a><\/li>\n\n\n\n<li><a href='?page_no=2'>2<\/a><\/li>\n\n\n\n<li><a>...<\/a><\/li>\n\n\n\n<li><a href='?page_no=13595'>13595<\/a><\/li>\n\n\n\n<li><a href='?page_no=13596'>13596<\/a><\/li>\n\n\n\n<li class='active'><a>13597<\/a><\/li>\n\n\n\n<li><a href='?page_no=13598'>13598<\/a><\/li>\n\n\n\n<li><a href='?page_no=13599'>13599<\/a><\/li>\n\n\n\n<li><a>...<\/a><\/li>\n\n\n\n<li><a href='?page_no=56169'>56169<\/a><\/li>\n\n\n\n<li><a href='?page_no=56170'>56170<\/a><\/li>\n\n    \n\t\n\n<li >\n\t<a href='?page_no=13598'>Next<\/a>\n\t<\/li>\n\n\n    \n\n<li><a href='?page_no=56170'>Last &rsaquo;&rsaquo;<\/a><\/li>\n\n<\/ul>\n\n\n--><br \/>\n<\/body><\/p>\n","protected":false},"excerpt":{"rendered":"<p>Santo Domingo RD 26 febrero.- Sobre el Caribe Central se manifiesta un sistema de alta presi\u00f3n en los niveles medio que mantendr\u00e1 limitada la ocurrencias de lluvias en las mayor\u00eda de las provincias, sin embargo, el flujo de viento del este\/sureste ser\u00e1 el \u00fanico responsable de las formaciones nubosas y las lluvias de car\u00e1cter d\u00e9bil [&hellip;]<\/p>\n","protected":false},"author":3,"featured_media":0,"comment_status":"open","ping_status":"open","sticky":false,"template":"","format":"standard","meta":{"footnotes":""},"categories":[20],"tags":[],"class_list":["post-219256","post","type-post","status-publish","format-standard","hentry","category-dominicana-hoy"],"_links":{"self":[{"href":"https:\/\/diariodominicano.com\/index.php?rest_route=\/wp\/v2\/posts\/219256","targetHints":{"allow":["GET"]}}],"collection":[{"href":"https:\/\/diariodominicano.com\/index.php?rest_route=\/wp\/v2\/posts"}],"about":[{"href":"https:\/\/diariodominicano.com\/index.php?rest_route=\/wp\/v2\/types\/post"}],"author":[{"embeddable":true,"href":"https:\/\/diariodominicano.com\/index.php?rest_route=\/wp\/v2\/users\/3"}],"replies":[{"embeddable":true,"href":"https:\/\/diariodominicano.com\/index.php?rest_route=%2Fwp%2Fv2%2Fcomments&post=219256"}],"version-history":[{"count":0,"href":"https:\/\/diariodominicano.com\/index.php?rest_route=\/wp\/v2\/posts\/219256\/revisions"}],"wp:attachment":[{"href":"https:\/\/diariodominicano.com\/index.php?rest_route=%2Fwp%2Fv2%2Fmedia&parent=219256"}],"wp:term":[{"taxonomy":"category","embeddable":true,"href":"https:\/\/diariodominicano.com\/index.php?rest_route=%2Fwp%2Fv2%2Fcategories&post=219256"},{"taxonomy":"post_tag","embeddable":true,"href":"https:\/\/diariodominicano.com\/index.php?rest_route=%2Fwp%2Fv2%2Ftags&post=219256"}],"curies":[{"name":"wp","href":"https:\/\/api.w.org\/{rel}","templated":true}]}}