{"id":219255,"date":"2016-02-26T09:02:25","date_gmt":"2016-02-26T09:02:25","guid":{"rendered":"http:\/\/diariodominicano.ddns.net\/?p=219255"},"modified":"2016-02-26T09:02:25","modified_gmt":"2016-02-26T09:02:25","slug":"ministerio-de-obras-publicas-pondra-en-operacion-obras-en-el-dn","status":"publish","type":"post","link":"https:\/\/diariodominicano.com\/?p=219255","title":{"rendered":"Ministerio de Obras P\u00fablicas pondr\u00e1 en operaci\u00f3n obras en el DN"},"content":{"rendered":"<p><body><\/p>\n<p><img decoding=\"async\" src=\"img3\/charles 2.jpg\" \/>  <\/p>\n<p>Santo Domingo RD 26 febrero.- El Ministerio de Obras P\u00fablicas y Comunicaciones pondr\u00e1 en operaci\u00f3n hoy tres obras en el Distrito Nacional y el Gran Santo Domingo, como son el elevado de la Charles de Gaulle con carretera Mella; la reformulaci\u00f3n y rehabilitaci\u00f3n de la avenida N\u00fa\u00f1ez de C\u00e1ceres y el Expreso V Centenario.<\/p>\n<\/p>\n<p>A partir de las 10:00 de la ma\u00f1ana se dar\u00e1 formal apertura al elevado de la Charles de Gaulle, una hora despu\u00e9s habr\u00e1 una ceremonia similar en el Expreso V Centenario, y al mediod\u00eda en la N\u00fa\u00f1ez de C\u00e1ceres. El elevado ser\u00e1 abierto al tr\u00e1nsito aunque todav\u00eda no culminan las labores de expropiaci\u00f3n y construcci\u00f3n de marginales, inform\u00f3 Obras P\u00fablicas.<\/p>\n<\/p>\n<p>El elevado tiene una longitud de 390 metros, dos carriles de circulaci\u00f3n por sentido y un vano c\u00e9ntrico de 40 metros en vigas met\u00e1licas. \u00abEsto traer\u00e1 ahorro de combustibles, tiempo, costos operativos de los veh\u00edculos, impacto positivo para el medio ambiente, y ayuda a activar el comercio en esas \u00e1reas\u00bb, dijo el ministro Gonzalo Castillo.<\/p>\n<\/p>\n<p>En el V Centenario se realizaron trabajos de remozamiento en aceras, isletas, juntas de pasos a desnivel y construcci\u00f3n de dep\u00f3sitos de basura. En la N\u00fa\u00f1ez de C\u00e1ceres se mejor\u00f3 la capa asf\u00e1ltica y se construyeron retornos.<\/p>\n<\/p>\n<p>El ministro Gonzalo Castillo adelant\u00f3 que estas obras, que buscan mejorar el tr\u00e1nsito, ser\u00e1n inauguradas en las pr\u00f3ximas semanas por el presidente Danilo Medina.<\/p>\n<\/p>\n<h6> 2016-02-26 09:02:25 <\/h6>\n<p><!--\n<link rel=\"stylesheet\" href=\"css\/bootstrap.min.css\">\n\n\n<ul class=\"pagination\">\n\t    \n\t\n\n<li >\n\t<a href='?page_no=13595'>Previous<\/a>\n\t<\/li>\n\n\n       \n    \n\n<li><a href='?page_no=1'>1<\/a><\/li>\n\n\n\n<li><a href='?page_no=2'>2<\/a><\/li>\n\n\n\n<li><a>...<\/a><\/li>\n\n\n\n<li><a href='?page_no=13594'>13594<\/a><\/li>\n\n\n\n<li><a href='?page_no=13595'>13595<\/a><\/li>\n\n\n\n<li class='active'><a>13596<\/a><\/li>\n\n\n\n<li><a href='?page_no=13597'>13597<\/a><\/li>\n\n\n\n<li><a href='?page_no=13598'>13598<\/a><\/li>\n\n\n\n<li><a>...<\/a><\/li>\n\n\n\n<li><a href='?page_no=56169'>56169<\/a><\/li>\n\n\n\n<li><a href='?page_no=56170'>56170<\/a><\/li>\n\n    \n\t\n\n<li >\n\t<a href='?page_no=13597'>Next<\/a>\n\t<\/li>\n\n\n    \n\n<li><a href='?page_no=56170'>Last &rsaquo;&rsaquo;<\/a><\/li>\n\n<\/ul>\n\n\n--><br \/>\n<\/body><\/p>\n","protected":false},"excerpt":{"rendered":"<p>Santo Domingo RD 26 febrero.- El Ministerio de Obras P\u00fablicas y Comunicaciones pondr\u00e1 en operaci\u00f3n hoy tres obras en el Distrito Nacional y el Gran Santo Domingo, como son el elevado de la Charles de Gaulle con carretera Mella; la reformulaci\u00f3n y rehabilitaci\u00f3n de la avenida N\u00fa\u00f1ez de C\u00e1ceres y el Expreso V Centenario. A [&hellip;]<\/p>\n","protected":false},"author":3,"featured_media":0,"comment_status":"open","ping_status":"open","sticky":false,"template":"","format":"standard","meta":{"footnotes":""},"categories":[20],"tags":[],"class_list":["post-219255","post","type-post","status-publish","format-standard","hentry","category-dominicana-hoy"],"_links":{"self":[{"href":"https:\/\/diariodominicano.com\/index.php?rest_route=\/wp\/v2\/posts\/219255","targetHints":{"allow":["GET"]}}],"collection":[{"href":"https:\/\/diariodominicano.com\/index.php?rest_route=\/wp\/v2\/posts"}],"about":[{"href":"https:\/\/diariodominicano.com\/index.php?rest_route=\/wp\/v2\/types\/post"}],"author":[{"embeddable":true,"href":"https:\/\/diariodominicano.com\/index.php?rest_route=\/wp\/v2\/users\/3"}],"replies":[{"embeddable":true,"href":"https:\/\/diariodominicano.com\/index.php?rest_route=%2Fwp%2Fv2%2Fcomments&post=219255"}],"version-history":[{"count":0,"href":"https:\/\/diariodominicano.com\/index.php?rest_route=\/wp\/v2\/posts\/219255\/revisions"}],"wp:attachment":[{"href":"https:\/\/diariodominicano.com\/index.php?rest_route=%2Fwp%2Fv2%2Fmedia&parent=219255"}],"wp:term":[{"taxonomy":"category","embeddable":true,"href":"https:\/\/diariodominicano.com\/index.php?rest_route=%2Fwp%2Fv2%2Fcategories&post=219255"},{"taxonomy":"post_tag","embeddable":true,"href":"https:\/\/diariodominicano.com\/index.php?rest_route=%2Fwp%2Fv2%2Ftags&post=219255"}],"curies":[{"name":"wp","href":"https:\/\/api.w.org\/{rel}","templated":true}]}}