{"id":219254,"date":"2016-02-26T09:19:56","date_gmt":"2016-02-26T09:19:56","guid":{"rendered":"http:\/\/diariodominicano.ddns.net\/?p=219254"},"modified":"2016-02-26T09:19:56","modified_gmt":"2016-02-26T09:19:56","slug":"ejecutivo-rinde-tributo-a-la-independencia-y-a-la-bandera-nacional","status":"publish","type":"post","link":"https:\/\/diariodominicano.com\/?p=219254","title":{"rendered":"Ejecutivo rinde tributo a la Independencia y a la Bandera Nacional"},"content":{"rendered":"<p><body><\/p>\n<p><img decoding=\"async\" src=\"img3\/bande 4.jpg\" \/><br \/><img decoding=\"async\" src=\"img3\/nilo 26.jpg\" \/>  <\/p>\n<p>Santo Domingo RD 26 febrero (DICOM).- El presidente Danilo Medina rindi\u00f3 tributo y expres\u00f3 su amor a la Patria al conmemorarse este s\u00e1bado el 172 aniversario de la Independencia Nacional y el D\u00eda de la Bandera, ense\u00f1a tricolor que onde\u00f3 por primera vez en la Puerta del Conde.<\/p>\n<p><strong> <\/strong><\/p>\n<p><strong>Un abrazo fraternal a todos los dominicanos<\/strong><\/p>\n<\/p>\n<p>\u00abEs una ocasi\u00f3n que promueve el deseo de compartir con todos los habitantes de esta tierra, un abrazo fraternal que refleja los m\u00e1s puros y sinceros sentimientos de la dominicanidad\u00bb.<\/p>\n<p><strong> <\/strong><\/p>\n<p><strong>Historia de acontecimientos gloriosos<\/strong><\/p>\n<\/p>\n<p>El Jefe de Estado explic\u00f3 en un mensaje oficial en El D\u00eda de la Independencia y de la Bandera Nacional que como todos los pueblos, el nuestro tiene una historia de acontecimientos que poco a poco han ido conformando lo que somos hoy como naci\u00f3n.<\/p>\n<\/p>\n<p>\u00abMaduramos sobre la marcha y recordamos cada d\u00eda que el proceso institucional nacido el 27 de Febrero 1844 debe ser la fuente de inspiraci\u00f3n que nos guie\u00bb.<\/p>\n<p><strong> <\/strong><\/p>\n<p><strong>Independencia y Bandera, la patri\u00f3tica devoci\u00f3n<\/strong><\/p>\n<\/p>\n<p>Asimismo, Danilo Medina apostill\u00f3 que dos hechos se conjugan en esta fecha: la proclamaci\u00f3n de nuestra Independencia y el D\u00eda de la Bandera, porque la noche de aquel 27 de Febrero, cuando el Pabell\u00f3n Tricolor, ideado por Juan Pablo Duarte y confeccionado con patri\u00f3tica devoci\u00f3n por Concepci\u00f3n Bona, onde\u00f3 por primera vez en la Puerta del Conde.<\/p>\n<\/p>\n<p>Respeto, orgullo y amor a la Patria<\/p>\n<\/p>\n<p>\u00abConmemoremos pues, con el mayor respeto y el orgullo que enciende nuestro amor a la Patria, esta doble festividad que nos invita a sentirnos honrados de llamarnos dominicanos\u00bb.<\/p>\n<\/p>\n<p>El Presidente de la Rep\u00fablica pidi\u00f3 al Todopoderoso su bendici\u00f3n a nuestro pueblo; que siga gui\u00e1ndonos por sendas de paz, para que, unidos en ideales de solidaridad, nos esforcemos por mantener viva la fe y la esperanza en nuestro porvenir.<\/p>\n<\/p>\n<p>\u00a1Gloria y gratitud a los h\u00e9roes de nuestra Independencia! \u00a1Arriba la Bandera Nacional!, proclam\u00f3 Danilo Medina.<\/p>\n<h6> 2016-02-26 09:19:56 <\/h6>\n<p><!--\n<link rel=\"stylesheet\" href=\"css\/bootstrap.min.css\">\n\n\n<ul class=\"pagination\">\n\t    \n\t\n\n<li >\n\t<a href='?page_no=13594'>Previous<\/a>\n\t<\/li>\n\n\n       \n    \n\n<li><a href='?page_no=1'>1<\/a><\/li>\n\n\n\n<li><a href='?page_no=2'>2<\/a><\/li>\n\n\n\n<li><a>...<\/a><\/li>\n\n\n\n<li><a href='?page_no=13593'>13593<\/a><\/li>\n\n\n\n<li><a href='?page_no=13594'>13594<\/a><\/li>\n\n\n\n<li class='active'><a>13595<\/a><\/li>\n\n\n\n<li><a href='?page_no=13596'>13596<\/a><\/li>\n\n\n\n<li><a href='?page_no=13597'>13597<\/a><\/li>\n\n\n\n<li><a>...<\/a><\/li>\n\n\n\n<li><a href='?page_no=56169'>56169<\/a><\/li>\n\n\n\n<li><a href='?page_no=56170'>56170<\/a><\/li>\n\n    \n\t\n\n<li >\n\t<a href='?page_no=13596'>Next<\/a>\n\t<\/li>\n\n\n    \n\n<li><a href='?page_no=56170'>Last &rsaquo;&rsaquo;<\/a><\/li>\n\n<\/ul>\n\n\n--><br \/>\n<\/body><\/p>\n","protected":false},"excerpt":{"rendered":"<p>Santo Domingo RD 26 febrero (DICOM).- El presidente Danilo Medina rindi\u00f3 tributo y expres\u00f3 su amor a la Patria al conmemorarse este s\u00e1bado el 172 aniversario de la Independencia Nacional y el D\u00eda de la Bandera, ense\u00f1a tricolor que onde\u00f3 por primera vez en la Puerta del Conde. Un abrazo fraternal a todos los dominicanos [&hellip;]<\/p>\n","protected":false},"author":3,"featured_media":0,"comment_status":"open","ping_status":"open","sticky":false,"template":"","format":"standard","meta":{"footnotes":""},"categories":[20],"tags":[],"class_list":["post-219254","post","type-post","status-publish","format-standard","hentry","category-dominicana-hoy"],"_links":{"self":[{"href":"https:\/\/diariodominicano.com\/index.php?rest_route=\/wp\/v2\/posts\/219254","targetHints":{"allow":["GET"]}}],"collection":[{"href":"https:\/\/diariodominicano.com\/index.php?rest_route=\/wp\/v2\/posts"}],"about":[{"href":"https:\/\/diariodominicano.com\/index.php?rest_route=\/wp\/v2\/types\/post"}],"author":[{"embeddable":true,"href":"https:\/\/diariodominicano.com\/index.php?rest_route=\/wp\/v2\/users\/3"}],"replies":[{"embeddable":true,"href":"https:\/\/diariodominicano.com\/index.php?rest_route=%2Fwp%2Fv2%2Fcomments&post=219254"}],"version-history":[{"count":0,"href":"https:\/\/diariodominicano.com\/index.php?rest_route=\/wp\/v2\/posts\/219254\/revisions"}],"wp:attachment":[{"href":"https:\/\/diariodominicano.com\/index.php?rest_route=%2Fwp%2Fv2%2Fmedia&parent=219254"}],"wp:term":[{"taxonomy":"category","embeddable":true,"href":"https:\/\/diariodominicano.com\/index.php?rest_route=%2Fwp%2Fv2%2Fcategories&post=219254"},{"taxonomy":"post_tag","embeddable":true,"href":"https:\/\/diariodominicano.com\/index.php?rest_route=%2Fwp%2Fv2%2Ftags&post=219254"}],"curies":[{"name":"wp","href":"https:\/\/api.w.org\/{rel}","templated":true}]}}