{"id":219252,"date":"2016-02-26T10:24:30","date_gmt":"2016-02-26T10:24:30","guid":{"rendered":"http:\/\/diariodominicano.ddns.net\/?p=219252"},"modified":"2016-02-26T10:24:30","modified_gmt":"2016-02-26T10:24:30","slug":"enfermeras-graduadas-exigen-al-gobierno-escuchar-demandas","status":"publish","type":"post","link":"https:\/\/diariodominicano.com\/?p=219252","title":{"rendered":"Enfermeras Graduadas exigen al gobierno escuchar demandas:"},"content":{"rendered":"<p><body><\/p>\n<p><img decoding=\"async\" src=\"img3\/enfer 1.jpg\" \/>  <\/p>\n<p>Santo Domingo, R.D 26 febrero,-La Asociaci\u00f3n Dominicana de Enfermeras Graduadas Inc. (ADEG), pidi\u00f3 este viernes al gobierno y a las autoridades del sector salud a escuchar sus reclamos y demandas, con miras a ejecutarlas, a los fines de mejorar la vida de los\/las profesionales de la enfermer\u00eda del pa\u00eds, as\u00ed como la de todos los trabajadores del sector salud.<\/p>\n<\/p>\n<p>La presidenta de la ADEG, licenciada Antonia Rodr\u00edguez, solicit\u00f3 a todos los integrantes del Pacto Nacional de la Salud ( PANASALUD), a seguir brindando el apoyo a la lucha que llevan a cabo junto al Colegio Medico Dominicano (CMD), a fin de lograr que sus demandas sean puestas en ejecuci\u00f3n.<\/p>\n<\/p>\n<p> \u00abLamentablemente la pasada reuni\u00f3n que sostuvimos todos los que integramos PANASALUD con la Ministra de Salud P\u00fablica, doctora Altagracia Guzm\u00e1n y el doctor Ram\u00f3n Alvarado, director del Servicio Nacional de Salud, no fue fruct\u00edfera como dese\u00e1bamos, porque dentro de nuestras demandas le planteamos que se destine el 5% del PIB a nuestro sector, un aumento salarial del 60%, pensiones dignas para el personal de salud y nombramiento de profesionales sanitarios, entre otras peticiones y no fueron aceptadas\u00bb. As\u00ed lo expreso la profesional de enfermer\u00eda\u00bb.<\/p>\n<\/p>\n<p>La gremialista dio a conocer estas declaraciones en el marco del deposito de una Ofrenda Floral en el Altar de la Patria, con motivo de rendir homenaje a los padres de la Patria, al conmemorarse el 172 aniversario de la proclamaci\u00f3n de la Independencia Nacional y la celebraci\u00f3n del mes de la Patria, acompa\u00f1ada por el Comit\u00e9 Ejecutivo 2015-2017 y varios miembros de la ADEG.<\/p>\n<\/p>\n<p>\u00abHoy queremos simbolizar a trav\u00e9s de esta Ofrenda Floral nuestro agradecimiento a esos hombres y mujeres que entregaron con mucha gallard\u00eda sus vida, con el firme prop\u00f3sito de conseguir la libertad que hoy exhibimos con mucho orgullo y queremos recordarlos ante los ojos de la nueva generaci\u00f3n; decirles que gracias a los Trinitarios, podemos gritar a los cuatro vientos que somos un pa\u00eds libre, soberano e independiente\u00bb. Afirm\u00f3 Rodr\u00edguez.<\/p>\n<\/p>\n<p>Antonia Rodr\u00edguez  dijo adem\u00e1s que \u00abLa ADEG como parte del sector salud, se ha visto involucrada en los \u00faltimos paros realizados en todos los hospitales del pa\u00eds, en demanda del 5% del PIB y otras reivindicaciones; Y de todo coraz\u00f3n deseamos, que este mes de febrero, dedicado a la Patria, sirva de est\u00edmulo a las autoridades correspondientes, ya que en el mismo se exalta la justicia, los valores y la dominicanidad\u00bb. Dijo<\/p>\n<\/p>\n<\/p>\n<h6> 2016-02-26 10:24:30 <\/h6>\n<p><!--\n<link rel=\"stylesheet\" href=\"css\/bootstrap.min.css\">\n\n\n<ul class=\"pagination\">\n\t    \n\t\n\n<li >\n\t<a href='?page_no=13592'>Previous<\/a>\n\t<\/li>\n\n\n       \n    \n\n<li><a href='?page_no=1'>1<\/a><\/li>\n\n\n\n<li><a href='?page_no=2'>2<\/a><\/li>\n\n\n\n<li><a>...<\/a><\/li>\n\n\n\n<li><a href='?page_no=13591'>13591<\/a><\/li>\n\n\n\n<li><a href='?page_no=13592'>13592<\/a><\/li>\n\n\n\n<li class='active'><a>13593<\/a><\/li>\n\n\n\n<li><a href='?page_no=13594'>13594<\/a><\/li>\n\n\n\n<li><a href='?page_no=13595'>13595<\/a><\/li>\n\n\n\n<li><a>...<\/a><\/li>\n\n\n\n<li><a href='?page_no=56169'>56169<\/a><\/li>\n\n\n\n<li><a href='?page_no=56170'>56170<\/a><\/li>\n\n    \n\t\n\n<li >\n\t<a href='?page_no=13594'>Next<\/a>\n\t<\/li>\n\n\n    \n\n<li><a href='?page_no=56170'>Last &rsaquo;&rsaquo;<\/a><\/li>\n\n<\/ul>\n\n\n--><br \/>\n<\/body><\/p>\n","protected":false},"excerpt":{"rendered":"<p>Santo Domingo, R.D 26 febrero,-La Asociaci\u00f3n Dominicana de Enfermeras Graduadas Inc. (ADEG), pidi\u00f3 este viernes al gobierno y a las autoridades del sector salud a escuchar sus reclamos y demandas, con miras a ejecutarlas, a los fines de mejorar la vida de los\/las profesionales de la enfermer\u00eda del pa\u00eds, as\u00ed como la de todos los [&hellip;]<\/p>\n","protected":false},"author":3,"featured_media":0,"comment_status":"open","ping_status":"open","sticky":false,"template":"","format":"standard","meta":{"footnotes":""},"categories":[20],"tags":[],"class_list":["post-219252","post","type-post","status-publish","format-standard","hentry","category-dominicana-hoy"],"_links":{"self":[{"href":"https:\/\/diariodominicano.com\/index.php?rest_route=\/wp\/v2\/posts\/219252","targetHints":{"allow":["GET"]}}],"collection":[{"href":"https:\/\/diariodominicano.com\/index.php?rest_route=\/wp\/v2\/posts"}],"about":[{"href":"https:\/\/diariodominicano.com\/index.php?rest_route=\/wp\/v2\/types\/post"}],"author":[{"embeddable":true,"href":"https:\/\/diariodominicano.com\/index.php?rest_route=\/wp\/v2\/users\/3"}],"replies":[{"embeddable":true,"href":"https:\/\/diariodominicano.com\/index.php?rest_route=%2Fwp%2Fv2%2Fcomments&post=219252"}],"version-history":[{"count":0,"href":"https:\/\/diariodominicano.com\/index.php?rest_route=\/wp\/v2\/posts\/219252\/revisions"}],"wp:attachment":[{"href":"https:\/\/diariodominicano.com\/index.php?rest_route=%2Fwp%2Fv2%2Fmedia&parent=219252"}],"wp:term":[{"taxonomy":"category","embeddable":true,"href":"https:\/\/diariodominicano.com\/index.php?rest_route=%2Fwp%2Fv2%2Fcategories&post=219252"},{"taxonomy":"post_tag","embeddable":true,"href":"https:\/\/diariodominicano.com\/index.php?rest_route=%2Fwp%2Fv2%2Ftags&post=219252"}],"curies":[{"name":"wp","href":"https:\/\/api.w.org\/{rel}","templated":true}]}}