{"id":219249,"date":"2016-02-26T13:00:15","date_gmt":"2016-02-26T13:00:15","guid":{"rendered":"http:\/\/diariodominicano.ddns.net\/?p=219249"},"modified":"2016-02-26T13:00:15","modified_gmt":"2016-02-26T13:00:15","slug":"exhortan-a-no-perder-ideas-que-dieron-origen-a-la-uasd","status":"publish","type":"post","link":"https:\/\/diariodominicano.com\/?p=219249","title":{"rendered":"Exhortan a no perder ideas que dieron origen a la UASD"},"content":{"rendered":"<p><body><\/p>\n<p><img decoding=\"async\" src=\"img3\/uasd 3.jpg\" \/>  <\/p>\n<p>Barahona RD 26 febrero.- Con diversos actos, que fueron encabezados por el Director, el subdirector y el encargado de Extensi\u00f3n Pr\u00edamo Rivas, Manuel Antonio De La Cruz Fern\u00e1ndez y Octavio F\u00e9liz Vidal, fue conmemorado hoy 26 de febrero el 46 aniversario de la fundaci\u00f3n del entonces Centro Regional Universitario del Suroeste (CURSO).<\/p>\n<\/p>\n<p>Rivas, resalt\u00f3 el papel que ha jugado este centro de educaci\u00f3n superior en la Regi\u00f3n Enriquillo con la formaci\u00f3n de miles de profesionales en las diversas \u00e1reas que hoy est\u00e1n contribuyendo con el desarrollo social y econ\u00f3mico de esta zona y del pa\u00eds.   <\/p>\n<\/p>\n<p>Dijo que han sido formados decenas de licenciados en las diversas \u00e1reas de la Educaci\u00f3n, Comunicaci\u00f3n Social, Contabilidad, Agronom\u00eda, Inform\u00e1tica, Enfermer\u00eda, Bioan\u00e1lisis, ingl\u00e9s, Turismo, Derecho, entre otras, que ascienden globalmente a 7 mil 900 profesionales en diversas \u00e1reas del conocimiento.<\/p>\n<\/p>\n<p>Berto<\/p>\n<\/p>\n<p>El doctor Enriques ?Berto- Batista G\u00f3mez, miembro fundador del primer comit\u00e9 gestor para la fundaci\u00f3n de esta unidad acad\u00e9mica, exsubdirector y docente por 30 a\u00f1os, ofreci\u00f3 un conversatorio acerca de la fundaci\u00f3n de este Centro acad\u00e9mico, el primero fundado por la UASD fuera de su sede central hace poco m\u00e1s de cuatro d\u00e9cadas.<\/p>\n<\/p>\n<p>Batista G\u00f3mez, llam\u00f3 a las presentes y futuras generaciones a preservar el legado hist\u00f3rico y cultural de la Primada de Am\u00e9rica en la Regi\u00f3n Enriquillo, una instituci\u00f3n que ha jugado un papel fundamental en el desarrollo acad\u00e9mico, social, intelectual, as\u00ed como en el fomento de las libertades p\u00fablicas.<\/p>\n<\/p>\n<p>\u00abSobre todo, no perdamos ni permitamos que las ideas que le dieron origen al entonces Centro Regional Universitario del Suroeste (CURSO) se pierdan\u00bb, dijo el destacado acad\u00e9mico uasdiano y luchador por la libertad en la Rep\u00fablica Dominicana.    <\/p>\n<\/p>\n<p>Record\u00f3 que cuando en la gesti\u00f3n del doctor Jos\u00e9 Aybar Nicol\u00e1s, se cre\u00f3 esta unidad acad\u00e9mica, fue objetada por el gobierno balaguerista de los 12 a\u00f1os, ya que argumentaban que ser\u00eda usado como centro de propagaci\u00f3n de las ideas comunistas y para \u00abpervertir\u00bb a la juventud.<\/p>\n<\/p>\n<p>Sin embargo, afirm\u00f3 que el asedio al que fueron sometidos sus propulsores, encabezados por el doctor Antonio M\u00e9ndez, Amador Pons, Sucre Antonio Mu\u00f1oz y \u00e9l mismo, fue a la persecuci\u00f3n por su compromiso con el desarrollo de Barahona y la regi\u00f3n con el establecimiento de lo que es hoy la UASD Centro Barahona.<\/p>\n<\/p>\n<p>Llam\u00f3, asimismo, a los profesionales egresados de este centro a asumir un compromiso con la sociedad, ya que la Primada de Am\u00e9rica los ha formado desde una visi\u00f3n cr\u00edtica para servir al pueblo.   <\/p>\n<h6> 2016-02-26 13:00:15 <\/h6>\n<p><!--\n<link rel=\"stylesheet\" href=\"css\/bootstrap.min.css\">\n\n\n<ul class=\"pagination\">\n\t    \n\t\n\n<li >\n\t<a href='?page_no=13589'>Previous<\/a>\n\t<\/li>\n\n\n       \n    \n\n<li><a href='?page_no=1'>1<\/a><\/li>\n\n\n\n<li><a href='?page_no=2'>2<\/a><\/li>\n\n\n\n<li><a>...<\/a><\/li>\n\n\n\n<li><a href='?page_no=13588'>13588<\/a><\/li>\n\n\n\n<li><a href='?page_no=13589'>13589<\/a><\/li>\n\n\n\n<li class='active'><a>13590<\/a><\/li>\n\n\n\n<li><a href='?page_no=13591'>13591<\/a><\/li>\n\n\n\n<li><a href='?page_no=13592'>13592<\/a><\/li>\n\n\n\n<li><a>...<\/a><\/li>\n\n\n\n<li><a href='?page_no=56169'>56169<\/a><\/li>\n\n\n\n<li><a href='?page_no=56170'>56170<\/a><\/li>\n\n    \n\t\n\n<li >\n\t<a href='?page_no=13591'>Next<\/a>\n\t<\/li>\n\n\n    \n\n<li><a href='?page_no=56170'>Last &rsaquo;&rsaquo;<\/a><\/li>\n\n<\/ul>\n\n\n--><br \/>\n<\/body><\/p>\n","protected":false},"excerpt":{"rendered":"<p>Barahona RD 26 febrero.- Con diversos actos, que fueron encabezados por el Director, el subdirector y el encargado de Extensi\u00f3n Pr\u00edamo Rivas, Manuel Antonio De La Cruz Fern\u00e1ndez y Octavio F\u00e9liz Vidal, fue conmemorado hoy 26 de febrero el 46 aniversario de la fundaci\u00f3n del entonces Centro Regional Universitario del Suroeste (CURSO). Rivas, resalt\u00f3 el [&hellip;]<\/p>\n","protected":false},"author":3,"featured_media":0,"comment_status":"open","ping_status":"open","sticky":false,"template":"","format":"standard","meta":{"footnotes":""},"categories":[20],"tags":[],"class_list":["post-219249","post","type-post","status-publish","format-standard","hentry","category-dominicana-hoy"],"_links":{"self":[{"href":"https:\/\/diariodominicano.com\/index.php?rest_route=\/wp\/v2\/posts\/219249","targetHints":{"allow":["GET"]}}],"collection":[{"href":"https:\/\/diariodominicano.com\/index.php?rest_route=\/wp\/v2\/posts"}],"about":[{"href":"https:\/\/diariodominicano.com\/index.php?rest_route=\/wp\/v2\/types\/post"}],"author":[{"embeddable":true,"href":"https:\/\/diariodominicano.com\/index.php?rest_route=\/wp\/v2\/users\/3"}],"replies":[{"embeddable":true,"href":"https:\/\/diariodominicano.com\/index.php?rest_route=%2Fwp%2Fv2%2Fcomments&post=219249"}],"version-history":[{"count":0,"href":"https:\/\/diariodominicano.com\/index.php?rest_route=\/wp\/v2\/posts\/219249\/revisions"}],"wp:attachment":[{"href":"https:\/\/diariodominicano.com\/index.php?rest_route=%2Fwp%2Fv2%2Fmedia&parent=219249"}],"wp:term":[{"taxonomy":"category","embeddable":true,"href":"https:\/\/diariodominicano.com\/index.php?rest_route=%2Fwp%2Fv2%2Fcategories&post=219249"},{"taxonomy":"post_tag","embeddable":true,"href":"https:\/\/diariodominicano.com\/index.php?rest_route=%2Fwp%2Fv2%2Ftags&post=219249"}],"curies":[{"name":"wp","href":"https:\/\/api.w.org\/{rel}","templated":true}]}}