{"id":219247,"date":"2016-02-26T13:02:42","date_gmt":"2016-02-26T13:02:42","guid":{"rendered":"http:\/\/diariodominicano.ddns.net\/?p=219247"},"modified":"2016-02-26T13:02:42","modified_gmt":"2016-02-26T13:02:42","slug":"mp-y-tnna-entregan-a-familiares-nina-raptada-en-santiago","status":"publish","type":"post","link":"https:\/\/diariodominicano.com\/?p=219247","title":{"rendered":"MP y TNNA entregan a familiares ni\u00f1a raptada en Santiago"},"content":{"rendered":"<p><body><\/p>\n<p>Santiago RD 26 febrero.- La Procuradur\u00eda Fiscal de Santiago, a trav\u00e9s del Tribunal de Ni\u00f1os, Ni\u00f1as y Adolescentes de este Distrito Judicial, entreg\u00f3 a su abuela materna una ni\u00f1a de alrededor de seis meses de edad que habr\u00eda sido raptada el pasado 14 de enero en esta ciudad.<\/p>\n<\/p>\n<p>El Ministerio P\u00fablico hizo entrega provisional de la guarda de la ni\u00f1a a su abuela Valentina Luna. La menor fue rescatada durante una operaci\u00f3n de la Procuraduria Fiscal de Santiago conjuntamente con el Departamento de Investigaci\u00f3n de la  Polic\u00eda Nacional, del Comando Cibao Central.<\/p>\n<\/p>\n<p>Las autoridades indicaron que luego de ser rescatada la menor fue llevada a un centro especializado para el cuidado de infantes en condici\u00f3n de vulnerabilidad.<\/p>\n<\/p>\n<p>De acuerdo a la informaci\u00f3n suministrada, la fiscal titular de esa jurisdicci\u00f3n, Luisa Liranzo, encabez\u00f3 la investigaci\u00f3n,  los tr\u00e1mites y requisitos  pertinentes para que la joven madre de la ni\u00f1a raptada tuviera las condiciones adecuadas para la seguridad de la misma.<\/p>\n<\/p>\n<p>A la madre se le dot\u00f3 de sus documentos, tales como: c\u00e9dula de identidad, declaraci\u00f3n de la menor y su acta de nacimiento, y se le ofreci\u00f3 servicio de planificaci\u00f3n familiar, con la asistencia de Pro-Familia, as\u00ed como de reingreso escolar dentro del programa especial que tiene el Ministerio de Educaci\u00f3n para madres adolescentes, a trav\u00e9s del Distrito Educativo 08-04.<\/p>\n<\/p>\n<p>La Procuradora Fiscal de Santiago expres\u00f3 su satisfacci\u00f3n al comunicar la entrega de la ni\u00f1a a su n\u00facleo familiar, al tiempo que agradeci\u00f3 a las instituciones que colaboraron para que el proceso tuviera feliz t\u00e9rmino para los afectados.<\/p>\n<\/p>\n<p>La magistrada Liranzo inform\u00f3 que con respecto a los implicados en el proceso judicial, la Fiscal\u00eda concluye las diligencias de investigaci\u00f3n para la posterior presentaci\u00f3n del acto conclusivo.<\/p>\n<\/p>\n<p>Al momento de la entrega de la guarda a la se\u00f1ora  Luna, el Tribunal de Ni\u00f1os, Ni\u00f1as y Adolescentes valor\u00f3 el trabajo socio-familiar que realiza en estos casos el Consejo Nacional para la  Ni\u00f1ez y Adolescencia (CONANI).<\/p>\n<h6> 2016-02-26 13:02:42 <\/h6>\n<p><!--\n<link rel=\"stylesheet\" href=\"css\/bootstrap.min.css\">\n\n\n<ul class=\"pagination\">\n\t    \n\t\n\n<li >\n\t<a href='?page_no=13588'>Previous<\/a>\n\t<\/li>\n\n\n       \n    \n\n<li><a href='?page_no=1'>1<\/a><\/li>\n\n\n\n<li><a href='?page_no=2'>2<\/a><\/li>\n\n\n\n<li><a>...<\/a><\/li>\n\n\n\n<li><a href='?page_no=13587'>13587<\/a><\/li>\n\n\n\n<li><a href='?page_no=13588'>13588<\/a><\/li>\n\n\n\n<li class='active'><a>13589<\/a><\/li>\n\n\n\n<li><a href='?page_no=13590'>13590<\/a><\/li>\n\n\n\n<li><a href='?page_no=13591'>13591<\/a><\/li>\n\n\n\n<li><a>...<\/a><\/li>\n\n\n\n<li><a href='?page_no=56169'>56169<\/a><\/li>\n\n\n\n<li><a href='?page_no=56170'>56170<\/a><\/li>\n\n    \n\t\n\n<li >\n\t<a href='?page_no=13590'>Next<\/a>\n\t<\/li>\n\n\n    \n\n<li><a href='?page_no=56170'>Last &rsaquo;&rsaquo;<\/a><\/li>\n\n<\/ul>\n\n\n--><br \/>\n<\/body><\/p>\n","protected":false},"excerpt":{"rendered":"<p>Santiago RD 26 febrero.- La Procuradur\u00eda Fiscal de Santiago, a trav\u00e9s del Tribunal de Ni\u00f1os, Ni\u00f1as y Adolescentes de este Distrito Judicial, entreg\u00f3 a su abuela materna una ni\u00f1a de alrededor de seis meses de edad que habr\u00eda sido raptada el pasado 14 de enero en esta ciudad. El Ministerio P\u00fablico hizo entrega provisional de [&hellip;]<\/p>\n","protected":false},"author":3,"featured_media":0,"comment_status":"open","ping_status":"open","sticky":false,"template":"","format":"standard","meta":{"footnotes":""},"categories":[20],"tags":[],"class_list":["post-219247","post","type-post","status-publish","format-standard","hentry","category-dominicana-hoy"],"_links":{"self":[{"href":"https:\/\/diariodominicano.com\/index.php?rest_route=\/wp\/v2\/posts\/219247","targetHints":{"allow":["GET"]}}],"collection":[{"href":"https:\/\/diariodominicano.com\/index.php?rest_route=\/wp\/v2\/posts"}],"about":[{"href":"https:\/\/diariodominicano.com\/index.php?rest_route=\/wp\/v2\/types\/post"}],"author":[{"embeddable":true,"href":"https:\/\/diariodominicano.com\/index.php?rest_route=\/wp\/v2\/users\/3"}],"replies":[{"embeddable":true,"href":"https:\/\/diariodominicano.com\/index.php?rest_route=%2Fwp%2Fv2%2Fcomments&post=219247"}],"version-history":[{"count":0,"href":"https:\/\/diariodominicano.com\/index.php?rest_route=\/wp\/v2\/posts\/219247\/revisions"}],"wp:attachment":[{"href":"https:\/\/diariodominicano.com\/index.php?rest_route=%2Fwp%2Fv2%2Fmedia&parent=219247"}],"wp:term":[{"taxonomy":"category","embeddable":true,"href":"https:\/\/diariodominicano.com\/index.php?rest_route=%2Fwp%2Fv2%2Fcategories&post=219247"},{"taxonomy":"post_tag","embeddable":true,"href":"https:\/\/diariodominicano.com\/index.php?rest_route=%2Fwp%2Fv2%2Ftags&post=219247"}],"curies":[{"name":"wp","href":"https:\/\/api.w.org\/{rel}","templated":true}]}}