{"id":219245,"date":"2016-02-26T19:15:59","date_gmt":"2016-02-26T19:15:59","guid":{"rendered":"http:\/\/diariodominicano.ddns.net\/?p=219245"},"modified":"2016-02-26T19:15:59","modified_gmt":"2016-02-26T19:15:59","slug":"vicepresidenta-premia-artesanos-de-progresando-con-solidaridad","status":"publish","type":"post","link":"https:\/\/diariodominicano.com\/?p=219245","title":{"rendered":"Vicepresidenta premia artesanos de Progresando con Solidaridad"},"content":{"rendered":"<p><body><\/p>\n<p><img decoding=\"async\" src=\"img3\/vicepres.JPG\" \/><br \/><img decoding=\"async\" src=\"img3\/Vicearte.JPG\" \/>  <\/p>\n<p><span class=\"text1noticias\">Santo Domingo, R. D., 26 de febrero.- La vicepresidenta de la Rep\u00fablica, doctora Margarita Cede\u00f1o, premi\u00f3 este viernes a cinco ganadores del Primer Concurso Nacional Progresando en Artesan\u00eda, destinado a fortalecer las estrategias de generaci\u00f3n de ingresos para las familias en condici\u00f3n de pobreza a trav\u00e9s de la artesan\u00eda y el desarrollo de este sector.<\/span><\/p>\n<p><span class=\"text1noticias\"> <\/span><\/p>\n<p><span class=\"text1noticias\">Durante la premiaci\u00f3n, organizada por el programa Progresando con Solidaridad (Prosoli), la Vicemandataria indic\u00f3 que el concurso tiene como fin impulsar la creatividad e innovaci\u00f3n a trav\u00e9s del arte, promover inquietudes art\u00edsticas entre artesanos y artesanas beneficiarios de Prosoli y reconocer a aquellos que destaquen por su creatividad.<\/span><\/p>\n<p><span class=\"text1noticias\"> <\/span><\/p>\n<p><span class=\"text1noticias\">\u00abPerm\u00edtanme felicitar a los artesanos y artesanas ganadores de este concurso por su esfuerzo y el progreso que han llevado a cabo, por su innovaci\u00f3n. Ustedes, como dec\u00eda Steve Jobs, se est\u00e1n asegurando un liderazgo en su sector artesanal. Innovar y crear es la \u00fanica forma de sobrevivir en medio de un sector tan pujante y competitivo\u00bb, se\u00f1al\u00f3.<\/span><\/p>\n<p><span class=\"text1noticias\"> <\/span><\/p>\n<p><span class=\"text1noticias\">Visiblemente emocionada por las obras confeccionadas por los concursantes, la doctora Margarita Cede\u00f1o dijo sentirse satisfecha debido a que con este proyecto la Rep\u00fablica Dominica poda ser m\u00e1s competitiva en los mercados internacionales, en materia de Artesan\u00eda.<\/span><\/p>\n<p><span class=\"text1noticias\"> <\/span><\/p>\n<p><span class=\"text1noticias\">\u00abPues tenemos unos 1,500 artesanos de familias Prosoli convencidos de que se puede vivir de la artesan\u00eda y que se puede, a\u00fan en un contexto adverso, crear y convertir un material reciclado en una bell\u00edsima obra de arte\u00bb, precis\u00f3.<\/span><\/p>\n<p><span class=\"text1noticias\"> <\/span><\/p>\n<p><span class=\"text1noticias\">De su lado, el presidente del jurado elector, Jos\u00e9 Miguel Ferrari, expres\u00f3 que este concurso constituye un paso m\u00e1s de avance en la lucha contra la pobreza, por lo que felicit\u00f3 a la Vicepresidenta y a Prosoli porque, seg\u00fan considera, \u00abel proyecto aporta al desarrollo del pa\u00eds\u00bb.<\/span><\/p>\n<p><span class=\"text1noticias\"> <\/span><\/p>\n<p><span class=\"text1noticias\">Ganadores<\/span><\/p>\n<p><span class=\"text1noticias\">El primer lugar del concurso lo obtuvo la artesan\u00eda \u00abYunta de Bueyes halando una carreta de ca\u00f1a\u00bb, de Cristino Rosario. Mientras que \u00abMu\u00f1eca de fibra de pl\u00e1tanos\u00bb, de Mar\u00eda Magdalena Minaya, se alz\u00f3 con el segundo puesto. El tercer premio recay\u00f3 sobre la creaci\u00f3n de Eridania Rodr\u00edguez titulado \u00abMis ra\u00edces\u00bb; mientras que Geysi Hern\u00e1ndez obtuvo el cuarto lugar; asimismo, la artesan\u00eda \u00abL\u00e1mparas de flejes de papel\u00bb, de Mar\u00eda Garc\u00eda Garabitos, mereci\u00f3 el quinto lugar.<\/span><\/p>\n<p><span class=\"text1noticias\"> <\/span><\/p>\n<p><span class=\"text1noticias\">Un reconocimiento especial lo recibi\u00f3 Robert Guerrero Mota, joven artesano del municipio de Miches, provincia El Seibo, quien gan\u00f3 el primer lugar del concurso Premio Nacional de Artesan\u00eda del Ministerio de Cultura, en la pasada Feria Artesanal, organizada por esa instituci\u00f3n y Prosoli.<\/span><\/p>\n<p><span class=\"text1noticias\"> <\/span><\/p>\n<p><span class=\"text1noticias\">Los ganadores recibieron placa de reconocimiento y premios en met\u00e1lico. En este concurso, participaron 30 artesanos y se exhibieron 43 piezas.<\/span><\/p>\n<p><span class=\"text1noticias\"> <\/span><\/p>\n<p><span class=\"text1noticias\">La Vicepresidenta inst\u00f3 adem\u00e1s a estos artistas a dise\u00f1ar nacimientos de Navidad, para ampliar la oferta en esa \u00e9poca festiva.<\/span><\/p>\n<p><span class=\"text1noticias\">En la actividad estuvieron presentes adem\u00e1s, Altagracia Suriel, directora de Prosoli, as\u00ed como Marcos Aguirre y Valent\u00edn Guerrero, quienes tambi\u00e9n formaron parte del jurado elector.<\/span><\/p>\n<p><span class=\"text1noticias\"> <\/span><\/p>\n<p><span class=\"text1noticias\">Sobre Progresando en Artesan\u00eda.<\/span><\/p>\n<p><span class=\"text1noticias\">Es una iniciativa de la Vicepresidenta Margarita Cede\u00f1o, que a trav\u00e9s de la capacitaci\u00f3n, producci\u00f3n y comercializaci\u00f3n apoya a 1,500 artesanos de familias Prosoli.<\/span><\/p>\n<p><span class=\"text1noticias\"> <\/span><\/p>\n<p><span class=\"text1noticias\">Fruto de ese apoyo, artesanos y artesanas elaboran productos de excelencia y calidad que se est\u00e1n vendiendo en cinco tiendas que llevan el nombre de la marca Manos Dominicanas, as\u00ed como en 64 puntos de ventas de comercializaci\u00f3n, los que se han puesto a disposici\u00f3n de los artesanos,  fruto de la alianza p\u00fablico privada que ha creado la Vicepre<\/span>sidencia.<\/p>\n<h6> 2016-02-26 19:15:59 <\/h6>\n<p><!--\n<link rel=\"stylesheet\" href=\"css\/bootstrap.min.css\">\n\n\n<ul class=\"pagination\">\n\t    \n\t\n\n<li >\n\t<a href='?page_no=13586'>Previous<\/a>\n\t<\/li>\n\n\n       \n    \n\n<li><a href='?page_no=1'>1<\/a><\/li>\n\n\n\n<li><a href='?page_no=2'>2<\/a><\/li>\n\n\n\n<li><a>...<\/a><\/li>\n\n\n\n<li><a href='?page_no=13585'>13585<\/a><\/li>\n\n\n\n<li><a href='?page_no=13586'>13586<\/a><\/li>\n\n\n\n<li class='active'><a>13587<\/a><\/li>\n\n\n\n<li><a href='?page_no=13588'>13588<\/a><\/li>\n\n\n\n<li><a href='?page_no=13589'>13589<\/a><\/li>\n\n\n\n<li><a>...<\/a><\/li>\n\n\n\n<li><a href='?page_no=56169'>56169<\/a><\/li>\n\n\n\n<li><a href='?page_no=56170'>56170<\/a><\/li>\n\n    \n\t\n\n<li >\n\t<a href='?page_no=13588'>Next<\/a>\n\t<\/li>\n\n\n    \n\n<li><a href='?page_no=56170'>Last &rsaquo;&rsaquo;<\/a><\/li>\n\n<\/ul>\n\n\n--><br \/>\n<\/body><\/p>\n","protected":false},"excerpt":{"rendered":"<p>Santo Domingo, R. D., 26 de febrero.- La vicepresidenta de la Rep\u00fablica, doctora Margarita Cede\u00f1o, premi\u00f3 este viernes a cinco ganadores del Primer Concurso Nacional Progresando en Artesan\u00eda, destinado a fortalecer las estrategias de generaci\u00f3n de ingresos para las familias en condici\u00f3n de pobreza a trav\u00e9s de la artesan\u00eda y el desarrollo de este sector. [&hellip;]<\/p>\n","protected":false},"author":3,"featured_media":0,"comment_status":"open","ping_status":"open","sticky":false,"template":"","format":"standard","meta":{"footnotes":""},"categories":[20],"tags":[],"class_list":["post-219245","post","type-post","status-publish","format-standard","hentry","category-dominicana-hoy"],"_links":{"self":[{"href":"https:\/\/diariodominicano.com\/index.php?rest_route=\/wp\/v2\/posts\/219245","targetHints":{"allow":["GET"]}}],"collection":[{"href":"https:\/\/diariodominicano.com\/index.php?rest_route=\/wp\/v2\/posts"}],"about":[{"href":"https:\/\/diariodominicano.com\/index.php?rest_route=\/wp\/v2\/types\/post"}],"author":[{"embeddable":true,"href":"https:\/\/diariodominicano.com\/index.php?rest_route=\/wp\/v2\/users\/3"}],"replies":[{"embeddable":true,"href":"https:\/\/diariodominicano.com\/index.php?rest_route=%2Fwp%2Fv2%2Fcomments&post=219245"}],"version-history":[{"count":0,"href":"https:\/\/diariodominicano.com\/index.php?rest_route=\/wp\/v2\/posts\/219245\/revisions"}],"wp:attachment":[{"href":"https:\/\/diariodominicano.com\/index.php?rest_route=%2Fwp%2Fv2%2Fmedia&parent=219245"}],"wp:term":[{"taxonomy":"category","embeddable":true,"href":"https:\/\/diariodominicano.com\/index.php?rest_route=%2Fwp%2Fv2%2Fcategories&post=219245"},{"taxonomy":"post_tag","embeddable":true,"href":"https:\/\/diariodominicano.com\/index.php?rest_route=%2Fwp%2Fv2%2Ftags&post=219245"}],"curies":[{"name":"wp","href":"https:\/\/api.w.org\/{rel}","templated":true}]}}