{"id":219243,"date":"2016-02-27T08:25:17","date_gmt":"2016-02-27T08:25:17","guid":{"rendered":"http:\/\/diariodominicano.ddns.net\/?p=219243"},"modified":"2016-02-27T08:25:17","modified_gmt":"2016-02-27T08:25:17","slug":"presidente-llama-al-pueblo-dominicano-a-honrar-a-los-padres-de-la-patria-en-el-172-aniversario-de-la-independencia","status":"publish","type":"post","link":"https:\/\/diariodominicano.com\/?p=219243","title":{"rendered":"&#13;Presidente llama al pueblo dominicano a honrar a los Padres de la Patria en el 172 aniversario de la Independencia"},"content":{"rendered":"<p><body><\/p>\n<p><img decoding=\"async\" src=\"img3\/nilo 1.jpg\" \/>  <\/p>\n<p>Santo Domingo RD 27 febrero.- El presidente Danilo Medina felicit\u00f3 al pueblo dominicano al celebrar hoy el 172 aniversario de su Independencia Nacional, por lo que llam\u00f3 a honrar la memoria de Juan Pablo Duarte, Francisco del Rosario S\u00e1nchez y Mat\u00edas Ram\u00f3n Mella, Padres de la Patria.<\/p>\n<\/p>\n<p>Al dirigirse a la naci\u00f3n dominicana en su cuenta de Twitter, @DaniloMedina, el mandatario dijo  que \u00abHoy celebramos con orgullo el d\u00eda de nuestra Independencia, en el que elevamos y honramos la Patria de Duarte, S\u00e1nchez, Mella y Luper\u00f3n.<\/p>\n<\/p>\n<p>Asimismo, expres\u00f3 que conmemorar la Independencia Nacional es recordar y reafirmar los valores que gu\u00edan su proyecto de naci\u00f3n. En un tercer mensaje, Medina defini\u00f3 ese prop\u00f3sito como \u00abUn proyecto donde cada ciudadano desarrolla sus capacidades y tiene acceso a servicios de calidad. Un pa\u00eds de oportunidades\u00bb.<\/p>\n<\/p>\n<p>\u00abHoy retomo con fervor la frase de Duarte: trabajemos por y para la patria que es trabajar para nuestros hijos y para nosotros mismos\u00bb, manifest\u00f3 el jefe de Estado.<\/p>\n<\/p>\n<p>Resalt\u00f3 que su Gobierno est\u00e1 creando una Rep\u00fablica Dominicana grande, m\u00e1s justa e incluyente.<\/p>\n<\/p>\n<p>\u00abEn unas horas me dirigir\u00e9 a todos ustedes a rendir cuentas de los compromisos cumplidos durante este \u00faltimo a\u00f1o de gobierno\u00bb, record\u00f3 el presidente Medina.<\/p>\n<\/p>\n<p>El mandatario concluy\u00f3 diciendo que: \u00ab\u00a1Que viva la Rep\u00fablica Dominicana! Qu\u00e9 vivan los padres fundadores de nuestra dominicanidad. \u00a1Qu\u00e9 viva el pueblo dominicano!\u00bb.<\/p>\n<\/p>\n<h6> 2016-02-27 08:25:17 <\/h6>\n<p><!--\n<link rel=\"stylesheet\" href=\"css\/bootstrap.min.css\">\n\n\n<ul class=\"pagination\">\n\t    \n\t\n\n<li >\n\t<a href='?page_no=13584'>Previous<\/a>\n\t<\/li>\n\n\n       \n    \n\n<li><a href='?page_no=1'>1<\/a><\/li>\n\n\n\n<li><a href='?page_no=2'>2<\/a><\/li>\n\n\n\n<li><a>...<\/a><\/li>\n\n\n\n<li><a href='?page_no=13583'>13583<\/a><\/li>\n\n\n\n<li><a href='?page_no=13584'>13584<\/a><\/li>\n\n\n\n<li class='active'><a>13585<\/a><\/li>\n\n\n\n<li><a href='?page_no=13586'>13586<\/a><\/li>\n\n\n\n<li><a href='?page_no=13587'>13587<\/a><\/li>\n\n\n\n<li><a>...<\/a><\/li>\n\n\n\n<li><a href='?page_no=56169'>56169<\/a><\/li>\n\n\n\n<li><a href='?page_no=56170'>56170<\/a><\/li>\n\n    \n\t\n\n<li >\n\t<a href='?page_no=13586'>Next<\/a>\n\t<\/li>\n\n\n    \n\n<li><a href='?page_no=56170'>Last &rsaquo;&rsaquo;<\/a><\/li>\n\n<\/ul>\n\n\n--><br \/>\n<\/body><\/p>\n","protected":false},"excerpt":{"rendered":"<p>Santo Domingo RD 27 febrero.- El presidente Danilo Medina felicit\u00f3 al pueblo dominicano al celebrar hoy el 172 aniversario de su Independencia Nacional, por lo que llam\u00f3 a honrar la memoria de Juan Pablo Duarte, Francisco del Rosario S\u00e1nchez y Mat\u00edas Ram\u00f3n Mella, Padres de la Patria. Al dirigirse a la naci\u00f3n dominicana en su [&hellip;]<\/p>\n","protected":false},"author":3,"featured_media":0,"comment_status":"open","ping_status":"open","sticky":false,"template":"","format":"standard","meta":{"footnotes":""},"categories":[20],"tags":[],"class_list":["post-219243","post","type-post","status-publish","format-standard","hentry","category-dominicana-hoy"],"_links":{"self":[{"href":"https:\/\/diariodominicano.com\/index.php?rest_route=\/wp\/v2\/posts\/219243","targetHints":{"allow":["GET"]}}],"collection":[{"href":"https:\/\/diariodominicano.com\/index.php?rest_route=\/wp\/v2\/posts"}],"about":[{"href":"https:\/\/diariodominicano.com\/index.php?rest_route=\/wp\/v2\/types\/post"}],"author":[{"embeddable":true,"href":"https:\/\/diariodominicano.com\/index.php?rest_route=\/wp\/v2\/users\/3"}],"replies":[{"embeddable":true,"href":"https:\/\/diariodominicano.com\/index.php?rest_route=%2Fwp%2Fv2%2Fcomments&post=219243"}],"version-history":[{"count":0,"href":"https:\/\/diariodominicano.com\/index.php?rest_route=\/wp\/v2\/posts\/219243\/revisions"}],"wp:attachment":[{"href":"https:\/\/diariodominicano.com\/index.php?rest_route=%2Fwp%2Fv2%2Fmedia&parent=219243"}],"wp:term":[{"taxonomy":"category","embeddable":true,"href":"https:\/\/diariodominicano.com\/index.php?rest_route=%2Fwp%2Fv2%2Fcategories&post=219243"},{"taxonomy":"post_tag","embeddable":true,"href":"https:\/\/diariodominicano.com\/index.php?rest_route=%2Fwp%2Fv2%2Ftags&post=219243"}],"curies":[{"name":"wp","href":"https:\/\/api.w.org\/{rel}","templated":true}]}}