{"id":219242,"date":"2016-02-27T09:24:27","date_gmt":"2016-02-27T09:24:27","guid":{"rendered":"http:\/\/diariodominicano.ddns.net\/?p=219242"},"modified":"2016-02-27T09:24:27","modified_gmt":"2016-02-27T09:24:27","slug":"el-presidente-danilo-medina-llega-al-congreso-para-rendicion-de-cuentas","status":"publish","type":"post","link":"https:\/\/diariodominicano.com\/?p=219242","title":{"rendered":"&#13;El presidente Danilo Medina llega al Congreso para rendici\u00f3n de cuentas"},"content":{"rendered":"<p><body><\/p>\n<p><img decoding=\"async\" src=\"img3\/presi 1.jpeg\" \/>  <\/p>\n<p>Santo Domingo RD 27 febrero.- El presidente Danilo Medina arrib\u00f3 al palacio del Congreso Nacional  a las 9:57 para rendir sus \u00faltimas memorias de la presente gesti\u00f3n presidencial.<\/p>\n<\/p>\n<p>El mandatario lleg\u00f3 en compa\u00f1\u00eda de su esposa C\u00e1ndida Montilla de Medina y de sus tres hijas.<\/p>\n<\/p>\n<p>Poco antes a las 9:50 hab\u00eda llegado la vicepresidenta Margarita Cede\u00f1o de Fern\u00e1ndez.<\/p>\n<\/p>\n<p>Presidente y vicepresidenta fueron recibidos por una comisi\u00f3n de legisladores  encabezada por los senadores Prin Pujasl, Rafael Calder\u00f3n, F\u00e9lix Nova,  Rub\u00e9n Dar\u00edo Cruz y  Amarilis Santana, y los diputados Nelson Arroyo, Ram\u00f3n Rogelio Genao y  Elpido B\u00e1ez.<\/p>\n<\/p>\n<p>El jefe de Estado fue recibido con los honores de estilo por un batall\u00f3n de la guardia presidencial que dispar\u00f3 una salva de 21 ca\u00f1onazos.  Tambi\u00e9n fueron entonadas las notas del himno nacional en el inicio de los actos solemnes por el 172 aniversario de la Independencia Nacional.<\/p>\n<h6> 2016-02-27 09:24:27 <\/h6>\n<p><!--\n<link rel=\"stylesheet\" href=\"css\/bootstrap.min.css\">\n\n\n<ul class=\"pagination\">\n\t    \n\t\n\n<li >\n\t<a href='?page_no=13583'>Previous<\/a>\n\t<\/li>\n\n\n       \n    \n\n<li><a href='?page_no=1'>1<\/a><\/li>\n\n\n\n<li><a href='?page_no=2'>2<\/a><\/li>\n\n\n\n<li><a>...<\/a><\/li>\n\n\n\n<li><a href='?page_no=13582'>13582<\/a><\/li>\n\n\n\n<li><a href='?page_no=13583'>13583<\/a><\/li>\n\n\n\n<li class='active'><a>13584<\/a><\/li>\n\n\n\n<li><a href='?page_no=13585'>13585<\/a><\/li>\n\n\n\n<li><a href='?page_no=13586'>13586<\/a><\/li>\n\n\n\n<li><a>...<\/a><\/li>\n\n\n\n<li><a href='?page_no=56169'>56169<\/a><\/li>\n\n\n\n<li><a href='?page_no=56170'>56170<\/a><\/li>\n\n    \n\t\n\n<li >\n\t<a href='?page_no=13585'>Next<\/a>\n\t<\/li>\n\n\n    \n\n<li><a href='?page_no=56170'>Last &rsaquo;&rsaquo;<\/a><\/li>\n\n<\/ul>\n\n\n--><br \/>\n<\/body><\/p>\n","protected":false},"excerpt":{"rendered":"<p>Santo Domingo RD 27 febrero.- El presidente Danilo Medina arrib\u00f3 al palacio del Congreso Nacional a las 9:57 para rendir sus \u00faltimas memorias de la presente gesti\u00f3n presidencial. El mandatario lleg\u00f3 en compa\u00f1\u00eda de su esposa C\u00e1ndida Montilla de Medina y de sus tres hijas. Poco antes a las 9:50 hab\u00eda llegado la vicepresidenta Margarita [&hellip;]<\/p>\n","protected":false},"author":3,"featured_media":0,"comment_status":"open","ping_status":"open","sticky":false,"template":"","format":"standard","meta":{"footnotes":""},"categories":[20],"tags":[],"class_list":["post-219242","post","type-post","status-publish","format-standard","hentry","category-dominicana-hoy"],"_links":{"self":[{"href":"https:\/\/diariodominicano.com\/index.php?rest_route=\/wp\/v2\/posts\/219242","targetHints":{"allow":["GET"]}}],"collection":[{"href":"https:\/\/diariodominicano.com\/index.php?rest_route=\/wp\/v2\/posts"}],"about":[{"href":"https:\/\/diariodominicano.com\/index.php?rest_route=\/wp\/v2\/types\/post"}],"author":[{"embeddable":true,"href":"https:\/\/diariodominicano.com\/index.php?rest_route=\/wp\/v2\/users\/3"}],"replies":[{"embeddable":true,"href":"https:\/\/diariodominicano.com\/index.php?rest_route=%2Fwp%2Fv2%2Fcomments&post=219242"}],"version-history":[{"count":0,"href":"https:\/\/diariodominicano.com\/index.php?rest_route=\/wp\/v2\/posts\/219242\/revisions"}],"wp:attachment":[{"href":"https:\/\/diariodominicano.com\/index.php?rest_route=%2Fwp%2Fv2%2Fmedia&parent=219242"}],"wp:term":[{"taxonomy":"category","embeddable":true,"href":"https:\/\/diariodominicano.com\/index.php?rest_route=%2Fwp%2Fv2%2Fcategories&post=219242"},{"taxonomy":"post_tag","embeddable":true,"href":"https:\/\/diariodominicano.com\/index.php?rest_route=%2Fwp%2Fv2%2Ftags&post=219242"}],"curies":[{"name":"wp","href":"https:\/\/api.w.org\/{rel}","templated":true}]}}