{"id":219241,"date":"2016-02-27T09:42:15","date_gmt":"2016-02-27T09:42:15","guid":{"rendered":"http:\/\/diariodominicano.ddns.net\/?p=219241"},"modified":"2016-02-27T09:42:15","modified_gmt":"2016-02-27T09:42:15","slug":"discurso-de-la-presidenta-del-senado-en-el-congreso-nacional","status":"publish","type":"post","link":"https:\/\/diariodominicano.com\/?p=219241","title":{"rendered":"Discurso de la presidenta del Senado en el Congreso Nacional"},"content":{"rendered":"<p><body><\/p>\n<p><img decoding=\"async\" src=\"img3\/cris 1.jpg\" \/>  <\/p>\n<p>Santo Domingo RD 27 febrero. La presidenta del Senado licenciada Cristina Lizardo prunncio un discurso anbte la Asamblea Nacionbal previo a la presentaci\u00f3n del presidente de la Rep\u00fablica Danilo Medina<\/p>\n<\/p>\n<p>Se\u00f1oras y Se\u00f1ores:<\/p>\n<p>En estricto cumplimiento de lo establecido en el Ac\u00e1pite 1, del Art\u00edculo 121 de la Constituci\u00f3n de la Rep\u00fablica Dominicana, proclamada el 13 de junio de 2015, el Congreso Nacional, constituido para esta ocasi\u00f3n en Reuni\u00f3n Conjunta, recibe del <\/p>\n<\/p>\n<p>Excelent\u00edsimo Se\u00f1or<\/p>\n<\/p>\n<p>Presidente de la Rep\u00fablica su mensaje, la rendici\u00f3n de cuentas de su administraci\u00f3n, as\u00ed como las memorias de los ministerios, correspondientes al a\u00f1o 2015.<\/p>\n<\/p>\n<p>Con sincera emoci\u00f3n y orgullo compartido, mucho nos complace, Se\u00f1or Presidente, reiterarle nuestros afectos y ofrecerle la m\u00e1s cordial bienvenida a este augusto recinto, celoso centinela de los principios democr\u00e1ticos que nos rigen como naci\u00f3n.<\/p>\n<\/p>\n<p>Su honrosa presencia, Se\u00f1or Presidente, constituye nuevamente una prueba fehaciente de que estamos fortaleciendo nuestra democracia, la cual va adquiriendo mayores rasgos de madurez y arraigando su estructura de manera cada vez m\u00e1s s\u00f3lida.<\/p>\n<\/p>\n<p>Es un verdadero privilegio por dos razones importantes: primero, por contar con su compa\u00f1\u00eda, de la cual nos sentimos agradecidos; y segundo, porque tenemos la oportunidad de acompa\u00f1arle para llevar al \u00e1nimo de nuestra poblaci\u00f3n el cuadro genuino de nuestra situaci\u00f3n como pa\u00eds que, a la luz de los hechos, observamos muy complacidamente. <\/p>\n<\/p>\n<p>De igual modo, nos complace expresar nuestra cordialidad y satisfacci\u00f3n por la presencia de las muy distinguidas personalidades invitadas que nos honran al acompa\u00f1arnos en esta hermosa ma\u00f1ana, por lo que les externamos nuestra gratitud y damos una calurosa bienvenida.<\/p>\n<\/p>\n<p>A todos y todas, les deseamos: \u00a1Feliz D\u00eda de Nuestra Independencia Nacional! Hoy, 27 de febrero de 2016, la Rep\u00fablica Dominicana celebra, una vez m\u00e1s, su efem\u00e9ride mayor. Un aniversario magn\u00edfico que nos cuenta sobre el car\u00e1cter extraordinario<\/p>\n<p>de un acontecimiento que marc\u00f3 el final de 22 a\u00f1os de un tortuoso camino de esclavitud y verg\u00fcenza y que llev\u00f3 a nuestro pueblo, en un paso gigantesco, hasta la libertad y el honor.<\/p>\n<\/p>\n<p>Hace 172 a\u00f1os, en la noche m\u00e1s gloriosa de nuestra historia, Juan Pablo Duarte, Francisco del Rosario S\u00e1nchez<\/p>\n<p>y Mat\u00edas Ram\u00f3n Mella, Padres Fundadores de la Rep\u00fablica, nos entregaron el Don de la Independencia, el Don de la Libertad y el Don de la Soberan\u00eda, con la encomienda de resguardarlos y reconquistarlos cada d\u00eda con nuestras conductas y acciones.<\/p>\n<\/p>\n<p>De nuestra insigne Triada Patricia celebramos tambi\u00e9n el Bicentenario del nacimiento, felizmente acontecido el 25 de<\/p>\n<p>febrero de 1815, de Mat\u00edas Ram\u00f3n Mella, militar y estratega de la lucha independentista; expresi\u00f3n militante y decidida de la valent\u00eda y audacia ante la duda y la vacilaci\u00f3n.<\/p>\n<\/p>\n<p>Gracias del alma a nuestros pr\u00f3ceres, hombres y mujeres del siglo XIX, por su enorme sacrificio; sacrificio que nos permite, a las presentes y futuras generaciones, escuchar con orgullo y aprecio el sonido sin igual del bronce armonioso de las campanas de la libertad.<\/p>\n<\/p>\n<p>Que sea eterno el laurel y eterna sea la palma, conquistados con valor y dignidad en la fragua de nuestras lides libertarias, tal como se describe en nuestro Escudo Nacional, s\u00edmbolo sagrado de nuestra soberan\u00eda.<\/p>\n<\/p>\n<p>Por la memoria de nuestros antepasados gloriosos e inmortales, juremos: \u00abprimero con gloria morir si es preciso, antes que volver a arrastrar las cadenas de la degradaci\u00f3n y la humillaci\u00f3n\u00bb.<\/p>\n<\/p>\n<p>\u00a1Que sean imperecederos el respeto y gratitud a los h\u00e9roes y hero\u00ednas de la Independencia Nacional! \u00a1Honor y gloria a nuestros hombres y mujeres hacedores de la Patria!<\/p>\n<\/p>\n<p>Se\u00f1or Presidente, Damas y Caballeros: Sin menoscabo de la solemnidad y esencia de este Acto de Estado, les ruego nos permitan unos breves instantes para referirnos, de manera obligada, a algunos acontecimientos importantes que suceden actualmente en nuestro pa\u00eds.<\/p>\n<\/p>\n<p>Para describirlos, bien podr\u00edamos evocar expresiones de nuestra m\u00e1s exquisita poetisa, Salom\u00e9 Ure\u00f1a de Henr\u00edquez, quien, dentro de su reconocido compromiso social y para revitalizar las esperanzas de progreso de la naci\u00f3n en sus d\u00edas, escribi\u00f3 lo siguiente: \u00ab&#8230;hechos como estos que est\u00e1n sucediendo en nuestro pa\u00eds, nos convocan como pueblo, necesariamente a la victoria,<\/p>\n<p>con fe en el porvenir\u00bb.<\/p>\n<\/p>\n<p>No podemos, Se\u00f1oras y Se\u00f1ores, pasar por alto, desde esta respetable tribuna del pueblo dominicano, los grandes esfuerzos que se realizan en pro de la grandeza econ\u00f3mica, pol\u00edtica y social de la Rep\u00fablica Dominicana; y de manera particular, no podemos dejar de mencionar las perspectivas, los esfuerzos y el extraordinario rol que desempe\u00f1a y seguir\u00e1 librando en el proceso, el Honorable Congreso Nacional a trav\u00e9s de respuestas positivas y fruct\u00edferas ante los retos presentes y futuros.<\/p>\n<\/p>\n<p>En la actualidad, prevalece en los escenarios nacional e internacional la noticia que da cuenta del crecimiento de nuestra econom\u00eda, sin comparaci\u00f3n en la regi\u00f3n; al igual que de los importantes avances en nuestros niveles de desarrollo y la extensi\u00f3n y mejora sustancial de nuestros servicios de educaci\u00f3n p\u00fablica, de lo cual, el Congreso Nacional se siente solidario, corresponsable y compromisario.<\/p>\n<\/p>\n<p>No cabe duda de que la actual Administraci\u00f3n, del Presidente Danilo Medina, ha demostrado que un buen gobierno, para llegar al coraz\u00f3n del pueblo, requiere de una mezcla prodigiosa de aptitud, razonamiento, templanza, sinceridad, tolerancia, valent\u00eda y, lo que es m\u00e1s importante: la capacidad de inspirar credibilidad y confianza.<\/p>\n<\/p>\n<p>Vivimos la Rep\u00fablica Dominicana de 2016 y juntos estamos construyendo la \u00abNaci\u00f3n del Buen Presente y de un Mejor Porvenir\u00bb.<\/p>\n<\/p>\n<p>El pr\u00f3ximo 15 de mayo se celebrar\u00e1n en nuestro amado pa\u00eds, Dios mediante, elecciones Presidenciales, Congresuales y Municipales.<\/p>\n<\/p>\n<p>Seg\u00fan datos de nuestra muy eficiente Junta Central Electoral, \u00f3rgano rector del Sistema Electoral Dominicano, el n\u00famero de personas con derecho al voto alcanza ya la suma de 6 millones 765 mil 136 electores, conforme al padr\u00f3n entregado al 31 de enero del presente a\u00f1o.<\/p>\n<\/p>\n<p>Este pr\u00f3ximo 15 de mayo ser\u00e1 una ocasi\u00f3n muy singular. Decimos esto porque de esos electores, m\u00e1s de 700 mil<\/p>\n<p>podr\u00e1n leer por primera vez y de manera correcta, el nombre de sus candidatos y candidatas.<\/p>\n<\/p>\n<p>M\u00e1s de 700 mil dominicanas y dominicanos que, en ese momento trascendental de la gran decisi\u00f3n democr\u00e1tica, podr\u00e1n leer cada detalle de la boleta electoral y podr\u00e1n firmar dignamente el libro de registro de votantes, pues sus vidas se han transformado en algo grande.<\/p>\n<\/p>\n<p>Ser\u00e1n las mismas personas de antes, s\u00f3lo que gracias a la educaci\u00f3n, a la iniciativa de un gran estadista y a una incomparable visi\u00f3n hist\u00f3rica, le hemos agregado valor y dignidad a su existencia, haciendo que su mundo sea algo m\u00e1s que figuras, m\u00e1s que s\u00edmbolos, m\u00e1s que huellas dactilares y m\u00e1s que simples colores o bander\u00edas.<\/p>\n<\/p>\n<p>Nuestro pa\u00eds de hoy, desde Hig\u00fcey hasta Dajab\u00f3n, desde Saman\u00e1 hasta Pedernales y desde Santo Domingo hasta Puerto Plata, reconoce, sin reparos de ninguna especie, la grandiosidad del Plan Nacional de Alfabetizaci\u00f3n \u00b4\u00b4QUISQUEYA APRENDE CONTIGO\u00b4\u00b4 que ejecuta actual Gobierno del Presidente Danilo Medina.<\/p>\n<\/p>\n<p>Todo el mundo se muestra de acuerdo, sin miramientos ni mezquindades, con los pasos trascendentales que se est\u00e1n dando en nuestro pa\u00eds, en pos de una Educaci\u00f3n Todo esto, aunado a la construcci\u00f3n de aulas y nuevas escuelas, a la dignificaci\u00f3n, valoraci\u00f3n y reconocimiento de la sagrada misi\u00f3n de la ense\u00f1anza y la profesionalizaci\u00f3n de profesores y profesoras, de seguro nos llevar\u00e1 a tener m\u00e1s dominicanos y dominicanas debidamente educados.<\/p>\n<\/p>\n<p>Con dominicanos cada vez m\u00e1s educados, seremos m\u00e1s competitivos, m\u00e1s capaces para incorporarnos de manera eficiente a la maquinaria productiva de la naci\u00f3n y del mundo; y m\u00e1s preparados para socializar, ense\u00f1ar y multiplicar conocimientos.<\/p>\n<p>Se\u00f1oras y se\u00f1ores:<\/p>\n<\/p>\n<p>El 2016 es el a\u00f1o en que el pueblo dominicano va a materializar su decisi\u00f3n de seguir avanzando hasta alcanzar el sue\u00f1o dominicano de un mundo cada vez mejor y m\u00e1s justo para todos y para todas.<\/p>\n<\/p>\n<p>Uno de los temas que concita un inter\u00e9s marcado y especial atenci\u00f3n de parte nuestra es la equidad, como condici\u00f3n \u00fanica e ineludible de dar a cada quien lo que le corresponde; de manera particular, la equidad de g\u00e9nero como principio fundamental de respeto a los derechos inherentes a la mujer.<\/p>\n<\/p>\n<p>El Congreso Nacional, en la persona de cada legislador y legisladora, defiende y auspicia el principio de la equidad por ser la representaci\u00f3n mayor del equilibrio de justicia natural y convivencia pac\u00edfica de la sociedad.<\/p>\n<\/p>\n<p>Poniendo el sentido com\u00fan y el di\u00e1logo como estandartes, seguiremos allanando el camino de la igualdad.<\/p>\n<\/p>\n<p>La mujer dominicana tiene que estar presente en condiciones de igualdad.<\/p>\n<\/p>\n<p>\u00a1Uno a Una. Ni m\u00e1s ni menos!<\/p>\n<\/p>\n<p>La mujer dominicana, digna y virtuosa, valiente y decidida, debe participar en la primera l\u00ednea del combate hacia el progreso y su contribuci\u00f3n al proceso de crecimiento y desarrollo del pa\u00eds, en cada empresa o instituci\u00f3n, debe ser valorada con correcci\u00f3n y justeza.<\/p>\n<\/p>\n<p>Nosotros, los legisladores y legisladoras de la Rep\u00fablica, por convicci\u00f3n y deber, vamos a seguir trabajando conah\u00ednco y sin descanso por todos nuestros conciudadanos, especialmente por la mujer, ahora m\u00e1s que nunca, dentro del proceso hist\u00f3rico que vivimos, en el cual ha de desempe\u00f1ar un papel estelar.<\/p>\n<\/p>\n<p>Es menester que se contin\u00fae la ejecuci\u00f3n y ampliaci\u00f3n de los actuales planes y programas de desarrollo, de modo<\/p>\n<p>que la mujer dominicana sea provista de las condiciones e instrumentos necesarios para la satisfacci\u00f3n de sus necesidades esenciales y para su debido crecimiento individual y familiar.<\/p>\n<\/p>\n<p>Concluimos estas palabras compartiendo una expresi\u00f3n, nacida en lo m\u00e1s profundo de nuestro coraz\u00f3n, como mensaje de aliento a la mujer dominicana, en el D\u00eda de nuestra Independencia, con la certeza de que es el sentimiento colectivo del Congreso Nacional:<\/p>\n<\/p>\n<p>\u00a1Mujer, Mujer Dominicana, lev\u00e1ntate y participa, porque aqu\u00ed, nada se puede hacer sin ti y nada puede pasar<\/p>\n<p>sin ti!<\/p>\n<\/p>\n<p>\u00a1Gracias, muchas gracias!\u00a1QUE VIVAN LOS H\u00c9ROES Y HERO\u00cdNAS DE NUESTRA<\/p>\n<p>INDEPENDENCIA!<\/p>\n<p>\u00a1QUE VIVA LA REP\u00daBLICA DOMINICANA!<\/p>\n<p>\u00a1Que Dios les Bendiga!<\/p>\n<h6> 2016-02-27 09:42:15 <\/h6>\n<p><!--\n<link rel=\"stylesheet\" href=\"css\/bootstrap.min.css\">\n\n\n<ul class=\"pagination\">\n\t    \n\t\n\n<li >\n\t<a href='?page_no=13582'>Previous<\/a>\n\t<\/li>\n\n\n       \n    \n\n<li><a href='?page_no=1'>1<\/a><\/li>\n\n\n\n<li><a href='?page_no=2'>2<\/a><\/li>\n\n\n\n<li><a>...<\/a><\/li>\n\n\n\n<li><a href='?page_no=13581'>13581<\/a><\/li>\n\n\n\n<li><a href='?page_no=13582'>13582<\/a><\/li>\n\n\n\n<li class='active'><a>13583<\/a><\/li>\n\n\n\n<li><a href='?page_no=13584'>13584<\/a><\/li>\n\n\n\n<li><a href='?page_no=13585'>13585<\/a><\/li>\n\n\n\n<li><a>...<\/a><\/li>\n\n\n\n<li><a href='?page_no=56169'>56169<\/a><\/li>\n\n\n\n<li><a href='?page_no=56170'>56170<\/a><\/li>\n\n    \n\t\n\n<li >\n\t<a href='?page_no=13584'>Next<\/a>\n\t<\/li>\n\n\n    \n\n<li><a href='?page_no=56170'>Last &rsaquo;&rsaquo;<\/a><\/li>\n\n<\/ul>\n\n\n--><br \/>\n<\/body><\/p>\n","protected":false},"excerpt":{"rendered":"<p>Santo Domingo RD 27 febrero. La presidenta del Senado licenciada Cristina Lizardo prunncio un discurso anbte la Asamblea Nacionbal previo a la presentaci\u00f3n del presidente de la Rep\u00fablica Danilo Medina Se\u00f1oras y Se\u00f1ores: En estricto cumplimiento de lo establecido en el Ac\u00e1pite 1, del Art\u00edculo 121 de la Constituci\u00f3n de la Rep\u00fablica Dominicana, proclamada el [&hellip;]<\/p>\n","protected":false},"author":3,"featured_media":0,"comment_status":"open","ping_status":"open","sticky":false,"template":"","format":"standard","meta":{"footnotes":""},"categories":[20],"tags":[],"class_list":["post-219241","post","type-post","status-publish","format-standard","hentry","category-dominicana-hoy"],"_links":{"self":[{"href":"https:\/\/diariodominicano.com\/index.php?rest_route=\/wp\/v2\/posts\/219241","targetHints":{"allow":["GET"]}}],"collection":[{"href":"https:\/\/diariodominicano.com\/index.php?rest_route=\/wp\/v2\/posts"}],"about":[{"href":"https:\/\/diariodominicano.com\/index.php?rest_route=\/wp\/v2\/types\/post"}],"author":[{"embeddable":true,"href":"https:\/\/diariodominicano.com\/index.php?rest_route=\/wp\/v2\/users\/3"}],"replies":[{"embeddable":true,"href":"https:\/\/diariodominicano.com\/index.php?rest_route=%2Fwp%2Fv2%2Fcomments&post=219241"}],"version-history":[{"count":0,"href":"https:\/\/diariodominicano.com\/index.php?rest_route=\/wp\/v2\/posts\/219241\/revisions"}],"wp:attachment":[{"href":"https:\/\/diariodominicano.com\/index.php?rest_route=%2Fwp%2Fv2%2Fmedia&parent=219241"}],"wp:term":[{"taxonomy":"category","embeddable":true,"href":"https:\/\/diariodominicano.com\/index.php?rest_route=%2Fwp%2Fv2%2Fcategories&post=219241"},{"taxonomy":"post_tag","embeddable":true,"href":"https:\/\/diariodominicano.com\/index.php?rest_route=%2Fwp%2Fv2%2Ftags&post=219241"}],"curies":[{"name":"wp","href":"https:\/\/api.w.org\/{rel}","templated":true}]}}