{"id":219238,"date":"2016-02-27T12:15:28","date_gmt":"2016-02-27T12:15:28","guid":{"rendered":"http:\/\/diariodominicano.ddns.net\/?p=219238"},"modified":"2016-02-27T12:15:28","modified_gmt":"2016-02-27T12:15:28","slug":"discurso-del-presidente-danilo-medina-de-rendicion-de-cuentas","status":"publish","type":"post","link":"https:\/\/diariodominicano.com\/?p=219238","title":{"rendered":"Discurso del Presidente Danilo Medina de Rendici\u00f3n de Cuentas"},"content":{"rendered":"<p><body><\/p>\n<p>Discurso de Rendici\u00f3n de Cuentas del Excelent\u00edsimo Se\u00f1or Presidente de la Rep\u00fablica, Lic. Danilo Medina ante la Asamblea Nacional.<\/p>\n<p>27 de Febrero 2016<\/p>\n<\/p>\n<p>Honorable Lic. Cristina Lizardo M\u00e9zquita, <\/p>\n<p>Presidenta del senado de la Rep\u00fablica y de esta Asamblea Nacional;<\/p>\n<\/p>\n<p>Honorable Dra. Margarita Cede\u00f1o de Fern\u00e1ndez,<\/p>\n<p>Vicepresidenta de la Rep\u00fablica;   <\/p>\n<\/p>\n<p>Honorable Lic. C\u00e1ndida Montilla de Medina,<\/p>\n<p>Primera Dama de la Rep\u00fablica; <\/p>\n<\/p>\n<p>Honorable Dr. Mariano Germ\u00e1n Mej\u00eda, <\/p>\n<p>Presidente de la Suprema Corte de Justicia;   <\/p>\n<\/p>\n<p>Honorable Dr. Milton Ray Guevara,<\/p>\n<p>Presidente del Tribunal Constitucional;     <\/p>\n<\/p>\n<p>Honorable Dr. Roberto Rosario M\u00e1rquez,<\/p>\n<p>Presidente de la Junta Central Electoral;   <\/p>\n<\/p>\n<p>Honorable Dr. Mariano Rodr\u00edguez,<\/p>\n<p>Presidente del Tribunal Superior Electoral; <\/p>\n<\/p>\n<p>Honorable Lic. Abel Mart\u00ednez Dur\u00e1n,<\/p>\n<p>Presidente de la C\u00e1mara de Diputados; <\/p>\n<\/p>\n<p>Honorable Dra. Licelotte Marte de Barrios,<\/p>\n<p>Presidenta de la C\u00e1mara de Cuentas;     <\/p>\n<\/p>\n<p>Honorable Dra. Zoila Mart\u00ednez Guante,<\/p>\n<p>Defensora del Pueblo; <\/p>\n<\/p>\n<p>Su Excelencia Reverend\u00edsima  Monse\u00f1or Jude Thaddeus Okolo, <\/p>\n<p>Nuncio Apost\u00f3lico de su Santidad y Decano del Cuerpo Diplom\u00e1tico acreditado en el pa\u00eds; <\/p>\n<\/p>\n<p>Honorables Miembros del Cuerpo Diplom\u00e1tico y Consular Acreditados en la Republica Dominicana; <\/p>\n<\/p>\n<p>Honorables Miembros de Organismos Internacionales acreditados ante el Gobierno de la Rep\u00fablica Dominicana;  <\/p>\n<\/p>\n<p>Honorables Miembros de la Asamblea Nacional;  <\/p>\n<\/p>\n<p>Se\u00f1ores Ministros y dem\u00e1s funcionarios del Gobierno;<\/p>\n<\/p>\n<p>Autoridades Civiles y Militares; <\/p>\n<\/p>\n<p>Invitados Especiales;  <\/p>\n<\/p>\n<p>Pueblo dominicano; <\/p>\n<\/p>\n<p>Este es el cuarto y \u00faltimo a\u00f1o de este periodo en que tengo el honor de comparecer ante ustedes.<\/p>\n<\/p>\n<p>Una vez m\u00e1s, en el d\u00eda en que honramos a la Patria Dominicana y a sus h\u00e9roes, me presento ante este Honorable Congreso de nuestro pueblo, para rendir cuentasdel gobierno. <\/p>\n<\/p>\n<p>Recuerdo muy bien cuando me dirig\u00ed ante ustedes el 27 de Febrero del a\u00f1o 2013, cuando llevaba apenas 6 meses siendo Presidente. <\/p>\n<\/p>\n<p>Muchos cre\u00edan entonces que ven\u00edamos a hacer un gobierno corriente. Que no nos atrever\u00edamos a realizar grandes transformaciones. Que ven\u00edamos solo a gestionar lo existente. Se equivocaban. <\/p>\n<\/p>\n<p>Llegamos al gobierno con un objetivo claro. Un objetivo dif\u00edcil, que necesitar\u00eda de mucho esfuerzo, pero muy claro. Cambiar la Rep\u00fablica Dominicana, cambiarla para siempre. <\/p>\n<\/p>\n<p>De pie en este mismo podio, les dije que no ser\u00edan pocas las batallas que tendr\u00edamos que librar, pero que para librarlas cont\u00e1bamos con el ejemplo denuestros h\u00e9roes y libertadores, quienes nunca se apartaron de su rumbo. <\/p>\n<\/p>\n<p>Ese es el rumbo que hemos seguido estos cuatro a\u00f1os. Y efectivamente, con el ejemplo de nuestros pr\u00f3ceres, con trabajo constante y, sobre todo, con el apoyo entusiasta de nuestro pueblo,la Rep\u00fablica Dominicana est\u00e1 cambiando. <\/p>\n<\/p>\n<p>Estamos librando una batalla tras otra y las estamos ganando. Luchamos contra una idea, una idea vieja, desgastada, que ha hecho mucho da\u00f1o a este pa\u00eds. <\/p>\n<\/p>\n<p>Hablo de la idea de que las cosas no pueden mejorar. De que hay metas que otros pa\u00edses pueden alcanzar, pero nosotros no. De que hay sue\u00f1os que nos est\u00e1n vedados. <\/p>\n<\/p>\n<p>Todos ustedes conocen bien esa idea, la han o\u00eddo mil veces, algunos hasta le han puesto nombre, la han llamado el pesimismo dominicano, e inclusose le han dedicado libros. <\/p>\n<\/p>\n<p>Pero ha llegado ya el momento de cerrar esos libros. <\/p>\n<p>Ha llegado el momento de creer en nosotros mismos. <\/p>\n<p>Ha llegado la era del optimismo dominicano!!<\/p>\n<\/p>\n<p>Yo siempre he tenido la certeza de que somos capaces de hacer grandes cosas. Y en el 2012, el pueblo dominicano decidi\u00f3 creer en nuestro proyecto y apostar a que S\u00cd se pod\u00eda cambiar. <\/p>\n<\/p>\n<p>Decidimos entonces que lo que logran otros pa\u00edses,si queremos, lo podemos lograr tambi\u00e9n. Que absolutamente ning\u00fan sue\u00f1o es demasiado grande.Que podemos y debemos hacer lo que nunca se ha hecho. <\/p>\n<\/p>\n<p>El pueblo ya se cans\u00f3 de pesimismoy se cans\u00f3 de excusas. Porquenuestra gente sabe bien que el que quiere realmente hacer algo encuentra la forma, y el que no quiere, encuentra una excusa. <\/p>\n<\/p>\n<p>Hemos abierto los ojos y ahora vemos con claridad&#8230;<\/p>\n<\/p>\n<p>Que decir que el hijo de un hogar humilde no merece una buena educaci\u00f3n, no es m\u00e1s que es una excusa. <\/p>\n<\/p>\n<p>Que creer que siempre va a haber analfabetos, es una gran mentira. <\/p>\n<\/p>\n<p>Que pensar que la salud es solo para el que la puede pagar, es otrogran enga\u00f1o.<\/p>\n<\/p>\n<p>Que cosas como un estado de bienestar, o incluso el metro, o el 911, las tienen solo en Europa, nada de eso es verdad. <\/p>\n<\/p>\n<p>Que la Rep\u00fablica Dominicana siempre va a ser un pa\u00eds pobre, esa es la mentira m\u00e1s grande de todas.  <\/p>\n<\/p>\n<p>Eso es lo que este gobierno ha venido a cambiar. Eso es lo que estamos demostrando. Que s\u00ed podemos. <\/p>\n<\/p>\n<p>Este pa\u00eds vuelve a tener esperanza, porque el cambio se nota, se nota en la calle y se nota en los pueblos. <\/p>\n<\/p>\n<p>No es una promesa, no es una oferta, es una realidad. Una realidad que se abre camino, paso a paso, d\u00eda tras d\u00eda.  <\/p>\n<\/p>\n<p>Los dominicanos hemos recuperado la confianza en nosotros mismos, hemos recuperado el rumbo, y ya nadie puede pararnos.<\/p>\n<\/p>\n<p>Esta es nuestra revoluci\u00f3n. Es una revoluci\u00f3n de las expectativas, de la confianza y de la fe.Y es tambi\u00e9n una revoluci\u00f3n material. De escuelas llenas,de hospitales nuevos,de campos sembrados y de comida en la mesa. <\/p>\n<\/p>\n<p>Esta es la revoluci\u00f3n que les promet\u00ed. Esta es la revoluci\u00f3n que estamos haciendo realidad. Una revoluci\u00f3n que, en el fondo, es muy sencilla. <\/p>\n<\/p>\n<p>Trabajamos simplemente para que cuando un ni\u00f1o, o una ni\u00f1a, nazca en esterinc\u00f3n de las Am\u00e9ricas que es nuestra patria, tenga todo lo necesario para crecer sano y feliz y ser todo lo que quiera ser. Que nunca m\u00e1s les digan a nuestros hijos e hijasque no pueden. <\/p>\n<\/p>\n<p>Esta es nuestra revoluci\u00f3n, pac\u00edfica, ordenada, casi silenciosa, pero totalmente real. <\/p>\n<\/p>\n<p>Hay un pa\u00eds que en menos de cuatro a\u00f1os ha sacado de la pobreza a m\u00e1s de 950,000 personas.<\/p>\n<\/p>\n<p>Mientras otros entran en crisis econ\u00f3mica, hay un pa\u00eds que est\u00e1 creciendo al 7%. <\/p>\n<\/p>\n<p>Hay un pa\u00eds que ha creado empleo para su gente durante 40 meses seguidos. <\/p>\n<\/p>\n<p>Mientras otros recortan en salud, hay un pa\u00eds que ha ampliado la cobertura a toda su poblaci\u00f3n pobre. <\/p>\n<\/p>\n<p>Hay un pa\u00eds que, en menos de 4 a\u00f1os, ha puesto en marcha la mayor revoluci\u00f3n educativa de su historia.<\/p>\n<\/p>\n<p>Hay un pa\u00eds de 10 millones de habitantes que ha recibido 5 millones 600 mil turistas este a\u00f1o. <\/p>\n<\/p>\n<p>Hay un pa\u00eds en el que la salud, la educaci\u00f3n, el cr\u00e9dito y la vivienda son cada vez m\u00e1s derechos reales de cada uno de los hombres y mujeres que lo habitan. <\/p>\n<\/p>\n<p>Y si alguien les pregunta \u00bfque pa\u00eds es ese?, pueden decirles, con confianza, con una sonrisa:ese es mi pa\u00eds, esa es la Rep\u00fablica Dominicana!<\/p>\n<\/p>\n<p>Se\u00f1oras y se\u00f1ores, <\/p>\n<\/p>\n<p>Vayamos paso a paso. Veamos lo que sucede en nuestra regi\u00f3n, para tomar un poco en perspectiva y ver hasta qu\u00e9 punto tiene sentido recuperar la confianza en nosotros mismos.<\/p>\n<\/p>\n<p>Este a\u00f1o, Am\u00e9rica Latina crecer\u00e1 apenas un 0,2%, con alguna de sus principales econom\u00edas adentr\u00e1ndose en la recesi\u00f3n. <\/p>\n<\/p>\n<p>Por el contrario, la Rep\u00fablica Dominicana, creci\u00f3 un 7% en 2015 y se prev\u00e9 que siga por el mismo camino en 2016. <\/p>\n<\/p>\n<p>Mientras otros pa\u00edses de la regi\u00f3n se estremecen por la crispaci\u00f3n pol\u00edtica, por el enfrentamiento entre gobierno y sectores productivos, o por las luchas entre las clases sociales, nuestra realidad es muy diferente. <\/p>\n<\/p>\n<p>Los dominicanos hemos logrado crear un clima de cooperaci\u00f3n y de confianza que une a todos, al pueblo, al gobierno, a los productores, a los empresarios, a todas las regiones y los credos, en torno a un proyecto compartido. <\/p>\n<\/p>\n<p>Un proyecto que ilusiona a todos, porque necesita de todos y mejora la vida de todos. Este es nuestro proyecto. <\/p>\n<\/p>\n<p>Esto explica nuestro crecimiento, esto explica que cada d\u00eda seamos m\u00e1s fuertes. Y es justo que nos paremos un momento y nos felicitemos por ello, porque ni la paz, ni la prosperidad llegan a un pa\u00eds fruto de la improvisaci\u00f3n.<\/p>\n<\/p>\n<p>Todos recordamos con amargura lo que pasa cuando el rumbo de un pa\u00eds no est\u00e1 claro. <\/p>\n<\/p>\n<p>Y todo estamos viendo tambi\u00e9n lo que es posible lograr cuando la \u00fanica br\u00fajula de un gobierno es su pueblo.<\/p>\n<\/p>\n<p>Estamos creando una Rep\u00fablica Dominicana m\u00e1s grande, porque nuestra patria es m\u00e1s fuerte cuanto m\u00e1s unida est\u00e9 nuestra gente, cuanto m\u00e1s integrada se sienta en un proyecto com\u00fan de pa\u00eds. <\/p>\n<\/p>\n<p>Honorables Asamble\u00edstas,<\/p>\n<\/p>\n<p>Para los que tienen predilecci\u00f3n por las estad\u00edsticas y prefieren el lenguaje de las cifras, a continuaci\u00f3n les voy a dar algunas. <\/p>\n<\/p>\n<p>Les promet\u00ed que luchar\u00eda por una Rep\u00fablica Dominicana con una amplia y fuerte clase media. Y la clase media que era de 20.7%a principio de nuestra gesti\u00f3n creci\u00f3 8 puntos porcentuales y hoy es del 28.9%.<\/p>\n<\/p>\n<p>Tras crecer en promedio 6,5% entre 2013 y 2014, nuestro pa\u00eds creci\u00f3 un 7% m\u00e1s en 2015.<\/p>\n<\/p>\n<p>Este ritmo de crecimiento se logr\u00f3 en el contexto de baja inflaci\u00f3n.Durante el per\u00edodo 2013-2015, la inflaci\u00f3n creci\u00f3 a un promedio anual de 2.88%, el menor promedio hist\u00f3rico para los primeros tres a\u00f1os de un periodo gubernamental desde 1970, es decir de los \u00faltimos 46 a\u00f1os y niveles de reservas internacionales sin precedentes, que representan 3.6 meses de importaciones, superando los 3.0 meses exigidos por el FMI.<\/p>\n<\/p>\n<p>Este excelente desempe\u00f1o estuvo impulsado por el desarrollo de  sectores como el de la construcci\u00f3n, que en el \u00faltimo a\u00f1ocreci\u00f3 18.2%,del comercio (9.1%), servicios bancarios (9.2%), Ense\u00f1anza (8.6%), Transporte y Almacenamiento (6.4%),Hoteles, Bares y Restaurantes (6.3%), Zonas Francas (5.8%),Salud (5.8%),Manufactura Local (5.5%),  y otros servicios (4.1%).<\/p>\n<\/p>\n<p>Otro dato consistente con el excelente momento que vive nuestra econom\u00eda es el dinamismo exhibido en la cartera de pr\u00e9stamos al sector privado del sistema financiero consolidado, con un aumento de 88,670 millones de pesos, equivalente a un crecimiento de 12.6% en t\u00e9rminos anualizados. <\/p>\n<\/p>\n<p>Y nos complace especialmente que en estos a\u00f1os el segmento de la cartera de cr\u00e9dito que mostr\u00f3 mayor crecimiento en t\u00e9rminos relativos fueronlos pr\u00e9stamos a las Microempresas, que pr\u00e1cticamente se duplicaron al pasar de RD$11,598.4 millones en diciembre de 2012 a RD$22,701.1 millones en diciembre de 2015. <\/p>\n<\/p>\n<p>Adicionalmente, los pr\u00e9stamos a los sectores con mayores crecimientos promedio en esos 3 a\u00f1os fueron Construcci\u00f3n (24.0%), Consumo (17.5%), Comercio (17.1%), Industrias Manufactureras (14.2%), Adquisici\u00f3n de Viviendas (13.3%) y Hoteles, Bares y Restaurantes (12.3%).<\/p>\n<\/p>\n<p>Este es un retrato econ\u00f3mico que, si me permiten decirlo, es la envidia de cualquier pa\u00eds de la regi\u00f3n.<\/p>\n<\/p>\n<p>Pero soy consciente de que hay quien gusta de poner en duda las cifras que damos desde el gobierno, as\u00ed que tambi\u00e9n voy a darles algunas que nos llegan de fuera. <\/p>\n<\/p>\n<p>Porque nuestro progreso tambi\u00e9n es reconocido en el exterior, en los \u00faltimos 4 a\u00f1os, el pa\u00eds ha tenido una asombrosa escalada de 33 posiciones en el ranking Doing Business, elaborado por el Banco Mundial.<\/p>\n<\/p>\n<p>Subimos tres puestos m\u00e1s en el \u00cdndice de Competitividad Global 2015-2016,  si se compara con la medici\u00f3n del a\u00f1o pasado. El pa\u00eds pas\u00f3 de la posici\u00f3n 101 a la 98 de un total de140 pa\u00edses que estudia el Foro Econ\u00f3mico Mundial. En los \u00faltimos 5 a\u00f1os el pa\u00eds ha ascendiendo 12 posiciones.<\/p>\n<\/p>\n<p>En tres a\u00f1os pasamos tambi\u00e9n de la posici\u00f3n 10 a la 7 en el Latin Business Index 2015, reconociendo avances en aspectos como el capital m\u00ednimo para empezar un negocio, reducci\u00f3n en el plazo para establecerlo o para obtener permisos de construcci\u00f3n. <\/p>\n<\/p>\n<p>Todo esto se ha logrado a trav\u00e9s de una estrategia que incluye diversas medidas, entre ellas la facilitaci\u00f3n del asentamiento de la inversi\u00f3n a trav\u00e9s de la Ventanilla \u00danica de Inversi\u00f3n (VUI). <\/p>\n<\/p>\n<p>Se ha prestadoasistencia t\u00e9cnica a 1,618 inversionistas y potenciales inversionistas, y se han realizado m\u00e1s de 15 misiones de inversi\u00f3n al exterior, logrando contactar cerca de mil nuevos potenciales inversionistas.<\/p>\n<\/p>\n<p>El 2016, a pesar de ser periodo electoral, no parece preocupar a los inversionistas que, contin\u00faan llegando a buen ritmo a nuestro pa\u00eds, confiados en nuestra estabilidad democr\u00e1tica. <\/p>\n<\/p>\n<p>Las proyecciones apuntan a que la econom\u00eda dominicana se expandir\u00e1 en torno a un6.0% en el 2016, en l\u00ednea con su crecimiento potencial, con una meta de inflaci\u00f3n de 4.0% y en un ambiente de estabilidad relativa de la tasa de cambio. <\/p>\n<\/p>\n<p>Se espera un d\u00e9ficit en cuenta corriente de alrededor del 2.0% del PIB y un ahorro de m\u00e1s de US$800 millones en la factura petrolera, que sumado al alcanzado en el 2015, significa un ahorro total de m\u00e1s de US$2,000 millones para la econom\u00eda dominicana. <\/p>\n<\/p>\n<p>Los ingresos por divisas ser\u00edan muy superiores a los US$24,000 millones, con exportaciones de m\u00e1s de US$10,000 millones, mientras que las divisas por turismo estar\u00e1n por encima de US$6,500 millones, las remesas alcanzar\u00edan m\u00e1s de US$5,136.8 millones y la inversi\u00f3n extranjera directa est\u00e1 previsto que supere los US$2,400 millones.<\/p>\n<\/p>\n<p>Se\u00f1oras y se\u00f1ores<\/p>\n<\/p>\n<p>Nunca me cansar\u00e9 de decirlo: todo este crecimiento es importante, pero solo lo es en la medida en que alcanza a nuestra gente, en la medida en que transforma vidas, disminuye la pobreza y la desigualdad. Y en eso nos hemos centrado estos cuatro a\u00f1os.<\/p>\n<\/p>\n<p>Las cifras de reducci\u00f3n de la pobreza que tenemos son realmente esperanzadoras. Seg\u00fan los resultados obtenidos siguiendo la metodolog\u00eda del Programa de las Naciones Unidas para el Desarrollo y del Banco Mundial, entre el 15 de septiembre de 2012 y el 15 de septiembre de 2015; 950,192 dominicanos y dominicanas salieron de la pobreza.<\/p>\n<\/p>\n<p>Por supuesto, estas m\u00e1s de 950 mil personas no han salido de la pobreza por casualidad.  <\/p>\n<\/p>\n<p>Han logrado mejorar su situaci\u00f3n con su trabajo, gracias a que el empleo est\u00e1 creciendo. Y lo han logrado tambi\u00e9n gracias a la inversi\u00f3n contundente que estamos haciendo en la gente, a trav\u00e9s de las pol\u00edticas sociales. <\/p>\n<\/p>\n<\/p>\n<\/p>\n<p>Les dar\u00e9 un ejemplo. Hoy en d\u00eda, una familia dominicana que tenga un hijo atendido en estancia infantil; otro hijo en tanda extendida; que cuente con los beneficios de la Tarjeta Solidaridad, que incluye los bonos \u00abComer es Primero\u00bb, \u00abBono-Gas\u00bb, \u00abBono-Luz\u00bb y las transferencias condicionadas por enviar a su hijo a la escuela, tiene un ahorro anual de m\u00e1s de 190,000 pesos.(Exactamente RD$192,564 o lo que es lo mismo, m\u00e1s de RD$16,000 mensuales)<\/p>\n<\/p>\n<p>Eso sin sumar los beneficios que obtiene al comprar medicamentos m\u00e1s baratos en las farmacias del pueblo o tener seguro subsidiado del SENASA.<\/p>\n<\/p>\n<p>Por todo esto, quisiera agradecer el trabajo incansable de la Vicepresidenta, Margarita Cede\u00f1o de Fern\u00e1ndez, que nos ha apoyado para que esos programas sociales se manejen con responsabilidad y de acuerdo a los est\u00e1ndares de transparencia que son nuestra se\u00f1a de identidad. <\/p>\n<\/p>\n<p>Pero sabemos, por supuesto, que para alguien que todav\u00eda sigue siendo pobre, que a\u00fan est\u00e1 cogiendo lucha, esa cifra parece vac\u00eda. Y me identifico con ellos, porque a\u00fan no estoy satisfecho, a\u00fan hay muchas m\u00e1s personas a las que vamos a ayudar. <\/p>\n<\/p>\n<p>Nuestra meta como pa\u00eds debeseguir siendo dejar atr\u00e1s para siempre la pobreza extrema y la desigualdad. <\/p>\n<\/p>\n<p>El a\u00f1o pasado, como recordar\u00e1n, nos comprometimos a iniciar un programa espec\u00edfico en este sentido y ya estamos avanzando en \u00e9l.<\/p>\n<\/p>\n<p>Para ello, la vicepresidencia de la Rep\u00fablica, en colaboraci\u00f3n con el Banco Mundial, ya ha puesto en marcha un plan que contempla el apoyo a 180,000 personas. <\/p>\n<\/p>\n<p>Adem\u00e1s, el gobierno dominicano tiene dise\u00f1ado otros programas que nos permitir\u00edan ampliar esa cobertura y lograr reducir hasta el 1%, es decir, casi por completo, el total de los dominicanos en extrema pobreza.<\/p>\n<\/p>\n<p>Sin embargo, a medio y largo plazo, la \u00fanica manera de combatir la pobreza de manera sostenible y lograr nuestra meta de ser una sociedad de clases medias es la creaci\u00f3n de empleo. <\/p>\n<\/p>\n<p>Crear nuevos puestos de empleo dignos y formalizar los existentes fue nuestro principal objetivo al llegar al gobierno, y hoy podemos decir que es una meta que hemos cumplido. <\/p>\n<\/p>\n<p>En enero de 2016 creamos el puesto de trabajo n\u00famero 400,000. Tras 40 meses consecutivos de crecimiento y generaci\u00f3n de empleo. <\/p>\n<\/p>\n<p>Ah\u00ed est\u00e1n los datos del ministerio de trabajo y de la Seguridad Social para corroborarlo.<\/p>\n<\/p>\n<p>Y d\u00e9jenme decirles que lograr esas cifras no ha sido magia. No ha sido casualidad. No ha sido improvisaci\u00f3n.<\/p>\n<\/p>\n<p>\u00bfC\u00f3mo lo estamos logrando?<\/p>\n<\/p>\n<p>Estamos aplicando una estrategia doble: por un lado, hemos reforzado y revitalizado los sectores tradicionales de nuestra econom\u00eda, como son el campo, y las manufacturas. <\/p>\n<\/p>\n<p>Por otro, hemos avanzado en integrar a nuevos sectores sociales en la econom\u00eda formal. Por ejemplo, apostando por nuestros peque\u00f1os emprendedores, que a veces solo necesitan ese primer cr\u00e9dito para poner en marcha su negocio. O buscando nuevos modelos de turismo y m\u00e1s inversiones. <\/p>\n<\/p>\n<p>Empecemos hablando del campo. Como saben, este Gobierno se comprometi\u00f3 a cambiarle el rostro al campo dominicano. <\/p>\n<\/p>\n<p>Esta es una promesa que he renovado personalmente, semana tras semana, visitando a comunidades y productores en cada una de nuestras provincias. Porque el campo es el alma de la Rep\u00fablica Dominicana y solo d\u00e1ndole vida podemos aspirar a transformar el pa\u00eds.  <\/p>\n<\/p>\n<p>He realizado 129 visitas sorpresas en todo el pa\u00eds. Esto se tradujo en 657 proyectos asumidoscon las comunidades. Compromisos que se han traducido en inversiones por m\u00e1s de 16,376 millones de pesos, los cuales ya han generado m\u00e1s de 100,000 empleos directos y m\u00e1s de 180,000 indirectos.<\/p>\n<\/p>\n<p>Lo que hemos logrado, aqu\u00ed tambi\u00e9n, es desterrar falsos mitos, y recuperar la confianza en nuestras fuerzas productivas. <\/p>\n<\/p>\n<p>Hasta hace muy poco, se le dec\u00eda a la gente en el campo que all\u00ed no ten\u00edan futuro, que vendieran esas tierras y se fuesen a trabajar a la capital, o a otro pa\u00eds. <\/p>\n<\/p>\n<p>Hasta hace muy poco, si la gente quer\u00eda sacar adelante un proyecto, ten\u00edan que tomar pr\u00e9stamos con usureros o peregrinar en busca de apoyo.<\/p>\n<\/p>\n<p>Nosotros hemos salido a buscarlos. Les hemos dicho, qu\u00e9dense aqu\u00ed, en su tierra, necesitamos de su trabajo y necesitamos de sus cultivos. Y no se preocupen, porque toda la ayuda que necesiten para ponerse a producir, nosotros se la vamos a dar. <\/p>\n<\/p>\n<p>Y eso es exactamente lo que hemos hecho. En 2015, la producci\u00f3n de alimentos lleg\u00f3 a  los 132.3 millones de quintales. Esto es un 5.6%  m\u00e1s que el 2013.Es justo decir tambi\u00e9n que, a pesar de la pertinaz sequ\u00eda que vivimos el pasado a\u00f1o, el buen desempe\u00f1o de nuestro sector agropecuario en los 6 primeros meses del a\u00f1o logr\u00f3 compensar la falta de agua y cerrar el a\u00f1o con un crecimiento del 1%.Esto explica que hoy somos una de las pocas naciones del mundo que produce m\u00e1s del 80% de los alimentos que consume. Otro motivo m\u00e1s para sentir orgullo de nuestros productores!<\/p>\n<\/p>\n<p>Y de nuevo, esto no es algo que dice el presidente o su gobierno.<\/p>\n<\/p>\n<p>El \u00e9xito de nuestra iniciativa ha sido ampliamente reconocido fuera de nuestras fronteras, por el  PNUD, por la FAO y por las delegaciones de pa\u00edses hermanos que han querido conocerlas de primera mano. <\/p>\n<\/p>\n<p>Por todo esto podemos decir que, si alguien afirma que estas visitas no tienen importancia, es porque esa persona no conoce la realidad del pueblo dominicano. <\/p>\n<\/p>\n<p>Y me alegra especialmente poder decir que terminamos tambi\u00e9n con otro problema hist\u00f3rico que parec\u00eda end\u00e9mico e inevitable, me refiero al acceso al cr\u00e9dito para el sector agropecuario. <\/p>\n<\/p>\n<p>En cuatro a\u00f1os, hemos conseguido darle soluci\u00f3n.<\/p>\n<\/p>\n<p>Las tasas de inter\u00e9s para la producci\u00f3n agropecuaria han ca\u00eddo del 18% en 2012 al 10% actual.<\/p>\n<\/p>\n<p>Y el flujo de cr\u00e9dito que hemos otorgado asciende m\u00e1s de 57 mil millones de pesosen financiamiento en este periodo de gobierno. <\/p>\n<\/p>\n<p>Eso significa que se ha superado la meta de los 44 mil millones de pesos que prometimos.<\/p>\n<\/p>\n<p>Solo el Banco Agr\u00edcola ha estado prestando a un ritmo de 1,200 millones al mes. <\/p>\n<\/p>\n<p>Para este 2016, la meta es destinar RD$17,304 millones para financiar los cultivos, especialmente de aquellos productos que se encuentran diariamente en la mesa de las familias, para que as\u00ed sean m\u00e1s baratos. <\/p>\n<\/p>\n<p>Porque como ya he dicho anteriormente, quiero ser el Presidente de la econom\u00eda familiar. Y eso significa, entre otras cosas, que vamos a seguir enfocados en producir alimentos de calidad y a precios razonables para nuestra gente , es decir, defendiendo nuestra soberan\u00eda alimentaria. Porque la comida en los hogares es una prioridad para el Estado. <\/p>\n<\/p>\n<p>Se\u00f1oras y se\u00f1ores,<\/p>\n<\/p>\n<p>No podemos olvidar que una gran parte de ese dinamismo de nuestra econom\u00eda, de ese 7% de crecimiento, viene dado por el turismo. <\/p>\n<\/p>\n<\/p>\n<p>Por eso, me alegra anunciar que hemos consolidado definitivamente el turismo como uno de nuestros principales motores de crecimiento, con un dinamismo que aprovechan otros sectores, como la agricultura y el comercio. <\/p>\n<\/p>\n<p>Entre enero y noviembre de 2015, la Rep\u00fablica Dominicana tuvo un crecimiento de  8.9%, un resultado superior al crecimiento promedio del Caribe. Eso nos mantiene como el destino m\u00e1s visitado de la regi\u00f3n, con m\u00e1s de 5 millones y medio de turistas. <\/p>\n<\/p>\n<p>Soy consciente de que en el pasado he dado discursos parecidos sobre el turismo. <\/p>\n<\/p>\n<p>Y, de alguna manera, nos hemos acostumbrado a que a\u00f1o tras a\u00f1o el sector traiga m\u00e1s visitantes, m\u00e1s crecimiento, y m\u00e1s empleo. Pero eso tampoco es magia. Tampoco es fruto de la improvisaci\u00f3n. <\/p>\n<\/p>\n<p>Por el contrario, si hemos logrado mantener y ampliar nuestra cuota de mercado frente a otros destinos competidores, es porque trabajamos en ello sin descanso. <\/p>\n<\/p>\n<p>Porque este desempe\u00f1o envidiable es el resultado de la publicidad y promoci\u00f3n que hacen el MITUR y el sector privado, as\u00ed como del programa de inversiones p\u00fablicas que hemos llevado a cabo, con 23 proyectos de infraestructura tur\u00edstica solo en 2015.<\/p>\n<\/p>\n<p>En cuanto al n\u00famero de turistas de cruceros, uno de nuestros objetivos de mercado, \u00e9ste aument\u00f3 considerablemente. Solo en el periodo enero-septiembre 2015, las llegadas de cruceristas ascendieron a 373,176, no obstante, se espera un aumento considerable ahora que hemos inaugurado la terminal Amber Cove en Maim\u00f3n, Puerto Plata.<\/p>\n<\/p>\n<p>El Consejo de Fomento Tur\u00edstico aprob\u00f3 cuarenta y seis proyectos tur\u00edsticos con una inversi\u00f3n de US$1,577 millones, que aportar\u00e1n unas 11,268 habitaciones y generar\u00e1n unos 16,900 nuevos empleos directos e indirectos, adem\u00e1s de los creados en la fase de construcci\u00f3n.<\/p>\n<\/p>\n<p>Un total de 28 hoteles y resorts han sido inaugurados o est\u00e1n en construcci\u00f3n desde 2012. S\u00f3lo el Hard Rock, al que dimos el primer picazo hace un par de semanas, crear\u00e1 4,000 puestos de trabajo en la capital. <\/p>\n<\/p>\n<p>Definitivamente el modelo de las grandes cadenas hoteleras del todo incluido ha cumplido un papel importante, el de situarnos en el mapa mundial del turismo. <\/p>\n<\/p>\n<p>Pero ahora necesitamos evolucionar hacia otro modelo. Necesitamos pasar a un tipo de turismo m\u00e1s ordenado, respetuoso con el medio ambiente, que est\u00e9 planificado por nosotros mismos y enfocado al beneficio de nuestro pueblo. <\/p>\n<\/p>\n<\/p>\n<p>Ahora vamos a poner en juego tambi\u00e9n el atractivo natural del interior, el atractivo de nuestra cultura y el emprendedurismo de nuestra gente para atraer a\u00fan m\u00e1s turismo y repartir a\u00fan m\u00e1s sus beneficios. <\/p>\n<\/p>\n<p>Dominicanos y dominicanas,<\/p>\n<\/p>\n<p>Un tema que es conocido en el pa\u00eds, en este caso por motivos menos optimistas que el turismo, es la necesidad energ\u00e9tica que a\u00fan tenemos. <\/p>\n<\/p>\n<p>Conozco la realidad que viven en sus hogares. S\u00e9 que la factura sigue siendo demasiado alta, tanto para los particulares como para los negocios y que a\u00fan quedan comunidades enteras en las que se repiten los odiosos apagones. <\/p>\n<\/p>\n<p>Por eso, cuando llegu\u00e9 al gobierno les dije que estos cuatro a\u00f1os los destinar\u00edamos a comenzar a cambiar esa realidad, porque este es un problema complejo, en el que sab\u00eda que no podr\u00edamos tener soluciones r\u00e1pidas. <\/p>\n<\/p>\n<p>Y eso que les dije es exactamente lo que hemos hecho. <\/p>\n<\/p>\n<p>Las cosas ya est\u00e1n cambiando para muchas familias. <\/p>\n<\/p>\n<p>Hay muchas comunidades en las que los apagones quedaron atr\u00e1s ycuentan ahora con servicio 24 horas y de alta calidad. Solo en 2015, la CDEEE lo ha llevado a el Dorado, Mara\u00f1\u00f3n, Mirador Isabela, Colinas del Arroyo, Brisas de Los Palmares (Parcial), Campechito, Villa Lorenzo, Urbanizaci\u00f3n Charles de Gaulle, Claribel, Villa Nueva, por citar algunas en Santo Domingo Norte. <\/p>\n<\/p>\n<p>Paralelamente, se han realizado 311 proyectos de rehabilitaci\u00f3n, con una inversi\u00f3n de m\u00e1s de 240 millones de d\u00f3lares. Gracias a este programa de Rehabilitaci\u00f3n y Reducci\u00f3n de P\u00e9rdidas, el 56% de los clientes, es decir, m\u00e1s de 1 mill\u00f3n 155 mil clientes, disfrutan de 24 horas de electricidad. <\/p>\n<\/p>\n<p>Tambi\u00e9n en 2015seguimos trabajando para llevar servicio hastacomunidades alejadas, con la instalaci\u00f3n de9 micro hidroel\u00e9ctricas m\u00e1s en Las Avispas y Rancho Arriba en San Jos\u00e9 de Ocoa, El Dajao y Villa Los Alm\u00e1cigos en Santiago Rodr\u00edguez, La Pelua, Manabao y los Marranitos en Jarabacoa, la Vega, Bateyes La Gr\u00faa, Para\u00edso I y II, Victoria en San Pedro de Macor\u00eds y por \u00faltimo en Quita Coraza, Vicente Noble, Barahona.<\/p>\n<\/p>\n<p>En estos 4 a\u00f1os, la Unidad de Electrificaci\u00f3n Rural y Suburbana ha levantado 23 micro-centrales, 12 proyectos fotovoltaicos, 42 proyectos de electrificaci\u00f3n de redes convencionales y 831 proyectos de rehabilitaci\u00f3n menores, que han llevado servicio a 15 mil familias que antes estaban aisladas.<\/p>\n<\/p>\n<p>Adem\u00e1s, y de acuerdo a nuestro objetivo de diversificar la matriz energ\u00e9tica a trav\u00e9s de fuentes renovables, en marzo ser\u00e1n inaugurados 3 proyectos m\u00e1s que sumar\u00e1n 110 megavatios al sistema el\u00e9ctrico nacional. <\/p>\n<\/p>\n<p>Son el parque e\u00f3lico Larimar, de Enriquillo, el fotovoltaico Monte Plata Solar y el novedoso proyecto San Pedro Bio Energy, que generar\u00e1 30 megavatios a partir de biomasa.<\/p>\n<\/p>\n<p>La vida de muchas comunidadesest\u00e1 mejorando, eso es innegable. Pero lo cierto es que se necesita una soluci\u00f3n global al tema el\u00e9ctrico. <\/p>\n<\/p>\n<p>Por eso, tal como fue nuestra palabra, pusimos en marcha el Pacto El\u00e9ctrico y seguimos con atenci\u00f3n sus progresos. <\/p>\n<\/p>\n<p>A esta fecha, ya se han alcanzado 121 consensos y avanzamos hacia su fase de concreci\u00f3n y firma. <\/p>\n<\/p>\n<p>Si todo camina de acuerdo al calendario establecido por los participantes, estar\u00edamos firmando ese acuerdo el pr\u00f3ximo mes de abril. <\/p>\n<\/p>\n<p>Al mismo tiempo, como saben, sigue seg\u00fan lo previsto la construcci\u00f3n de la Central Punta Catalina. <\/p>\n<\/p>\n<p>Con la llegada del domo de la primera unidad generadora y el inicio de los desembolsos del financiamiento internacional comenz\u00f3 una nueva etapa en la construcci\u00f3n de esa obra. <\/p>\n<\/p>\n<p>Los trabajos de la central en estos momentos est\u00e1n en una ejecuci\u00f3n general del 60%. En agosto de 2016, las dos unidades que la componen, de 360MW cada una, habr\u00e1n avanzado en un 92%.<\/p>\n<\/p>\n<p>Con todas estas medidas, el siguiente gobierno, comenzar\u00e1, por tanto, con el problema el\u00e9ctrico pr\u00e1cticamentesolucionado.<\/p>\n<\/p>\n<p>Todo esto se traducir\u00e1 en mayor ahorro para las familias, mejores servicios, m\u00e1s inversiones y m\u00e1s creaci\u00f3n de empleos.<\/p>\n<\/p>\n<p>Muy pronto podremos hablar de nuestro servicio el\u00e9ctrico de calidad y de los planes que tenemos para consolidar una industria energ\u00e9tica sostenible, de calidad y a precios asequibles.<\/p>\n<\/p>\n<p>Distinguidos miembros de esta Asamblea Nacional;<\/p>\n<\/p>\n<p>En esta gesti\u00f3n tambi\u00e9n ha realizado una labor encomiable el Ministerio de Obras P\u00fablicas y Comunicaciones, y con esa actividad no solo ha creado mejores infraestructuras, sino que adem\u00e1s ha generado empleo y demanda de insumos para otros sectores productivos.<\/p>\n<\/p>\n<\/p>\n<p>Hoy no podremoscitar todas y cada una de la obras realizadas, sino que, leeremos algunas de las que se han terminado en este a\u00f1o 2015: <\/p>\n<\/p>\n<p>En Azua la Carretera Pueblo Viejo ? Las Terreras.                             <\/p>\n<p>En el Distrito Nacional el Paso a Desnivel Av. 27 de Febrero con Av. Privada.              <\/p>\n<p>En El Seibo el Malec\u00f3n de Miches.                            <\/p>\n<p>En Espaillat  la Carretera La Rosa ? Monte Adentro.                                   <\/p>\n<p>Carretera Los Brito.                                                           <\/p>\n<p>Carretera Ram\u00f3n C\u00e1ceres.                                              <\/p>\n<p>Y Carretera Rinc\u00f3n de Los Jim\u00e9nez.      <\/p>\n<p>En La Vega la Carretera Autopista Duarte ? Santo Cerro y Carretera Manga Larga ? Cutup\u00fa.                                          <\/p>\n<p>En Monse\u00f1or Nouel, el Elevado de Piedra Blanca ? Autopista Duarte.                          <\/p>\n<p>En Montecristi la Carretera Palo Verde ? La 17.                                          <\/p>\n<p>En Monte Plata la Carretera La Luisa ? Hacienda Estrella.                                   <\/p>\n<p>En Puerto Plata la Carretera Quebrada Honda ? Palmar Grande.                        <\/p>\n<p>En San Juan de la Maguana, la Carretera Maguana arriba ? Los Olivares.<\/p>\n<p>La reconstrucci\u00f3n de la carretera San Juan de la Maguana- Juan de Herrera- Presa de Sabaneta.                   <\/p>\n<p>La Carretera Mart\u00ednez ? Los Jobos.                                           <\/p>\n<p>La Carretera Hato Nuevo ? El Higuerito.                           <\/p>\n<p>La Carretera La Maguana.                                                         <\/p>\n<p>La Carretera La Ceiba.                                                      <\/p>\n<p>Y la Carretera Las Charcas de Mar\u00eda Nova.                               <\/p>\n<p>Tambi\u00e9n est\u00e1 finalizado el asfaltado de las calles del municipio cabecera de la provincia San Juan<\/p>\n<\/p>\n<p>En Santiago, la Construcci\u00f3n Prolongaci\u00f3n Hatuey.                                    <\/p>\n<p>La Reconstrucci\u00f3n de la Avenida Hatuey Vieja.                                  <\/p>\n<p>La Carretera Santiago ? J\u00e1nico.                                                 <\/p>\n<p>La Carretera J\u00e1nico ? San Jos\u00e9 de Las Matas.                         <\/p>\n<p>La Carretera Sajoma ? El Rubio.                                                <\/p>\n<p>La Carretera Santiago ? Sajoma.                                      <\/p>\n<p>La Reconstrucci\u00f3n Avenida Antonio Guzm\u00e1n.                 <\/p>\n<p>Y El Cruce del Pedregal ? San Jos\u00e9 de las Matas.                     <\/p>\n<p>En Santo Domingo, la Avenida La nueva Barquita.                                               <\/p>\n<p>La Circunvalaci\u00f3n Prof. Juan Bosch (Tramo II).                         <\/p>\n<p>La Carretera Enlace  ? Ciudad Juan Bosch Tramo II.                                        <\/p>\n<p>La Ampliaci\u00f3n y Reconstrucci\u00f3n Avenida Antonio Guzm\u00e1n.    <\/p>\n<\/p>\n<p>Por supuesto, hay muchas m\u00e1s, pero no puedo extenderme en mencionarlas todas, por lo que daremos a conocer en un documento aparte la lista de todas las obras de infraestructura llevadas a cabo por este gobierno y de las que est\u00e1n en siendo finalizadas.<\/p>\n<\/p>\n<p>Y en las pr\u00f3ximas semanas ser\u00e1n inauguradas m\u00e1s obras. <\/p>\n<\/p>\n<p>En Saman\u00e1 pronto abrir\u00e1 sus puertas el hospital provincial Leopoldo Pou, y el hospital Dr. Luis Morillo King, en La Vega y el hospital general Nuestra Se\u00f1ora de la Altagracia, en La Altagracia.<\/p>\n<\/p>\n<p>Para marzo est\u00e1 programada la finalizaci\u00f3n del hospital municipal del Almirante en Santo Domingo Este y la Maternidad San Lorenzo de Los Mina, en Santo Domingo Este; el hospital Ricardo Limardo, en Puerto Plata; el Vinicio Calventi en Los Alcarrizos. <\/p>\n<\/p>\n<p>Para completar la conectividad, pronto estar\u00e1 finalizada la carretera Miches-Sabana de la Mar, que ya est\u00e1 avanzada en m\u00e1s de un 95% y que pertenece al tramo de 40 kil\u00f3metros que incluye la Carretera B\u00e1varo-Uvero Alto-Miches-Sabana de la Mar. <\/p>\n<\/p>\n<p>Juntas  completan el Circuito Vial del Este que conecta cuatro importantes provincias: La Altagracia, Hato Mayor y El Seibo y tiene una extensi\u00f3n de 258 kil\u00f3metros.  Es una de la obras m\u00e1s importantes para la industria del turismo en la Rep\u00fablica Dominicana porque facilita el transporte de la regi\u00f3n Este, La Romana, Higuey, Punta Cana, Cap Cana, Macao, Uvero Alto y Miches. <\/p>\n<\/p>\n<p>Adem\u00e1s, enlazar\u00e1 Santo Domingo con los principales enclaves, puertos y aeropuertos de La Romana y Punta Cana, que reciben el 60% de los pasajeros extranjeros que visitan el pa\u00eds. Reduce en un 50% el gasto en combustible y el tiempo de desplazamiento. <\/p>\n<\/p>\n<p>Adem\u00e1s, muy pronto tendremos en marcha otro gran proyecto de desarrollo regional: La re-construcci\u00f3n del Puerto de Manzanillo.<\/p>\n<\/p>\n<p>Ya estamos trabajando para que Bah\u00eda de Manzanillo se convierta en un foco para el futuro desarrollo de industrias y proyectos relacionados con la actividad log\u00edstica y el transporte mar\u00edtimo.<\/p>\n<\/p>\n<p>El desarrollo de todo el potencial de la Bah\u00eda de Manzanillo y de la provincia de Montecristi ser\u00e1, sin lugar a dudas, un im\u00e1n para la inversi\u00f3n, el empleo y la producci\u00f3n en toda la zona noroeste del pa\u00eds. <\/p>\n<\/p>\n<p>Y supondr\u00e1 tambi\u00e9n un paso m\u00e1s en nuestro esfuerzo por el desarrollo local, que tiene como meta llevar oportunidades a todos los rincones del pa\u00eds. <\/p>\n<\/p>\n<p>Se\u00f1oras y se\u00f1ores, <\/p>\n<\/p>\n<p>Hablemos ahora de las mipymes, porque en este campo tambi\u00e9n hemos despejado falsos mitos, especialmente uno. El mito de que el cr\u00e9dito se le da al que ya tiene dinero, y que, por tanto, para ser empresario pr\u00e1cticamente hay que nacer empresario. <\/p>\n<\/p>\n<p>Yo siempre he sabido que ideas para un negocio las tienen tanto los ricos, como los que son pobres pero quieren dejar de serlo. Lo \u00fanico que necesita alguien con buenas ideas, est\u00e9 donde est\u00e9, esquitarle obst\u00e1culos de su camino y abrirle las puertas del cr\u00e9dito. <\/p>\n<\/p>\n<p>Eso es lo que hemos hecho estos 4 a\u00f1os. <\/p>\n<\/p>\n<p>As\u00ed, en 2014 se redujo el tiempo de constituci\u00f3n de una empresa de 45 a 7 d\u00edas y con la facilidad de hacer el tr\u00e1mite por internet. Eso hizo posible que solo en 2015 se crearan 708 nuevas empresas formales.<\/p>\n<\/p>\n<p>Y para facilitar los proceso m\u00e1s a\u00fan, en enero de 2015, el Ministerio de Industria y Comercio puso en marcha el programa RD-Formal\u00edzate, que dar\u00e1 a los peque\u00f1os empresarios servicios personalizados y de a\u00fan m\u00e1s f\u00e1cil tramitaci\u00f3n para la constituci\u00f3n de sus negocios.<\/p>\n<\/p>\n<p>Para que se hagan una idea, ahora se pueden formalizar con solo 3 mil pesos, un procedimiento que costaba m\u00e1s de 25 mil por la v\u00eda tradicional.<\/p>\n<\/p>\n<p>Y si hablamos de ayudar a alguien a dar el primer paso en el emprendimiento, deimpulsar las ganas de progreso denuestros compatriotas m\u00e1s humildes, especialmente de las mujeres, entonces hay que hablar de Banca Solidaria.<\/p>\n<\/p>\n<p>Piensen en una madre soltera sin fondos y sin un aval. Hace cuatro a\u00f1os, \u00bfqui\u00e9n le prestaba a esa mujer para abrir o ampliar su negocio? Nadie m\u00e1s que los usureros. <\/p>\n<\/p>\n<p>Por eso creamos Banca Solidaria, que en estos 4 a\u00f1os ha prestado m\u00e1s de 10 mil millones de pesos a 227 mil 310 peque\u00f1os y micros empresarios, a trav\u00e9s de las 74 sucursales que hemos abierto en todo el pa\u00eds.<\/p>\n<\/p>\n<p>Solo esta instituci\u00f3n ha logrado generar 52 mil 144 nuevos empleos.<\/p>\n<\/p>\n<p>Se\u00f1alemos, adem\u00e1s, que Banca Solidaria ya se autofinancia, gracias a los subsidios que recibi\u00f3 del gobierno central, y m\u00e1s de RD$5,000 millones provenientes de la recuperaci\u00f3n de los pr\u00e9stamos, lo que implica una tasa de recuperaci\u00f3n del 99%.<\/p>\n<\/p>\n<p>Las pymes se han beneficiado tambi\u00e9n notablemente del reglamento de Compras y Contrataciones, que les reserva un 20% de las compras p\u00fablicas y que ahora se cumplecabalmente. Solo en 2015, las compras p\u00fablicas a las Mipymes ascendieron a RD$ 34,953.50 millones.<\/p>\n<\/p>\n<\/p>\n<p>Tambi\u00e9n pusimos en marcha los primeros 6 Centros de Servicios de Apoyo Integral a las PYMES, que funcionan en universidades p\u00fablicas y privadas de Santo Domingo, Barahona, Santiago y Hato Mayor. Atendiendo a 1,258 Mipymes y 505 emprendedores.<\/p>\n<\/p>\n<p>Y como novedad en 2015, iniciaron las operaciones de la Ruta MIPYMES, que lleva directamente a las zonas rurales y urbanas remotas programas de capacitaci\u00f3n, asistencia t\u00e9cnica y acceso al cr\u00e9dito. As\u00ed, se beneficiaron 2,343 empresarios y emprendedores y se gestionaron m\u00e1s de RD$30 millones en solicitudes de cr\u00e9dito.<\/p>\n<\/p>\n<p>En definitiva, nos hemos propuesto encontrar e impulsar a nuestrosemprendedores, est\u00e9n donde est\u00e9n. As\u00ed, estamos conformando un nuevo tejido productivo, m\u00e1s plural y diversificado, y una nueva y robusta clase media, generadora de empleo y oportunidades.<\/p>\n<\/p>\n<p>Se\u00f1ores y se\u00f1oras, <\/p>\n<\/p>\n<p>Hace d\u00e9cadas, nuestro pa\u00eds fue pionero en la creaci\u00f3n de zonas francas y en su uso como herramienta para la primera fase de nuestra modernizaci\u00f3n. <\/p>\n<\/p>\n<p>Sin embargo, en cierto momento se instal\u00f3 la idea de que esas zonas francas agotaron su utilidad. Los pesimistas nos convencieron de  que ya no se las pod\u00eda poner a trabajar y producir como antes. Este es otro mito que estamos derribando. <\/p>\n<\/p>\n<p>Hemos demostrado que no es cierto. Hoy, las zonas francas han recuperado todo su empuje, y est\u00e1n atrayendo inversiones, tecnolog\u00edas y empleo como en su mejor momento. <\/p>\n<\/p>\n<p>Durante estos 4 a\u00f1os, se aprobaron 210 nuevos permisos para la instalaci\u00f3n de empresas, con una inversi\u00f3n estimada de RD$12,817 millones y un total de 45,539 nuevos empleos directos. <\/p>\n<\/p>\n<p>Y el crecimiento seguir\u00e1 en los pr\u00f3ximos meses. Ya fueron otorgados permisos para la instalaci\u00f3n y operaci\u00f3n de 32 nuevos parques de zonas francas, con una inversi\u00f3n estimada de RD$ 9,310 millones y 34,466 potenciales empleos directos.<\/p>\n<\/p>\n<p>El Consejo Nacional de Zonas Francas de Exportaci\u00f3n, declar\u00f3 de prioridad nacional los sectores pertenecientes a la cadena textil, confecci\u00f3n y accesorios; Desde entonces, se aprobaron permisos para la instalaci\u00f3n de 6 parques de zona franca en el rubro textil y calzado, con una inversi\u00f3n de RD$979.71 millones y  4,110 empleos directos.<\/p>\n<\/p>\n<p>El comportamiento del conjunto del sector evidencia un crecimiento de las exportaciones de un 5% en el tercer trimestre del a\u00f1o (enero-septiembre) con respecto a las del mismo periodo del pasado a\u00f1o 2014; ascendiendo a la suma de US$4,114.6 millones, en comparaci\u00f3n con los US$3,919.7, del a\u00f1o 2014.<\/p>\n<\/p>\n<p>Los renglones que aumentaron sus exportaciones fueron: Cacao en Grano (20.9%), Manufactura de Tabaco (19.7%), Equipos y Productos M\u00e9dicos (6.9%), Manufactura de Calzados (5.9%), Confecciones y Textiles (3.3%), todos ellos produciendo empleos para nuestra gente. <\/p>\n<\/p>\n<p>Asimismo las perspectivas de crecimiento son favorables, solo en 2015 el CNZFE aprob\u00f3 la instalaci\u00f3n de 79 nuevas empresas que proyectan realizar nuevas inversiones por el orden de 90 millones de d\u00f3lares, generar unos 7,500 nuevos empleos directos y divisas por 50 millones de d\u00f3lares. <\/p>\n<\/p>\n<p>Esto me recuerda que hay otra idea muy err\u00f3nea en el discurso econ\u00f3mico mundial. Una idea que tambi\u00e9n pervive pese a que su falsedad ha sido probada repetidas veces, sin ir m\u00e1s lejos en la Rep\u00fablica Dominicana. <\/p>\n<\/p>\n<p>Esa la idea de que debemos elegir entre inversi\u00f3n internacional y bienestar nacional. Es decir, que o bien o le damos ventajas a las empresas, o le damos derechos a la gente. <\/p>\n<\/p>\n<p>Nunca he cre\u00eddo que esto fuera cierto, y ahora, tras llevar casi 4 a\u00f1os presidiendo un pa\u00eds que crece sin parar y que atrae inversiones record, hemos comprobado que el gasto social no solo no es un obst\u00e1culo para este crecimiento, sino que adem\u00e1s lo multiplica. <\/p>\n<\/p>\n<p>La clave es dirigir bien esta inversi\u00f3n social, de manera que se traduzca en una ciudadan\u00eda m\u00e1s preparada y m\u00e1s sana y en una naci\u00f3n m\u00e1s competitiva, moderna y solidaria. <\/p>\n<\/p>\n<p>Se\u00f1oras y se\u00f1ores,<\/p>\n<\/p>\n<p>Si hablamos de falsos mitos, quiz\u00e1 el m\u00e1s grande que hemos derribado definitivamente sea la vieja idea de que en este pa\u00eds la educaci\u00f3n p\u00fablica estaba condenada a la baja calidad. <\/p>\n<\/p>\n<p>\u00bfRecuerdan esas historias de que el hijo del pobre no merec\u00eda, e incluso no necesitaba una educaci\u00f3n de calidad, porque igual iba a acabar siendo pobre?<\/p>\n<\/p>\n<p>Eso nunca fue m\u00e1s que otra escusa para no hacer las cosa bien y estamos demostrando que puede y debe quedar atr\u00e1s.<\/p>\n<\/p>\n<p>Partiendo del leg\u00edtimo reclamo de la sociedad de dedicar el 4% a la educaci\u00f3n, en estos cuatro a\u00f1os hemos emprendido y consolidado nuestra revoluci\u00f3n educativa. <\/p>\n<\/p>\n<p>Les dar\u00e9 solo un dato para que tengan una idea del salto que hemos dado. El 4%para la educaci\u00f3n significa que en estos a\u00f1os, la inversi\u00f3n promedio por estudiante aument\u00f3 10 veces. <\/p>\n<\/p>\n<p>Esto nos ha permitido realizar la mayor expansi\u00f3n en infraestructura escolar de nuestra historia. Como ya saben, estamoscasi duplicando el n\u00famero de aulas desde la fundaci\u00f3n de la Rep\u00fablica.<\/p>\n<\/p>\n<p>Estas aulas acog\u00edan en diciembre de 2015 a cerca de un mill\u00f3nestudiantes de la jornada extendida. Ni\u00f1os que tienen 8 horas de clase con un curr\u00edculo actualizado y 3 comidas diarias garantizadas. <\/p>\n<\/p>\n<p>Y seguimos trabajando, hasta cumplir nuestro objetivo de que todos los ni\u00f1os y ni\u00f1as est\u00e9n en la tanda extendida. <\/p>\n<\/p>\n<p>Les hablaba antes de ser el presidente de la econom\u00eda familiar y este es uno de los mayores aportes que estamos haciendo a cientos de miles de hogares. Eso sin contar la inversi\u00f3n que estamos realizando tambi\u00e9n en vestuario, libros, y salud bucal. <\/p>\n<\/p>\n<p>Todo esto supone un ahorro inmenso para las familias. Unos 69,000 pesos anuales por cada hijo que tengan en la escuela p\u00fablica en tanda extendida.<\/p>\n<\/p>\n<p>A esto hemos a\u00f1adido las estancias infantiles, que brindan un apoyo integral a los m\u00e1s peque\u00f1os. Y que adem\u00e1s representan una gran oportunidad para que las madres solteras y las jefas de hogar puedan retomar sus estudios y trabajar mientras sus hijos est\u00e1n en un lugar seguro. <\/p>\n<\/p>\n<p>Ya hemos sorteado m\u00e1s de 100 estancias, de las cuales hemos inaugurado 29.<\/p>\n<\/p>\n<p>A la fecha m\u00e1s de 41,000 infantes con edades entre 0 a 5 a\u00f1os reciben atenci\u00f3n de calidad  en los centros de Primera Infancia (Caipi), de Atenci\u00f3n Integral (Ciani) y Comunitarios, donde se les ofrece los elementos b\u00e1sicos para la satisfacci\u00f3n de las necesidades afectivas, psicomotrices, de juego, recreaci\u00f3n y socializaci\u00f3n para su sano desarrollo.<\/p>\n<\/p>\n<p>Para que se hagan una idea, por este mismo servicio, las familias gastar\u00edanalrededor de 8,500 pesos al mes por cada hijo atendido en una estancia infantil. <\/p>\n<\/p>\n<p>En cuanto a nuestros maestros y maestras,hemos cumplido lo firmado en el Pacto Educativo por toda la sociedad dominicana y, como parte de la aplicaci\u00f3n del 4%, estamos dignificando su labor. <\/p>\n<\/p>\n<p>Desde agosto de 2012 hasta enero de 2016 sus sueldos han aumentado el 68%. A esto se suma un aumento del 50% de sus pensiones de jubilaci\u00f3ny una mayor cobertura de salud. <\/p>\n<\/p>\n<p>Para los que dec\u00edan que en este pa\u00eds los maestros estaban condenados a cobrar sueldos de miseria, vean como s\u00ed es posible cambiar las cosas, cuando existe la voluntad pol\u00edtica para hacerlo. <\/p>\n<\/p>\n<p>Y en cuanto a la formaci\u00f3n del personal docente, para poner las cosas en perspectiva les dir\u00e9 que en 2004 s\u00f3lo se invert\u00edan 48.5 millones de pesos en formaci\u00f3n docente, mientras que para 2016, el gobierno destinar\u00e1 3,323 millones. <\/p>\n<p>Desde 2012 hasta diciembre del a\u00f1o 2015 se han otorgado 215,635 becasy se han formado 98,872 docentes.<\/p>\n<\/p>\n<p>Familia dominicana,<\/p>\n<\/p>\n<p>Como todos saben, esta revoluci\u00f3n educativa necesita de todos y busca llegar a todos. Por eso me alegra decir que, gracias al esfuerzo quedecenas de miles de voluntarios llevan realizando desde 2013, el Plan de Alfabetizaci\u00f3n Quisqueya Aprende Contigotiene m\u00e1s de 940,000 personasque est\u00e1n aprendiendo a leer y escribir.<\/p>\n<\/p>\n<p>Cada vez estamos m\u00e1s cerca de superar el analfabetismo para siempre en nuestro pa\u00eds. Lo que hace cuatro a\u00f1o parec\u00eda un sue\u00f1o ya es realidad para miles de hombres y mujeres que ahora pueden leer y escribir. Es otra gran conquista de nuestro pa\u00eds de la que debemos sentirnos felices y que, por supuesto, tampoco es fruto de la improvisaci\u00f3n. <\/p>\n<\/p>\n<p>Es el resultado de la labor conjunta de cientos de instituciones p\u00fablicas y privadas, de la solidaridad de nuestra gente y de una decisi\u00f3n que nos enorgullece como naci\u00f3n.<\/p>\n<\/p>\n<p>Sin embargo, nuestro esfuerzo de incluir a todo el mundo en esta revoluci\u00f3n educativa no estar\u00eda completo si no lo hubi\u00e9ramos extendido a los ni\u00f1os y ni\u00f1as con capacidades especiales. <\/p>\n<\/p>\n<p>Por eso, gracias al empe\u00f1o y dedicaci\u00f3n de mi querida esposa Candy, nuestro pa\u00eds cuenta ya con lostres primeros Centro de Atenci\u00f3n Integral a la Discapacidad en Santo Domingo, Santiago y San Juan.<\/p>\n<\/p>\n<p>Estoscentros vienen a dar respuesta a una necesidad muy sentida de miles de familias y nos llena de satisfacci\u00f3n poder atenderlos. <\/p>\n<\/p>\n<p>Sin embargo, tambi\u00e9n somos conscientes de que la capacidad de cada uno de ellos es limitada y para superar esta situaci\u00f3n y atender a toda la poblaci\u00f3n, ya estamos trabajando en un nuevo modelo de asistencia que hemos llamadoRed de Atenci\u00f3n e Inclusi\u00f3n Social.<\/p>\n<\/p>\n<p>Esta red tiene el prop\u00f3sito de facilitar la coordinaci\u00f3n interinstitucional para la detecci\u00f3n oportuna, atenci\u00f3n integral e inclusi\u00f3n de los ni\u00f1os, ni\u00f1as y adolescentes con discapacidad, con \u00e9nfasis en la poblaci\u00f3n m\u00e1s excluida. De esta forma, se favorece la creaci\u00f3n de una red ordenada de servicios a nivel nacional, con protocolos de referencia y derivaci\u00f3n de la atenci\u00f3n. <\/p>\n<\/p>\n<p>Este esquema permitir\u00e1 que los CAID se transformen tambi\u00e9n en centros de evaluaci\u00f3n y referencia, que posteriormente podr\u00e1n referir a ni\u00f1os y j\u00f3venes, de acuerdo a sus necesidades espec\u00edficas, a las instituciones especializadas, p\u00fablicas o privadas, que puedan darles la mejor respuesta.  <\/p>\n<\/p>\n<p>De esta forma cubriremos las necesidades de ese 11% de la poblaci\u00f3n infantil y juvenil que vive con alg\u00fan tipo de discapacidad.  <\/p>\n<\/p>\n<p>Durante 2015, adem\u00e1s, ya prestamos una gran atenci\u00f3n a la educaci\u00f3n especial, ampliando el acompa\u00f1amiento a m\u00e1s de 14,000 estudiantes con necesidades educativas especiales. <\/p>\n<\/p>\n<p>Y para continuar rompiendo barreras, hemos dispuesto junto al CONADIS que todas las nuevas obras de construcci\u00f3n p\u00fablica cumplan con las condiciones de accesibilidad, incluyendo las nuevas aulas, las estancias Infantiles y los Centros de Atenci\u00f3n Primaria, entre otros.<\/p>\n<\/p>\n<p>En definitiva, hemos puesto a la Educaci\u00f3n en el lugar que le corresponde, como la principal prioridad del Gobierno y la gran herramienta para la transformaci\u00f3n de nuestra naci\u00f3n.<\/p>\n<\/p>\n<p>Se\u00f1oras y se\u00f1ores, <\/p>\n<\/p>\n<p>Si hay un colectivo de nuestra sociedad sobre el que pesan muchas viejas ideas y prejuicios injustos, esos son nuestros j\u00f3venes, especialmente los de menos recursos. <\/p>\n<\/p>\n<p>Durante a\u00f1os, nuestra sociedad los ha mirado con recelo, los ha estigmatizado, los ha acusado de no querer trabajar, les ha cerrado las puertas y despu\u00e9s se ha lamentado de que eligieron el camino incorrecto<\/p>\n<\/p>\n<p>Pero lleg\u00f3 la hora de romper ese c\u00edrculo y construir una nueva generaci\u00f3n de dominicanos y dominicanas responsables y l\u00edderes. <\/p>\n<\/p>\n<p>Como he dicho en otra ocasi\u00f3n, nuestra meta es transformar a los supuestos ni-ni, en j\u00f3venes s\u00ed-s\u00ed, que s\u00ed estudian, s\u00ed trabajan, y s\u00ed aportan al pa\u00eds. J\u00f3venes que s\u00ed se quieren quedar a construir el futuro de este pa\u00eds. <\/p>\n<\/p>\n<p>Y el primer paso para eso, ha sido confiar en ellos y en sus capacidades. <\/p>\n<\/p>\n<p>Por eso, la formaci\u00f3n laboral es algo esencial para nosotros. Por eso estamos ampliando a\u00f1o tras a\u00f1o las capacidades de Infotep, que en 2015 imparti\u00f3 cursos a 649,800 participantes, y a casi dos millones desde que llegamos al gobierno.<\/p>\n<\/p>\n<p>Hace apenas un mes, se realiz\u00f3 la primera gran graduaci\u00f3n nacional del Infotep, en la que 6,000 estudiantes de 25 carreras se recibieron como t\u00e9cnicos y maestros t\u00e9cnicos, las competencias de m\u00e1s alto nivel que ofrece. <\/p>\n<\/p>\n<p>Adem\u00e1s,hemos comenzado a promover un nuevo modelo de alianzas p\u00fablico-privadas, tanto para formar a los j\u00f3venes, como para apoyar que logren su primer empleo. <\/p>\n<\/p>\n<p>Una primera experiencia en este sentido es la Comisi\u00f3n Coordinadora de Iniciativas y Proyectos Presidenciales en Santiago y la Regi\u00f3n Norte, con las que m\u00e1s de 5,000 j\u00f3venes de Santiago de escasos recursos se beneficiar\u00e1n de capacitaci\u00f3n y oportunidades de empleo, en sus propias comunidades. <\/p>\n<\/p>\n<p>Nuestro objetivo es dar respuesta a las necesidades de formaci\u00f3n, capacitaci\u00f3n y empleo de nuestros j\u00f3venes en todo el territorio nacional. Llevarles oportunidades all\u00e1 donde est\u00e9n, conectarlos con el mercado laboral. Hacer de ellos profesionales competitivos y formado, para que no tengan que migrar, ni del campo a la ciudad, ni de la ciudad fuera de nuestras fronteras. <\/p>\n<\/p>\n<p>Por otra parte, cada vez le estamos prestando m\u00e1s apoyo a la educaci\u00f3n superior. Queremos j\u00f3venes l\u00edderes y bien formados, en conocimientos y valores. Capaces de tomar en sus manos la antorcha para dirigir este pa\u00eds.<\/p>\n<\/p>\n<p>Y estamos reforzando la educaci\u00f3n superior, no s\u00f3lo porque es una parte esencial del ciclo formativo. Sino porque adem\u00e1s, en el medio plazo, vamos a tener cada vez m\u00e1s estudiantes universitarios egresados de nuestras escuelas p\u00fablicas. Dotarlos a esos estudiantes de las herramientas para los puestos de empleo del futuro es algo esencial para el pa\u00eds.<\/p>\n<\/p>\n<p>Por eso, el Ministerio de Educaci\u00f3n Superior, Ciencia y Tecnolog\u00eda est\u00e1 multiplicando las becas de varios tipos.<\/p>\n<\/p>\n<p>Por una parte, del 2012 al 2015, 24,634 estudiantes recibieron becas para universidades nacionales, y en el a\u00f1o 2016, otorgaremos 10,000 becas adicionales.Como referencia les dir\u00e9 que en estos 4 a\u00f1os, hemos triplicado la cantidad de becas que se dieron en los casi diez a\u00f1os anterior a mi gesti\u00f3n, pues desde el 2005 al 2011, se becaron unos 10,732 j\u00f3venes.<\/p>\n<\/p>\n<p>Tambi\u00e9n hemos enviado a cada vez m\u00e1s j\u00f3venes a estudiar en universidades extranjeras, en este periodo se otorgaron 7,422 becas, de los cuales 5,472 se incorporaron al mercado de trabajo. Y para el a\u00f1o 2016, enviaremos a 1,500 becados m\u00e1s.<\/p>\n<\/p>\n<p>En cuanto a la ense\u00f1anza del ingl\u00e9s, del 2012 al 2015, se otorgaron 70,283 becas y, en el presente a\u00f1o, otorgaremos 20,000 m\u00e1s, entre otras cosas, para que estos j\u00f3venes puedan acceder a las posiciones que se est\u00e1n abriendo en el sector turismo o el de las telecomunicaciones.<\/p>\n<\/p>\n<\/p>\n<p>En estos a\u00f1os, adem\u00e1s, hemos financiado las investigaciones de 618 cient\u00edficos, promoviendo as\u00ed la innovaci\u00f3n, la ciencia y la tecnolog\u00eda en los sectores Agroalimentario, Salud, Medio Ambiente y energ\u00eda.Y 50 j\u00f3venes emprendedores fueron premiados en Desarrollo de Planes de Negocios Innovadores, lo que les permitir\u00e1 desarrollar peque\u00f1as empresas tecnol\u00f3gicas.<\/p>\n<\/p>\n<p>Se\u00f1oras y se\u00f1ores,<\/p>\n<\/p>\n<p>Quiero hablarles de otra \u00e1rea que tambi\u00e9n est\u00e1 viviendo una transformaci\u00f3n radical. Un \u00e1rea donde, al igual que en la educaci\u00f3n, tambi\u00e9n nos estamos asegurando de que nadie se quede fuera. Me refiero a la salud p\u00fablica. <\/p>\n<\/p>\n<p>Durante demasiado tiempo hab\u00edamos aceptado que las familias con menos recursos quedaran a merced de su suerte o de la caridad cuando una enfermedad o accidente tra\u00eda una desgracia al hogar. <\/p>\n<\/p>\n<p>Nos llegaron a hacer creer que ser pobre era, en s\u00ed mismo, una condici\u00f3n de riesgo para la salud. <\/p>\n<\/p>\n<p>Pero en estos 4 a\u00f1oshemos dado grandes pasos para cambiar eso.Tenemos hospitales con la misma calidad e infraestructuras en la red p\u00fablica que en el sector privado. Estamos llevando centros de diagn\u00f3stico y unidades de salud, perfectamente equipados y con personal capacitado a todos los rincones del pa\u00eds. Tenemos cobertura de medicamentos a precios populares en todo el pa\u00eds. En definitiva, estamos terminando con el mito de que la buena salud es solo para unos pocos. <\/p>\n<\/p>\n<p>Para conseguir esto, hemos avanzado en tres frentes:ampliaci\u00f3n de la cobertura, extensi\u00f3n de las infraestructuras y modernizaci\u00f3n en el sistema. <\/p>\n<\/p>\n<p>En estos cuatro a\u00f1os, el Seguro Nacional de Salud ha ampliado su coberturaen m\u00e1s de un mill\u00f3n de nuevosafiliadosal r\u00e9gimen subsidiado.En este momento tenemos m\u00e1s del 65% de la poblaci\u00f3n total con seguro de salud. O lo que es lo mismo, un 47% m\u00e1s que en 2012, pero, adem\u00e1s, hemos logrado dar cobertura al 100% de la poblaci\u00f3n de bajos ingresos.<\/p>\n<\/p>\n<p>Hemos superado la meta que nos propusimos y me llena de alegr\u00eda poder decirles hoy que toda la poblaci\u00f3n identificada en el mapa de pobreza del pa\u00eds, cuenta ya con su seguro de salud, gracias al excelente trabajo realizado por el SENASA!<\/p>\n<\/p>\n<p>Adem\u00e1s, tal y como promet\u00ed en la rendici\u00f3n de cuentas del a\u00f1o pasado, hemos ampliado la cobertura a 100,000 ni\u00f1os menores de 5 a\u00f1os.  Y estamos avanzando en cubrir a 50 mil empleados del servicio dom\u00e9stico y sus dependientes directos.<\/p>\n<\/p>\n<p>Tambi\u00e9n les promet\u00ed el a\u00f1o pasado trabajar por nuestros mayores. Desde entonces el Consejo Nacional de la Persona Envejeciente implement\u00f3 el programa de acogida al adulto mayor en condici\u00f3n de abandono e indigencia. <\/p>\n<\/p>\n<p>Ha sido incorporado al Senasa el 83% de envejecientes en condici\u00f3n de vulnerabilidad que han sido identificados <\/p>\n<\/p>\n<p>Se crearon adem\u00e1s las unidades especializadas en violencia contra los  adultos mayores en las fiscal\u00edas, que han asistido de manera gratuita a 676 mayores.  <\/p>\n<\/p>\n<p>Durante el a\u00f1o se capacitaron tambi\u00e9n a 200 cuidadores y visitadores domiciliarios para la conformaci\u00f3n de la red nacional de cuidadores de adultos mayores.<\/p>\n<\/p>\n<p>Desde que llegamos al gobierno tambi\u00e9n derribamos otra gran barrera entre las personas de bajos recursos y el acceso a la salud; me refiero a la eliminaci\u00f3n de las cuotas de recuperaci\u00f3n en los hospitales p\u00fablicos. <\/p>\n<\/p>\n<p>Al eliminarlas, gracias a una inversi\u00f3n de m\u00e1s de 359 millones de pesos anuales, nos aseguramos de que nunca un padre de familia tenga que acudir a urgencias pensando en c\u00f3mo har\u00e1 para pagar la curaci\u00f3n de su hijo, hija o de ellos mismos. <\/p>\n<\/p>\n<p>Adem\u00e1s, estamos acercando la atenci\u00f3n m\u00e9dica hasta el paciente, creando una red de centros de atenci\u00f3n primaria en todo el pa\u00eds. <\/p>\n<\/p>\n<p>Desde agosto de 2012 se han construido 203 nuevos Centros de Primer Nivel, se han conformado 195 Unidades de Atenci\u00f3n Primaria y se han contratado 3,500 promotores de salud. <\/p>\n<\/p>\n<p>Asimismo, 113 hospitales, de un total de 196 existentes en la red p\u00fablica est\u00e1n siendo construidos o readecuados.Los primeros 49 hospitales ya fueron inaugurados y los otros 64 est\u00e1n en ejecuci\u00f3n, de tal forma que, a partir de este a\u00f1o, no tendremos ya habitaciones compartidas por 20 pacientes. <\/p>\n<\/p>\n<p>As\u00ed es, la dignidad est\u00e1 llegando a la salud p\u00fablica, porque es un derecho. Y lo que tendremos ser\u00e1n habitaciones compartidas por solo dos pacientes, cada una con su ba\u00f1o,en la que recibir\u00e1n la atenci\u00f3n digna que merecen. <\/p>\n<\/p>\n<p>Como dije, a este proceso de extensi\u00f3n de las infraestructuras y de ampliaci\u00f3n de la cobertura se une tambi\u00e9n uno paralelo de modernizaci\u00f3n y ampliaci\u00f3n de los servicios. <\/p>\n<\/p>\n<p>Por iniciativa del Despacho de la Primera Dama,tambi\u00e9n iniciamos el pasado mes de diciembre, la construcci\u00f3n del primer laboratorio especializado en tamiz neonatal, en el Hospital Infantil Robert Reid Cabral. <\/p>\n<\/p>\n<p>Esta es una prueba clave para la detecci\u00f3n y tratamiento temprano de enfermedades cong\u00e9nitas y, por tanto, un paso important\u00edsimo para la prevenci\u00f3n de la mortalidad infantil. <\/p>\n<\/p>\n<p>Por otra parte, en estos 4 a\u00f1os hemos convertido a Promese- Cal en el \u00fanico mecanismo de suministro de medicamentos para el sector p\u00fablico de salud. <\/p>\n<\/p>\n<p>A trav\u00e9s de este sistema, el Estado ahorr\u00f3 entre febrero de 2013 y diciembre de 2015, m\u00e1s de RD$ 3,717 millones, que equivale a un ahorro del 64% en compras directas de medicamentos e insumos sanitarios. <\/p>\n<\/p>\n<p>Por su parte, en 2015 el Sistema Dominicano de Seguridad Social le dio una excelente noticia a todos sus afiliados, con la ampliaci\u00f3n de la cobertura de los medicamentos que antes estaba en 3 mil pesos por paciente y ahora llega hasta 8 mil. <\/p>\n<\/p>\n<p>Finalmente, en los \u00faltimos tres a\u00f1os se han habilitado 71 nuevas Farmacias del Pueblo, superando nuestra meta de tener una en cada municipio y hemos ampliado nada menos que un29% el cat\u00e1logo de medicamentos que ofrecen.<\/p>\n<\/p>\n<p>Se\u00f1ores y se\u00f1oras,<\/p>\n<\/p>\n<p>Como saben, hemos declarado este 2016 como el a\u00f1o de la vivienda. Esto quiere decir que vamos a enfocar todos nuestros esfuerzos en una tarea que lleva tiempo esperando que alguien tenga la voluntad de ocuparse de ella. <\/p>\n<\/p>\n<p>Nos hemos propuesto acabar con el falsoclich\u00e9 de que la casa propia es un sue\u00f1o que solo alcanzan los ricos.<\/p>\n<\/p>\n<p>No podemos seguir aceptando que barrios y comunidades enteras sigan en condiciones habitacionales p\u00e9simas. Como si las miles de viviendas precarias fueran parte del paisaje natural de nuestro pa\u00eds. <\/p>\n<\/p>\n<p>No tienen por qu\u00e9 serlo. Podemos lograr que el sue\u00f1o de tener una vivienda propia sea realidad para miles de familias. Y lo estamos haciendo, poco a poco, dando a sectores distintos soluciones adaptadas a sus necesidades. <\/p>\n<\/p>\n<p>Por un lado, a los sectores m\u00e1s vulnerables los estamos apoyando con viviendas gratuitas, en barrios con todos los servicios e infraestructuras necesarias para el desarrollo. Es el caso del Nuevo Boca de Cach\u00f3n, que se entreg\u00f3 el a\u00f1o 2014, o de la Barquita, que tendremos la alegr\u00eda de inaugurar en las pr\u00f3ximas semanas.<\/p>\n<\/p>\n<p>Lo mismo est\u00e1 ocurriendo con el proyecto de La Vega, que tiene como eje vertebrador la dignificaci\u00f3n de los vecinos de El Ri\u00edto y el remozamiento y construcci\u00f3n de \u00e1reas deportivas, tur\u00edsticas y culturales. <\/p>\n<\/p>\n<p>De la misma forma avanza la transformaci\u00f3n de San Juan de la Maguana, que incluye la reubicaci\u00f3n definitiva de la comunidad de La Mesopotamia, la finalizaci\u00f3n de la circunvalaci\u00f3n y el remozamiento de \u00e1reas emblem\u00e1ticas de la ciudad, como es la transformaci\u00f3n del R\u00edo Tenguerengue. <\/p>\n<\/p>\n<p>Por su parte, el INVI tambi\u00e9n ha realizado una labor encomiable en su papel de ofrecer soluciones habitacionales. Entre agosto de 2012 y diciembre de 2015 se han construido 3,548 viviendas y tiene otras 1,248 en ejecuci\u00f3n.<\/p>\n<\/p>\n<p>Sin embargo, somos conscientes de que no basta construir unas miles de viviendas para solucionar el d\u00e9ficit habitacional en nuestro pa\u00eds. <\/p>\n<\/p>\n<p>Por eso, buscamos una soluci\u00f3n integral. Estamos sentando las bases para que, en los pr\u00f3ximos a\u00f1os, la construcci\u00f3n de viviendas populares sea masiva y el acceso a una vivienda digna sea, de una vez por todas, un derecho para todos. <\/p>\n<\/p>\n<p>En el \u00faltimo a\u00f1o hemos forjado una s\u00f3lida alianza con el sector privado, gracias a la ley de Desarrollo del Mercado Hipotecario y el Fideicomiso.<\/p>\n<\/p>\n<p>El fideicomiso es, la verdad sea dicha, una palabra complicada para designar una realidad muy sencilla. <\/p>\n<\/p>\n<p>Significa que el Estado y el sector privado han encontrado la forma de colaborar, para construir decenas de miles de viviendas dignas a preciso asequibles. <\/p>\n<\/p>\n<p>El Estado le da confianza a los inversores y ayuda cediendo terrenos p\u00fablicos e infraestructuras, como energ\u00eda, agua y v\u00edas, mientras que el sector privado pone su iniciativa y trabajo al servicio de la construcci\u00f3n de viviendas de bajo costo. Eso es, explicado en pocas palabras, el famoso fideicomiso que permitir\u00e1 a miles de familias comprar su primera casa.<\/p>\n<\/p>\n<p>Hoy en d\u00eda tenemos constituidos 63 Fideicomisos de construcci\u00f3n de viviendas de bajo costo de proyectos privados, que desarrollar\u00e1n 27,181 viviendas.<\/p>\n<\/p>\n<p>Y si adem\u00e1s adicionamos las 35,000 viviendas de Ciudad Juan Bosch Santo Domingo y Ciudad Juan Bosch Santiago, que ya est\u00e1n en construcci\u00f3n,pronto tendremos en el mercado una oferta habitacional de 62,181 viviendas.<\/p>\n<\/p>\n<p>Quiero, adem\u00e1s, anunciar hoy que en Ciudad Juan Bosch Santo Domingo ya se adjudicarondos \u00e1reas comerciales y un total de 22,092 viviendas fueron adjudicadas tambi\u00e9n a 20 promotores. <\/p>\n<\/p>\n<p>Asimismo, anuncio que en Ciudad Juan Bosch Santiago, fueron adjudicadas 5,752 a otros 7 promotores.<\/p>\n<\/p>\n<p>Para que se hagan una idea, la suma de todas estas edificaciones equivale a la mitadde las viviendas construidas en los \u00faltimos 50 a\u00f1os.<\/p>\n<\/p>\n<p>Esto supone, adem\u00e1s, una activaci\u00f3n grand\u00edsima del sector de la construcci\u00f3n. Es decir, que la construcci\u00f3n de viviendas popularesest\u00e1 tomando el lugar de la construcci\u00f3n de escuelas que tanto empleo han creado en los \u00faltimos a\u00f1os y garantizar\u00e1 varios a\u00f1os m\u00e1s de dinamismo y la creaci\u00f3n de empleo.<\/p>\n<\/p>\n<p>As\u00ed, donde antes apenas hab\u00eda tres desarrolladores trabajando el sector de las viviendas populares, hoy tenemos 27 y muy pronto tendremos muchos m\u00e1s.<\/p>\n<\/p>\n<p>Los proyectos que est\u00e1n llevando adelante son la viva representaci\u00f3n de la nueva Rep\u00fablica Dominicana, creando comunidades integrales, con viviendas dignas y todos los servicios p\u00fablicos necesarios para esa clase media que est\u00e1 surgiendo en todo el pa\u00eds. <\/p>\n<\/p>\n<p>Por otra parte, somos conscientes de que debemos buscar otras f\u00f3rmulas para ayudar a todos aquellos que no puedan a\u00fan acceder a la propiedad de las viviendas que estamos construyendo mediante el fideicomiso. Y estamos buscando soluciones para todos los casos.<\/p>\n<\/p>\n<p>Por un  lado, estamos estudiando la creaci\u00f3n de un fondo que ayude, mediante subsidios, a las familias de ingresos m\u00e1s bajos, para el acceso a la compra de vivienda. <\/p>\n<\/p>\n<p>Por otro lado, revisaremos toda la legislaci\u00f3n relacionada con el alquiler. Porque queremos que haya m\u00e1s viviendas dignas disponibles para aquellos que a\u00fan no tienen ahorro suficiente para la compra. Y en especial viviendas de alquiler social a precios asequibles.<\/p>\n<\/p>\n<p>Asimismo, vamos a desterrar la idea de que los m\u00e1s humildes no pueden acceder a un techo digno. <\/p>\n<\/p>\n<p>En este sentido, promoveremos la creaci\u00f3n de viviendas sociales, pero tambi\u00e9n, reduciremos el d\u00e9ficit habitacional mediante la mejora de las viviendas ya existentes, para garantizar que todas las familias habiten en condiciones dignas. <\/p>\n<\/p>\n<p>Adem\u00e1s, somos conscientes de la importancia de la renovaci\u00f3n urbana y para lograrlo nos proponemos una revisi\u00f3n de la Ley de Condominio que data del 1958, as\u00ed como los planes de reordenamiento territorial, en los que tambi\u00e9n estamos trabajando.<\/p>\n<\/p>\n<p>Honorables Senadores y Diputados,<\/p>\n<\/p>\n<p>Quisiera hablarles ahora de otro tema clave para nuestro gobierno. Otra transformaci\u00f3n que, aunque lentamente, avanza y apunta a redefinir lo que los ciudadanos puedes esperar del Estado. Me refiero al tema de la seguridad ciudadana. <\/p>\n<\/p>\n<p>Cuando el pueblo nos dice que siente miedo en las calles debemos poner toda nuestra atenci\u00f3n en eso, porque es un tema muy sensible. <\/p>\n<\/p>\n<\/p>\n<p>Hemos logrado avances, es cierto. Ah\u00ed est\u00e1n las cifras de criminalidad, que siguen descendiendo desde hace tres a\u00f1os. Pero ninguna de esas estad\u00edsticas consuelan a una mujer que es atacada en la calle para robarle la cartera, esa es la verdad.<\/p>\n<\/p>\n<p>Porque sabemos eso,seguimos trabajando en las calles, d\u00eda a d\u00eda.No pasa un d\u00eda sin que nos esforcemos en mejorar, pueden estar seguros de eso. <\/p>\n<\/p>\n<p>Es importante que veamos las cosas en perspectiva, porque no podemos dejar que el miedo gane la partida y nos impida ver lo logrado.<\/p>\n<\/p>\n<p>Lo cierto es que, por primera vez en 13 a\u00f1os, la tasa de homicidios ha descendido de manera sostenida durante los \u00faltimos 4 a\u00f1os. Este es el delito m\u00e1s grave que debemos combatir, y lo estamos logrando. <\/p>\n<\/p>\n<p>En\n<\/p>\n<h6> 2016-02-27 12:15:28 <\/h6>\n<p><!--\n<link rel=\"stylesheet\" href=\"css\/bootstrap.min.css\">\n\n\n<ul class=\"pagination\">\n\t    \n\t\n\n<li >\n\t<a href='?page_no=13579'>Previous<\/a>\n\t<\/li>\n\n\n       \n    \n\n<li><a href='?page_no=1'>1<\/a><\/li>\n\n\n\n<li><a href='?page_no=2'>2<\/a><\/li>\n\n\n\n<li><a>...<\/a><\/li>\n\n\n\n<li><a href='?page_no=13578'>13578<\/a><\/li>\n\n\n\n<li><a href='?page_no=13579'>13579<\/a><\/li>\n\n\n\n<li class='active'><a>13580<\/a><\/li>\n\n\n\n<li><a href='?page_no=13581'>13581<\/a><\/li>\n\n\n\n<li><a href='?page_no=13582'>13582<\/a><\/li>\n\n\n\n<li><a>...<\/a><\/li>\n\n\n\n<li><a href='?page_no=56169'>56169<\/a><\/li>\n\n\n\n<li><a href='?page_no=56170'>56170<\/a><\/li>\n\n    \n\t\n\n<li >\n\t<a href='?page_no=13581'>Next<\/a>\n\t<\/li>\n\n\n    \n\n<li><a href='?page_no=56170'>Last &rsaquo;&rsaquo;<\/a><\/li>\n\n<\/ul>\n\n\n--><br \/>\n<\/body><\/p>\n","protected":false},"excerpt":{"rendered":"<p>Discurso de Rendici\u00f3n de Cuentas del Excelent\u00edsimo Se\u00f1or Presidente de la Rep\u00fablica, Lic. Danilo Medina ante la Asamblea Nacional. 27 de Febrero 2016 Honorable Lic. Cristina Lizardo M\u00e9zquita, Presidenta del senado de la Rep\u00fablica y de esta Asamblea Nacional; Honorable Dra. Margarita Cede\u00f1o de Fern\u00e1ndez, Vicepresidenta de la Rep\u00fablica; Honorable Lic. C\u00e1ndida Montilla de Medina, [&hellip;]<\/p>\n","protected":false},"author":3,"featured_media":0,"comment_status":"open","ping_status":"open","sticky":false,"template":"","format":"standard","meta":{"footnotes":""},"categories":[20],"tags":[],"class_list":["post-219238","post","type-post","status-publish","format-standard","hentry","category-dominicana-hoy"],"_links":{"self":[{"href":"https:\/\/diariodominicano.com\/index.php?rest_route=\/wp\/v2\/posts\/219238","targetHints":{"allow":["GET"]}}],"collection":[{"href":"https:\/\/diariodominicano.com\/index.php?rest_route=\/wp\/v2\/posts"}],"about":[{"href":"https:\/\/diariodominicano.com\/index.php?rest_route=\/wp\/v2\/types\/post"}],"author":[{"embeddable":true,"href":"https:\/\/diariodominicano.com\/index.php?rest_route=\/wp\/v2\/users\/3"}],"replies":[{"embeddable":true,"href":"https:\/\/diariodominicano.com\/index.php?rest_route=%2Fwp%2Fv2%2Fcomments&post=219238"}],"version-history":[{"count":0,"href":"https:\/\/diariodominicano.com\/index.php?rest_route=\/wp\/v2\/posts\/219238\/revisions"}],"wp:attachment":[{"href":"https:\/\/diariodominicano.com\/index.php?rest_route=%2Fwp%2Fv2%2Fmedia&parent=219238"}],"wp:term":[{"taxonomy":"category","embeddable":true,"href":"https:\/\/diariodominicano.com\/index.php?rest_route=%2Fwp%2Fv2%2Fcategories&post=219238"},{"taxonomy":"post_tag","embeddable":true,"href":"https:\/\/diariodominicano.com\/index.php?rest_route=%2Fwp%2Fv2%2Ftags&post=219238"}],"curies":[{"name":"wp","href":"https:\/\/api.w.org\/{rel}","templated":true}]}}