{"id":219235,"date":"2016-02-27T14:35:25","date_gmt":"2016-02-27T14:35:25","guid":{"rendered":"http:\/\/diariodominicano.ddns.net\/?p=219235"},"modified":"2016-02-27T14:35:25","modified_gmt":"2016-02-27T14:35:25","slug":"deposita-ofrenda-floral-en-altar-de-la-patria","status":"publish","type":"post","link":"https:\/\/diariodominicano.com\/?p=219235","title":{"rendered":"Deposita ofrenda floral en Altar de la Patria"},"content":{"rendered":"<p><body><\/p>\n<p><img decoding=\"async\" src=\"img3\/presidencia.jpg\" \/>  <\/p>\n<p><strong><span class=\"text1noticias\">Santo Domingo, RD, 27 de febrero.-<\/span><\/strong><span class=\"text1noticias\">Con motivo de la conmemoraci\u00f3n del 172 aniversario de la Independencia Nacional, el presidente Danilo Medina deposit\u00f3 una ofrenda floral en el Altar de la Patria, en homenaje a Juan Pablo Duarte, Francisco del Rosario S\u00e1nchez y Ram\u00f3n Mat\u00edas Mella. Lo acompa\u00f1aron la vicepresidenta Margarita Cede\u00f1o de Fern\u00e1ndez y la primera dama C\u00e1ndida Montilla de Medina.<\/span><\/p>\n<\/p>\n<p><strong><span class=\"text1noticias\">Junto a Primera Dama y Vicepresidenta<\/span><\/strong><\/p>\n<\/p>\n<p><span class=\"text1noticias\">Danilo Medina lleg\u00f3 al mausoleo donde reposan los restos de los padres de la Patria, a la 1:51 de la tarde, acompa\u00f1ado de la Primera Dama, C\u00e1ndida Montilla de Medina, la vicepresidenta Margarita Cede\u00f1o de Fern\u00e1ndez y de sus hijas Sibely, Vanessa y  Ana Paula.<\/span><\/p>\n<\/p>\n<p><strong><span class=\"text1noticias\">Recibe honores militares<\/span><\/strong><\/p>\n<\/p>\n<p><span class=\"text1noticias\">Un Regimiento de Guardia de honor del Ministerio de Defensa, comandado por el coronel Rodolfo Reinoso Green rindi\u00f3 al jefe de Estado los honores militares correspondientes.<\/span><\/p>\n<\/p>\n<p><strong><span class=\"text1noticias\">Centenares de personas ondean la ense\u00f1a tricolor<\/span><\/strong><\/p>\n<\/p>\n<p><span class=\"text1noticias\">En el Parque Independencia, centenares de personas que estaban en el lugar recibieron al Presidente de la Rep\u00fablica ondeando la Bandera Nacional, como s\u00edmbolo del orgullo de la dominicanidad.<\/span><\/p>\n<\/p>\n<p><span class=\"text1noticias\">Junto a Danilo Medina tambi\u00e9n estuvieron los ministros de la Presidencia, Gustavo Montalvo; de Defensa, teniente general M\u00e1ximo William Mu\u00f1oz; de Educaci\u00f3n, Carlos Amarante Baret, de Integraci\u00f3n Regional, Miguel Mej\u00eda y de Cultura, Jos\u00e9 Antonio Rodr\u00edguez, al igual que el jefe de la Polic\u00eda Nacional, mayor general Nelson Peguero Paredes y la presidenta de la Fundaci\u00f3n Reservas del Pa\u00eds, Rosa Rita \u00c1lvarez.<\/span><\/p>\n<\/p>\n<p><span class=\"text1noticias\">Adem\u00e1s, el presidente de la Comisi\u00f3n Permanente de Efem\u00e9rides Patrias, Juan Daniel Balc\u00e1cer; los asistentes del Presidente, Carlos Pared P\u00e9rez y Robert de la Cruz; los directores general de Drogas, mayor general Julio C\u00e9sar Souffront Vel\u00e1zquez y del Instituto Postal Dominicano, Modesto Guzm\u00e1n, as\u00ed como otros miembros del gabinete, autoridades civiles y militares.<\/span><\/p>\n<\/p>\n<p><span class=\"text1noticias\">La ofrenda estaba confeccionada con rosas blancas y lirios del mismo color y en la cinta reza, \u00abLoor a los padres de la Patria\u00bb<\/span>.<\/p>\n<h6> 2016-02-27 14:35:25 <\/h6>\n<p><!--\n<link rel=\"stylesheet\" href=\"css\/bootstrap.min.css\">\n\n\n<ul class=\"pagination\">\n\t    \n\t\n\n<li >\n\t<a href='?page_no=13577'>Previous<\/a>\n\t<\/li>\n\n\n       \n    \n\n<li><a href='?page_no=1'>1<\/a><\/li>\n\n\n\n<li><a href='?page_no=2'>2<\/a><\/li>\n\n\n\n<li><a>...<\/a><\/li>\n\n\n\n<li><a href='?page_no=13576'>13576<\/a><\/li>\n\n\n\n<li><a href='?page_no=13577'>13577<\/a><\/li>\n\n\n\n<li class='active'><a>13578<\/a><\/li>\n\n\n\n<li><a href='?page_no=13579'>13579<\/a><\/li>\n\n\n\n<li><a href='?page_no=13580'>13580<\/a><\/li>\n\n\n\n<li><a>...<\/a><\/li>\n\n\n\n<li><a href='?page_no=56169'>56169<\/a><\/li>\n\n\n\n<li><a href='?page_no=56170'>56170<\/a><\/li>\n\n    \n\t\n\n<li >\n\t<a href='?page_no=13579'>Next<\/a>\n\t<\/li>\n\n\n    \n\n<li><a href='?page_no=56170'>Last &rsaquo;&rsaquo;<\/a><\/li>\n\n<\/ul>\n\n\n--><br \/>\n<\/body><\/p>\n","protected":false},"excerpt":{"rendered":"<p>Santo Domingo, RD, 27 de febrero.-Con motivo de la conmemoraci\u00f3n del 172 aniversario de la Independencia Nacional, el presidente Danilo Medina deposit\u00f3 una ofrenda floral en el Altar de la Patria, en homenaje a Juan Pablo Duarte, Francisco del Rosario S\u00e1nchez y Ram\u00f3n Mat\u00edas Mella. Lo acompa\u00f1aron la vicepresidenta Margarita Cede\u00f1o de Fern\u00e1ndez y la [&hellip;]<\/p>\n","protected":false},"author":3,"featured_media":0,"comment_status":"open","ping_status":"open","sticky":false,"template":"","format":"standard","meta":{"footnotes":""},"categories":[20],"tags":[],"class_list":["post-219235","post","type-post","status-publish","format-standard","hentry","category-dominicana-hoy"],"_links":{"self":[{"href":"https:\/\/diariodominicano.com\/index.php?rest_route=\/wp\/v2\/posts\/219235","targetHints":{"allow":["GET"]}}],"collection":[{"href":"https:\/\/diariodominicano.com\/index.php?rest_route=\/wp\/v2\/posts"}],"about":[{"href":"https:\/\/diariodominicano.com\/index.php?rest_route=\/wp\/v2\/types\/post"}],"author":[{"embeddable":true,"href":"https:\/\/diariodominicano.com\/index.php?rest_route=\/wp\/v2\/users\/3"}],"replies":[{"embeddable":true,"href":"https:\/\/diariodominicano.com\/index.php?rest_route=%2Fwp%2Fv2%2Fcomments&post=219235"}],"version-history":[{"count":0,"href":"https:\/\/diariodominicano.com\/index.php?rest_route=\/wp\/v2\/posts\/219235\/revisions"}],"wp:attachment":[{"href":"https:\/\/diariodominicano.com\/index.php?rest_route=%2Fwp%2Fv2%2Fmedia&parent=219235"}],"wp:term":[{"taxonomy":"category","embeddable":true,"href":"https:\/\/diariodominicano.com\/index.php?rest_route=%2Fwp%2Fv2%2Fcategories&post=219235"},{"taxonomy":"post_tag","embeddable":true,"href":"https:\/\/diariodominicano.com\/index.php?rest_route=%2Fwp%2Fv2%2Ftags&post=219235"}],"curies":[{"name":"wp","href":"https:\/\/api.w.org\/{rel}","templated":true}]}}