{"id":219234,"date":"2016-02-27T14:59:44","date_gmt":"2016-02-27T14:59:44","guid":{"rendered":"http:\/\/diariodominicano.ddns.net\/?p=219234"},"modified":"2016-02-27T14:59:44","modified_gmt":"2016-02-27T14:59:44","slug":"178-pacientes-reciben-lentes-completos-de-parte-del-senador-jose-rafael-vargas","status":"publish","type":"post","link":"https:\/\/diariodominicano.com\/?p=219234","title":{"rendered":"178 pacientes reciben lentes completos de parte del Senador Jos\u00e9 Rafael Vargas"},"content":{"rendered":"<p><body><\/p>\n<p><img decoding=\"async\" src=\"img3\/lentesmoca.jpg\" \/>  <\/p>\n<p><span class=\"text1noticias\">Moca, provincia Espaillat, RD, 27 de Febrero.- El Senador Jos\u00e9 Rafael Vargas y su equipo m\u00e9dico de prevenci\u00f3n de ceguera, entregaron 178 monturas de lentes a igual n\u00famero de pacientes que fueron atendidos durante todo el d\u00eda de hoy en la oficina senatorial.<\/span><\/p>\n<\/p>\n<p><span class=\"text1noticias\">Los pacientes provienen de las comunidades de la provincia Espaillat y sus dificultades de visi\u00f3n se detectaron en las diferentes jornadas de prevenci\u00f3n de ceguera que realiza el senador. Muchas de estas personas fueron operadas de cataratas y necesitaban hacerse sus pruebas de lentes.<\/span><\/p>\n<\/p>\n<p><span class=\"text1noticias\">La mayor\u00eda de ellos despu\u00e9s de su cirug\u00eda solo requirieron lentes de lectura para visi\u00f3n cercana los cuales les fueron facilitados por el senador Vargas en el d\u00eda de hoy.<\/span><\/p>\n<\/p>\n<p><span class=\"text1noticias\">Desde las ocho de la ma\u00f1ana hasta las siete de la noche el equipo de Prevenci\u00f3n de Ceguera que preside la Oftalm\u00f3loga, Dra. Evelyn D\u00edaz comenz\u00f3 Las pruebas de lentes, para personas que los necesitan en forma permanente.<\/span><\/p>\n<\/p>\n<p><span class=\"text1noticias\">Todos los viernes se hacen estos chequeos y entrega de lentes a pacientes, que son evaluados o han sido operados y que requieren el seguimiento y gu\u00eda de un oftalm\u00f3logo.<\/span><\/p>\n<\/p>\n<p><span class=\"text1noticias\">El senador Vargas lleva los servicios de atenci\u00f3n visual a todas las comunidades de la provincia, llegando as\u00ed a los que m\u00e1s lo necesitan.<\/span><\/p>\n<\/p>\n<p><span class=\"text1noticias\">M\u00e1s de tres mil ochocientas personas han sido operadas de catarata y Pterigion gracias a las Jornadas de Prevenci\u00f3n de Ceguera del Senador Vargas. A muchas de estas personas el poder recuperar su visi\u00f3n ha cambiado sus vidas de una manera positiva, curando su ceguera y devolvi\u00e9ndoles la libertad de poder ser independientes y productivos otra vez.<\/span><\/p>\n<\/p>\n<p><span class=\"text1noticias\">M\u00e1s de 25 mil pacientes han recibido sus lentes gratis y ya pasan de 45 mil las personas que han sido atendidas de la vista en toda la provincia Espaillat<\/span>.<\/p>\n<h6> 2016-02-27 14:59:44 <\/h6>\n<p><!--\n<link rel=\"stylesheet\" href=\"css\/bootstrap.min.css\">\n\n\n<ul class=\"pagination\">\n\t    \n\t\n\n<li >\n\t<a href='?page_no=13576'>Previous<\/a>\n\t<\/li>\n\n\n       \n    \n\n<li><a href='?page_no=1'>1<\/a><\/li>\n\n\n\n<li><a href='?page_no=2'>2<\/a><\/li>\n\n\n\n<li><a>...<\/a><\/li>\n\n\n\n<li><a href='?page_no=13575'>13575<\/a><\/li>\n\n\n\n<li><a href='?page_no=13576'>13576<\/a><\/li>\n\n\n\n<li class='active'><a>13577<\/a><\/li>\n\n\n\n<li><a href='?page_no=13578'>13578<\/a><\/li>\n\n\n\n<li><a href='?page_no=13579'>13579<\/a><\/li>\n\n\n\n<li><a>...<\/a><\/li>\n\n\n\n<li><a href='?page_no=56169'>56169<\/a><\/li>\n\n\n\n<li><a href='?page_no=56170'>56170<\/a><\/li>\n\n    \n\t\n\n<li >\n\t<a href='?page_no=13578'>Next<\/a>\n\t<\/li>\n\n\n    \n\n<li><a href='?page_no=56170'>Last &rsaquo;&rsaquo;<\/a><\/li>\n\n<\/ul>\n\n\n--><br \/>\n<\/body><\/p>\n","protected":false},"excerpt":{"rendered":"<p>Moca, provincia Espaillat, RD, 27 de Febrero.- El Senador Jos\u00e9 Rafael Vargas y su equipo m\u00e9dico de prevenci\u00f3n de ceguera, entregaron 178 monturas de lentes a igual n\u00famero de pacientes que fueron atendidos durante todo el d\u00eda de hoy en la oficina senatorial. Los pacientes provienen de las comunidades de la provincia Espaillat y sus [&hellip;]<\/p>\n","protected":false},"author":3,"featured_media":0,"comment_status":"open","ping_status":"open","sticky":false,"template":"","format":"standard","meta":{"footnotes":""},"categories":[20],"tags":[],"class_list":["post-219234","post","type-post","status-publish","format-standard","hentry","category-dominicana-hoy"],"_links":{"self":[{"href":"https:\/\/diariodominicano.com\/index.php?rest_route=\/wp\/v2\/posts\/219234","targetHints":{"allow":["GET"]}}],"collection":[{"href":"https:\/\/diariodominicano.com\/index.php?rest_route=\/wp\/v2\/posts"}],"about":[{"href":"https:\/\/diariodominicano.com\/index.php?rest_route=\/wp\/v2\/types\/post"}],"author":[{"embeddable":true,"href":"https:\/\/diariodominicano.com\/index.php?rest_route=\/wp\/v2\/users\/3"}],"replies":[{"embeddable":true,"href":"https:\/\/diariodominicano.com\/index.php?rest_route=%2Fwp%2Fv2%2Fcomments&post=219234"}],"version-history":[{"count":0,"href":"https:\/\/diariodominicano.com\/index.php?rest_route=\/wp\/v2\/posts\/219234\/revisions"}],"wp:attachment":[{"href":"https:\/\/diariodominicano.com\/index.php?rest_route=%2Fwp%2Fv2%2Fmedia&parent=219234"}],"wp:term":[{"taxonomy":"category","embeddable":true,"href":"https:\/\/diariodominicano.com\/index.php?rest_route=%2Fwp%2Fv2%2Fcategories&post=219234"},{"taxonomy":"post_tag","embeddable":true,"href":"https:\/\/diariodominicano.com\/index.php?rest_route=%2Fwp%2Fv2%2Ftags&post=219234"}],"curies":[{"name":"wp","href":"https:\/\/api.w.org\/{rel}","templated":true}]}}