{"id":219233,"date":"2016-02-27T15:59:09","date_gmt":"2016-02-27T15:59:09","guid":{"rendered":"http:\/\/diariodominicano.ddns.net\/?p=219233"},"modified":"2016-02-27T15:59:09","modified_gmt":"2016-02-27T15:59:09","slug":"presidente-siempre-trabajaremos-por-los-intereses-del-pueblo-dominicano","status":"publish","type":"post","link":"https:\/\/diariodominicano.com\/?p=219233","title":{"rendered":"Presidente: \u00abSiempre trabajaremos por los intereses del pueblo dominicano\u00bb"},"content":{"rendered":"<p><body><\/p>\n<p><span class=\"text1noticias\">Santo Domingo, RD, 27 de febrero.-El presidente Danilo Medina afirm\u00f3 que el Gobierno trabaja todos los d\u00edas para proteger los intereses del pueblo dominicano y para elevar el nombre de la Patria, dentro y fuera de nuestras fronteras.<\/span><\/p>\n<p><span class=\"text1noticias\"> <\/span><\/p>\n<p><span class=\"text1noticias\">En su discurso de rendici\u00f3n de cuentas ante la Asamblea Nacional, con motivo del 172 aniversario de la Independencia Nacional, el jefe de Estado cit\u00f3 la renegociaci\u00f3n del contrato de la empresa minera Barrick Gold y de la deuda con Petrocaribe, como ejemplos de la defensa de los intereses nacionales que desde el Gobierno se ha hecho.<\/span><\/p>\n<p><span class=\"text1noticias\"> <\/span><\/p>\n<p><span class=\"text1noticias\">De igual modo, se refiri\u00f3 a la recuperaci\u00f3n de la gesti\u00f3n de las carreteras del pa\u00eds y la defensa de la soberan\u00eda de la Rep\u00fablica Dominicana en escenarios internacionales.<\/span><\/p>\n<p><span class=\"text1noticias\"> <\/span><\/p>\n<p><span class=\"text1noticias\">\u00abLo hicimos porque amamos la Rep\u00fablica Dominicana y porque siempre trabajaremos por los intereses del pueblo dominicano\u00bb.<\/span><\/p>\n<p><span class=\"text1noticias\"><strong> <\/strong><\/span><\/p>\n<p><span class=\"text1noticias\"><strong>Barrick Gold y Petrocaribe<\/strong><\/span><\/p>\n<\/p>\n<p><span class=\"text1noticias\">\u00abLo hicimos frente a empresas como Barrick Gold, garantizando que m\u00e1s de la mitad de los beneficios de la explotaci\u00f3n de nuestro oro sea para los dominicanos y dominicanas\u00bb, manifest\u00f3 el presidente Danilo Medina, quien en m\u00faltiples ocasiones se vio precisado aretomar el discurso interrumpido por los aplausos de los presentes en el acto.<\/span><\/p>\n<p><span class=\"text1noticias\"> <\/span><\/p>\n<p><span class=\"text1noticias\">Igualmente, destac\u00f3 que la renegociaci\u00f3n con Petrocaribe ha sido aplaudida internacionalmente por su transparencia, adem\u00e1s de que le permiti\u00f3 reducir la deuda externa del pa\u00eds de manera sustancial.<\/span><\/p>\n<p><span class=\"text1noticias\"> <\/span><\/p>\n<p><span class=\"text1noticias\"><strong>Recuperaci\u00f3n de gesti\u00f3n de autopistas nacionales<\/strong><\/span><\/p>\n<\/p>\n<p><span class=\"text1noticias\">El Presidente de la Rep\u00fablica detall\u00f3, adem\u00e1s, que se ha recuperado la gesti\u00f3n de la mayor parte de las autopistas nacionales, lo que ha supuesto la liberaci\u00f3n de cerca de 70 millones de d\u00f3lares al a\u00f1o, que ahora se invierten en mejores servicios para la gente<\/span>.<\/p>\n<h6> 2016-02-27 15:59:09 <\/h6>\n<p><!--\n<link rel=\"stylesheet\" href=\"css\/bootstrap.min.css\">\n\n\n<ul class=\"pagination\">\n\t    \n\t\n\n<li >\n\t<a href='?page_no=13575'>Previous<\/a>\n\t<\/li>\n\n\n       \n    \n\n<li><a href='?page_no=1'>1<\/a><\/li>\n\n\n\n<li><a href='?page_no=2'>2<\/a><\/li>\n\n\n\n<li><a>...<\/a><\/li>\n\n\n\n<li><a href='?page_no=13574'>13574<\/a><\/li>\n\n\n\n<li><a href='?page_no=13575'>13575<\/a><\/li>\n\n\n\n<li class='active'><a>13576<\/a><\/li>\n\n\n\n<li><a href='?page_no=13577'>13577<\/a><\/li>\n\n\n\n<li><a href='?page_no=13578'>13578<\/a><\/li>\n\n\n\n<li><a>...<\/a><\/li>\n\n\n\n<li><a href='?page_no=56169'>56169<\/a><\/li>\n\n\n\n<li><a href='?page_no=56170'>56170<\/a><\/li>\n\n    \n\t\n\n<li >\n\t<a href='?page_no=13577'>Next<\/a>\n\t<\/li>\n\n\n    \n\n<li><a href='?page_no=56170'>Last &rsaquo;&rsaquo;<\/a><\/li>\n\n<\/ul>\n\n\n--><br \/>\n<\/body><\/p>\n","protected":false},"excerpt":{"rendered":"<p>Santo Domingo, RD, 27 de febrero.-El presidente Danilo Medina afirm\u00f3 que el Gobierno trabaja todos los d\u00edas para proteger los intereses del pueblo dominicano y para elevar el nombre de la Patria, dentro y fuera de nuestras fronteras. En su discurso de rendici\u00f3n de cuentas ante la Asamblea Nacional, con motivo del 172 aniversario de [&hellip;]<\/p>\n","protected":false},"author":3,"featured_media":0,"comment_status":"open","ping_status":"open","sticky":false,"template":"","format":"standard","meta":{"footnotes":""},"categories":[20],"tags":[],"class_list":["post-219233","post","type-post","status-publish","format-standard","hentry","category-dominicana-hoy"],"_links":{"self":[{"href":"https:\/\/diariodominicano.com\/index.php?rest_route=\/wp\/v2\/posts\/219233","targetHints":{"allow":["GET"]}}],"collection":[{"href":"https:\/\/diariodominicano.com\/index.php?rest_route=\/wp\/v2\/posts"}],"about":[{"href":"https:\/\/diariodominicano.com\/index.php?rest_route=\/wp\/v2\/types\/post"}],"author":[{"embeddable":true,"href":"https:\/\/diariodominicano.com\/index.php?rest_route=\/wp\/v2\/users\/3"}],"replies":[{"embeddable":true,"href":"https:\/\/diariodominicano.com\/index.php?rest_route=%2Fwp%2Fv2%2Fcomments&post=219233"}],"version-history":[{"count":0,"href":"https:\/\/diariodominicano.com\/index.php?rest_route=\/wp\/v2\/posts\/219233\/revisions"}],"wp:attachment":[{"href":"https:\/\/diariodominicano.com\/index.php?rest_route=%2Fwp%2Fv2%2Fmedia&parent=219233"}],"wp:term":[{"taxonomy":"category","embeddable":true,"href":"https:\/\/diariodominicano.com\/index.php?rest_route=%2Fwp%2Fv2%2Fcategories&post=219233"},{"taxonomy":"post_tag","embeddable":true,"href":"https:\/\/diariodominicano.com\/index.php?rest_route=%2Fwp%2Fv2%2Ftags&post=219233"}],"curies":[{"name":"wp","href":"https:\/\/api.w.org\/{rel}","templated":true}]}}