{"id":219232,"date":"2016-02-28T06:36:32","date_gmt":"2016-02-28T06:36:32","guid":{"rendered":"http:\/\/diariodominicano.ddns.net\/?p=219232"},"modified":"2016-02-28T06:36:32","modified_gmt":"2016-02-28T06:36:32","slug":"monsenor-amancio-escapa-campana-electoral-refleja-bajo-nivel","status":"publish","type":"post","link":"https:\/\/diariodominicano.com\/?p=219232","title":{"rendered":"Monse\u00f1or Amancio Escapa: \u00abCampa\u00f1a electoral refleja bajo nivel\u00bb"},"content":{"rendered":"<p><body><\/p>\n<p><img decoding=\"async\" src=\"img3\/Escapa2702.jpg\" \/>  <\/p>\n<\/p>\n<p><span class=\"text1noticias\">SANTO DOMINGO, RD, 28 de Febrero de 2016.- El obispo auxiliar de la Arquidiocesis de Santo Domingo, monse\u00f1or Amancio Escapa, lament\u00f3 ayer que el presente proceso electoral se haya centrado en los aspectos negativos de los opositores, lo que a su juicio denota \u00abbajo nivel pol\u00edtico\u00bb.<\/span><\/p>\n<\/p>\n<p><span class=\"text1noticias\">Durante la homil\u00eda del Tedeum, liturgia de acci\u00f3n de gracias para conmemorar las fiestas patrias de Rep\u00fablica Dominicana, monse\u00f1or Escapa se refiri\u00f3 al mensaje de los obispos con motivo de la Independencia Nacional, en el que abogan por una campa\u00f1a electoral apoyada en principios, en valores y en programas, llevada con respeto y en sana coordinaci\u00f3n con los opositores, lo que habla mejor de la madurez pol\u00edtica de los partidos y candidatos.<\/span><\/p>\n<\/p>\n<p><span class=\"text1noticias\">Exhort\u00f3 a los pol\u00edticos a realizar un proceso electoral en paz, con respeto del espacio y de las ofertas de los dem\u00e1s candidatos, abierta al di\u00e1logo y con un verdadero sentido de madurez humana y pol\u00edtica, como pidi\u00f3 el Episcopado en su mensaje.  Escapa dijo que el pueblo est\u00e1 hastiado del desorden y que no les luce a los l\u00edderes pol\u00edticos ser ellos quienes lo fomenten o propicien.<\/span><\/p>\n<\/p>\n<p><span class=\"text1noticias\">\u00abLos gobernantes tienen que desarrollar su capacidad para el bien com\u00fan que es la finalidad de toda buena pol\u00edtica, por encima de los intereses particulares o de partidos\u00bb.<\/span><\/p>\n<\/p>\n<p><span class=\"text1noticias\">El presidente Danilo Medina lleg\u00f3 a la Catedral Primada de Am\u00e9rica las 12:50 de la tarde, acompa\u00f1ado de la vicepresidenta Margarita Cede\u00f1o, su esposa C\u00e1ndida Montilla de Medina y sus tres hijas. Asistieron funcionarios civiles y militares.<\/span><\/p>\n<\/p>\n<p><span class=\"text1noticias\">Quiere reforma personal<\/span><\/p>\n<\/p>\n<p><span class=\"text1noticias\">El Obispo Auxiliar abog\u00f3 porque cada uno haga una reforma personal que los lleve a ser m\u00e1s justo, solidario, honesto, respetuoso de lo ajeno, pac\u00edfico y defensor de la verdad.<\/span><\/p>\n<\/p>\n<p><span class=\"text1noticias\">Dijo que aqu\u00ed \u00abtenemos la mala costumbre de echarle toda la culpa al Gobierno, y se pregunt\u00f3: y nosotros entonces, los gobernados, qu\u00e9 hacemos.<\/span><\/p>\n<\/p>\n<p><span class=\"text1noticias\">Llam\u00f3 a cada uno a hacer lo que le corresponde para forjar una patria mejor, m\u00e1s justa, honesta y solidaria. (Bethania Apolinar\/List\u00edn Diario)<\/span><\/p>\n<\/p>\n<\/p>\n<\/p>\n<h6> 2016-02-28 06:36:32 <\/h6>\n<p><!--\n<link rel=\"stylesheet\" href=\"css\/bootstrap.min.css\">\n\n\n<ul class=\"pagination\">\n\t    \n\t\n\n<li >\n\t<a href='?page_no=13574'>Previous<\/a>\n\t<\/li>\n\n\n       \n    \n\n<li><a href='?page_no=1'>1<\/a><\/li>\n\n\n\n<li><a href='?page_no=2'>2<\/a><\/li>\n\n\n\n<li><a>...<\/a><\/li>\n\n\n\n<li><a href='?page_no=13573'>13573<\/a><\/li>\n\n\n\n<li><a href='?page_no=13574'>13574<\/a><\/li>\n\n\n\n<li class='active'><a>13575<\/a><\/li>\n\n\n\n<li><a href='?page_no=13576'>13576<\/a><\/li>\n\n\n\n<li><a href='?page_no=13577'>13577<\/a><\/li>\n\n\n\n<li><a>...<\/a><\/li>\n\n\n\n<li><a href='?page_no=56169'>56169<\/a><\/li>\n\n\n\n<li><a href='?page_no=56170'>56170<\/a><\/li>\n\n    \n\t\n\n<li >\n\t<a href='?page_no=13576'>Next<\/a>\n\t<\/li>\n\n\n    \n\n<li><a href='?page_no=56170'>Last &rsaquo;&rsaquo;<\/a><\/li>\n\n<\/ul>\n\n\n--><br \/>\n<\/body><\/p>\n","protected":false},"excerpt":{"rendered":"<p>SANTO DOMINGO, RD, 28 de Febrero de 2016.- El obispo auxiliar de la Arquidiocesis de Santo Domingo, monse\u00f1or Amancio Escapa, lament\u00f3 ayer que el presente proceso electoral se haya centrado en los aspectos negativos de los opositores, lo que a su juicio denota \u00abbajo nivel pol\u00edtico\u00bb. Durante la homil\u00eda del Tedeum, liturgia de acci\u00f3n de [&hellip;]<\/p>\n","protected":false},"author":3,"featured_media":0,"comment_status":"open","ping_status":"open","sticky":false,"template":"","format":"standard","meta":{"footnotes":""},"categories":[20],"tags":[],"class_list":["post-219232","post","type-post","status-publish","format-standard","hentry","category-dominicana-hoy"],"_links":{"self":[{"href":"https:\/\/diariodominicano.com\/index.php?rest_route=\/wp\/v2\/posts\/219232","targetHints":{"allow":["GET"]}}],"collection":[{"href":"https:\/\/diariodominicano.com\/index.php?rest_route=\/wp\/v2\/posts"}],"about":[{"href":"https:\/\/diariodominicano.com\/index.php?rest_route=\/wp\/v2\/types\/post"}],"author":[{"embeddable":true,"href":"https:\/\/diariodominicano.com\/index.php?rest_route=\/wp\/v2\/users\/3"}],"replies":[{"embeddable":true,"href":"https:\/\/diariodominicano.com\/index.php?rest_route=%2Fwp%2Fv2%2Fcomments&post=219232"}],"version-history":[{"count":0,"href":"https:\/\/diariodominicano.com\/index.php?rest_route=\/wp\/v2\/posts\/219232\/revisions"}],"wp:attachment":[{"href":"https:\/\/diariodominicano.com\/index.php?rest_route=%2Fwp%2Fv2%2Fmedia&parent=219232"}],"wp:term":[{"taxonomy":"category","embeddable":true,"href":"https:\/\/diariodominicano.com\/index.php?rest_route=%2Fwp%2Fv2%2Fcategories&post=219232"},{"taxonomy":"post_tag","embeddable":true,"href":"https:\/\/diariodominicano.com\/index.php?rest_route=%2Fwp%2Fv2%2Ftags&post=219232"}],"curies":[{"name":"wp","href":"https:\/\/api.w.org\/{rel}","templated":true}]}}