{"id":219230,"date":"2016-02-28T15:14:23","date_gmt":"2016-02-28T15:14:23","guid":{"rendered":"http:\/\/diariodominicano.ddns.net\/?p=219230"},"modified":"2016-02-28T15:14:23","modified_gmt":"2016-02-28T15:14:23","slug":"rojas-gomez-niega-se-produzcan-nuevas-agresiones-en-valle-nuevo","status":"publish","type":"post","link":"https:\/\/diariodominicano.com\/?p=219230","title":{"rendered":"&#13;Rojas G\u00f3mez niega se produzcan nuevas agresiones en Valle Nuevo"},"content":{"rendered":"<p><body><\/p>\n<p><img decoding=\"async\" src=\"img3\/rojasgomez.jpeg\" \/>  <\/p>\n<p><span class=\"text1noticias\">Santo Domingo, RD, 28 de Febrero.-El ministro de Medio ambiente y Recursos Naturales desminti\u00f3 que se est\u00e9n produciendo nuevas agresiones en Valle Nuevo, Constanza, como han denunciado organizaciones de la sociedad civil que luchan por el cuidado y la preservaci\u00f3n de esa zona que est\u00e1 enclavada en el coraz\u00f3n de la Cordillera Central.<\/span><\/p>\n<\/p>\n<p><span class=\"text1noticias\">El Doctor Bautista Antonio Rojas G\u00f3mez admiti\u00f3, sin embargo, que ciertamente hay comunidades como los Berm\u00fadez y el Paragua que por d\u00e9cadas han venido siendo explotada, y que por la sequ\u00eda que afectado en el pa\u00eds, productores desaprensivos, irresponsables e inconscientes se han conectados  y han afectados algunos manantiales que son las fuentes que crean los r\u00edos.<\/span><\/p>\n<\/p>\n<p><span class=\"text1noticias\">Rojas G\u00f3mez dijo que esas personas han sido notificadas y emplazadas para que se desconecten de esos manantiales con la promesa de que la cartera que dirige buscar\u00e1 los mecanismos para que usen las aguas, aunque fue enf\u00e1tico en  advertir que tampoco se le permitir\u00e1 la perforaci\u00f3n de pozos.<\/span><\/p>\n<\/p>\n<p><span class=\"text1noticias\">Entrevistado por H\u00e9ctor Herrera Cabral en el programa D\u00b4AGENDA que cada domingo se difunde por Telesistema Canal 11, el ministro de Medio Ambiente explic\u00f3 que en el caso de los pozos se pueden permitir en las partes llana, pero no as\u00ed en las zonas monta\u00f1osas donde nacen los r\u00edos y otras fuentes acu\u00edferas.<\/span><\/p>\n<\/p>\n<p><span class=\"text1noticias\">Pidi\u00f3 a quienes denuncian que funcionarios y altos oficiales militares est\u00e1n agrediendo la zona de Valle Nuevo que digan los nombres de esas personas, y calific\u00f3 como un acto de irresponsabilidad de estar haciendo denuncias sin identificar a los supuestos transgresores para actuar en contra de ellos.<\/span><\/p>\n<\/p>\n<p><span class=\"text1noticias\">\u00abLo de Valle Nuevo no es cierto, nosotros tenemos el control total de Valle Nuevo, o sea no hay ninguna actividad nueva en esa zona\u00bb, respondi\u00f3 el doctor Bautista Antonio Rojas G\u00f3mez cuando se le cuestion\u00f3 sobre las constantes denuncias que se hacen en torno a presuntas agresiones que se estar\u00edan cometiendo en esa \u00e1rea protegida.<\/span><\/p>\n<\/p>\n<p><span class=\"text1noticias\">Se quej\u00f3 de que en octubre del pasado a\u00f1o abrieron un canal de comunicaci\u00f3n con el grupo ambientalista de Constanza y que se desaparecieron y luego ha vuelto a saber de ellos cuando se aparecen con las denuncias.<\/span><\/p>\n<\/p>\n<p><span class=\"text1noticias\">\u00abIncluso hay una comisi\u00f3n especial que coordinan tres viceministros para hacer las recomendaciones de lugar, y que est\u00e1n haciendo el proceso investigativo en lo que tiene que ver con los ataques, que son evidentes ya que el problema de Constanza es la explotaci\u00f3n intensiva de la agricultura y hasta que eso no se corrija el problema va a persistir\u00bb, explic\u00f3.<\/span><\/p>\n<\/p>\n<p><span class=\"text1noticias\">El ministro de Medio Ambiente dijo que ya hay muchas personas que est\u00e1n creando conciencia de que ese municipio en vez de depender de la explotaci\u00f3n intensiva de la agricultura debe basar su desarrollo en el ecoturismo, pues est\u00e1n consciente que esa cultura hay que cambiarlo.<\/span><\/p>\n<\/p>\n<p><span class=\"text1noticias\">Rojas G\u00f3mez dijo que la cartera que dirige ha impuesto varias sanciones de car\u00e1cter administrativo pero ya es tiempo de pasar a lo penal, y por lo tanto la Procuradur\u00eda de Medio Ambiente debe actuar para perseguir condenas a personas que se dan a la tarea de cometer atentados contra el medio ambiente y los recursos naturales.<\/span><\/p>\n<\/p>\n<p><span class=\"text1noticias\">En otro orden el funcionario calific\u00f3 como exagerada las declaraciones ofrecidas por el presidente del Patronato Nacional de Ganaderos, Marcelino Vargas quien advirti\u00f3 que por motivo de la prolongada sequ\u00eda, en los pr\u00f3ximos cinco a\u00f1os el pa\u00eds se ver\u00e1 compelido a usar el agua del mar para atender los requerimientos de la producci\u00f3n agr\u00edcola y pecuaria del pa\u00eds.<\/span><\/p>\n<\/p>\n<p><span class=\"text1noticias\">Bautista Rojas G\u00f3mez tambi\u00e9n conden\u00f3 el envenenamiento masivo de perros y gatos que se llev\u00f3 a cabo en los terrenos de la Ciudad Ganadera, y favoreci\u00f3 que los responsables de ese hecho delictivo sean puestos a disposici\u00f3n de la justicia.<\/span><\/p>\n<\/p>\n<p><span class=\"text1noticias\">Rojas G\u00f3mez acusa a Luis Abinader de hacer pol\u00edtica como si fuera un chisme de patio<\/span><\/p>\n<\/p>\n<p><span class=\"text1noticias\">El doctor Bautista Antonio Rojas G\u00f3mez, miembro del Comit\u00e9 Pol\u00edtico del Partido de la Liberaci\u00f3n Dominicana acus\u00f3 al candidato del Partido Revolucionario Moderno Luis Abinader de hacer de la actividad pol\u00edtica un chisme de patio, sin dedicarse hacer planteamientos serios sobre la soluci\u00f3n de los problemas que afectan al pa\u00eds.<\/span><\/p>\n<\/p>\n<p><span class=\"text1noticias\">Rojas G\u00f3mez dijo que muy contrario a esa forma de actuar se comporta el presidente de la Rep\u00fablica y candidato presidencial Danilo Medina, quien cumpli\u00f3 lo que prometi\u00f3 al electorado y vive dici\u00e9ndole al pa\u00eds lo que realizar\u00e1 cuando sea elegido nuevamente en los comicios del 15 de mayo de este a\u00f1o.<\/span><\/p>\n<\/p>\n<p><span class=\"text1noticias\">\u00abEsa es una campa\u00f1a de chisme de patio que lleva el candidato de la oposici\u00f3n, tu no ha escuchado la primera propuesta que haya hecho, no te dice que van hacer con la educaci\u00f3n, con la salud, con la econom\u00eda, entonces el presidente Danilo Medina ha venido haciendo propuesta de que como mejorar los \u00e9xitos que ha alcanzado en la actual gesti\u00f3n de gobierno\u00bb, critic\u00f3.<\/span><\/p>\n<\/p>\n<p><span class=\"text1noticias\">El alto dirigente peledeista puso como ejemplo los datos ofrecidos por el primer mandatario en su discurso de rendici\u00f3n de cuentas ante la Asamblea Nacional donde demostr\u00f3 con cifras los logros de estos cuatro a\u00f1os, los cuales son tan contundentes que los dirigentes de la oposici\u00f3n han quedado sin argumentos para rebatirlos.<\/span><\/p>\n<\/p>\n<p><span class=\"text1noticias\">Asegur\u00f3 que el presidente Danilo Medina obtendr\u00e1 una victoria contundente con un porcentaje de votaci\u00f3n que superar\u00e1 el 60 por ciento, a la vez que le advirti\u00f3 a la oposici\u00f3n para que se vaya preparando porque el Partido de la Liberaci\u00f3n Dominicana gobernar\u00e1 a la Rep\u00fablica Dominicana por los pr\u00f3ximos 30 a\u00f1os<\/span>.<\/p>\n<\/p>\n<h6> 2016-02-28 15:14:23 <\/h6>\n<p><!--\n<link rel=\"stylesheet\" href=\"css\/bootstrap.min.css\">\n\n\n<ul class=\"pagination\">\n\t    \n\t\n\n<li >\n\t<a href='?page_no=13572'>Previous<\/a>\n\t<\/li>\n\n\n       \n    \n\n<li><a href='?page_no=1'>1<\/a><\/li>\n\n\n\n<li><a href='?page_no=2'>2<\/a><\/li>\n\n\n\n<li><a>...<\/a><\/li>\n\n\n\n<li><a href='?page_no=13571'>13571<\/a><\/li>\n\n\n\n<li><a href='?page_no=13572'>13572<\/a><\/li>\n\n\n\n<li class='active'><a>13573<\/a><\/li>\n\n\n\n<li><a href='?page_no=13574'>13574<\/a><\/li>\n\n\n\n<li><a href='?page_no=13575'>13575<\/a><\/li>\n\n\n\n<li><a>...<\/a><\/li>\n\n\n\n<li><a href='?page_no=56169'>56169<\/a><\/li>\n\n\n\n<li><a href='?page_no=56170'>56170<\/a><\/li>\n\n    \n\t\n\n<li >\n\t<a href='?page_no=13574'>Next<\/a>\n\t<\/li>\n\n\n    \n\n<li><a href='?page_no=56170'>Last &rsaquo;&rsaquo;<\/a><\/li>\n\n<\/ul>\n\n\n--><br \/>\n<\/body><\/p>\n","protected":false},"excerpt":{"rendered":"<p>Santo Domingo, RD, 28 de Febrero.-El ministro de Medio ambiente y Recursos Naturales desminti\u00f3 que se est\u00e9n produciendo nuevas agresiones en Valle Nuevo, Constanza, como han denunciado organizaciones de la sociedad civil que luchan por el cuidado y la preservaci\u00f3n de esa zona que est\u00e1 enclavada en el coraz\u00f3n de la Cordillera Central. El Doctor [&hellip;]<\/p>\n","protected":false},"author":3,"featured_media":0,"comment_status":"open","ping_status":"open","sticky":false,"template":"","format":"standard","meta":{"footnotes":""},"categories":[20],"tags":[],"class_list":["post-219230","post","type-post","status-publish","format-standard","hentry","category-dominicana-hoy"],"_links":{"self":[{"href":"https:\/\/diariodominicano.com\/index.php?rest_route=\/wp\/v2\/posts\/219230","targetHints":{"allow":["GET"]}}],"collection":[{"href":"https:\/\/diariodominicano.com\/index.php?rest_route=\/wp\/v2\/posts"}],"about":[{"href":"https:\/\/diariodominicano.com\/index.php?rest_route=\/wp\/v2\/types\/post"}],"author":[{"embeddable":true,"href":"https:\/\/diariodominicano.com\/index.php?rest_route=\/wp\/v2\/users\/3"}],"replies":[{"embeddable":true,"href":"https:\/\/diariodominicano.com\/index.php?rest_route=%2Fwp%2Fv2%2Fcomments&post=219230"}],"version-history":[{"count":0,"href":"https:\/\/diariodominicano.com\/index.php?rest_route=\/wp\/v2\/posts\/219230\/revisions"}],"wp:attachment":[{"href":"https:\/\/diariodominicano.com\/index.php?rest_route=%2Fwp%2Fv2%2Fmedia&parent=219230"}],"wp:term":[{"taxonomy":"category","embeddable":true,"href":"https:\/\/diariodominicano.com\/index.php?rest_route=%2Fwp%2Fv2%2Fcategories&post=219230"},{"taxonomy":"post_tag","embeddable":true,"href":"https:\/\/diariodominicano.com\/index.php?rest_route=%2Fwp%2Fv2%2Ftags&post=219230"}],"curies":[{"name":"wp","href":"https:\/\/api.w.org\/{rel}","templated":true}]}}