{"id":219229,"date":"2016-02-28T15:59:11","date_gmt":"2016-02-28T15:59:11","guid":{"rendered":"http:\/\/diariodominicano.ddns.net\/?p=219229"},"modified":"2016-02-28T15:59:11","modified_gmt":"2016-02-28T15:59:11","slug":"cipesa-se-une-a-clamor-5-pib-al-sector-salud","status":"publish","type":"post","link":"https:\/\/diariodominicano.com\/?p=219229","title":{"rendered":"CIPESA se une a clamor  5% PIB al sector salud"},"content":{"rendered":"<p><body><\/p>\n<p><img decoding=\"async\" src=\"img3\/EmiliaSantos.jpg\" \/>  <\/p>\n<p><span class=\"text1noticias\">Santo Domingo, RD, 28 de Febrero. La nueva directiva n del C\u00edrculo de Periodistas de la Salud (Cipesa), que dirigir\u00e1 el destino de esta asociaci\u00f3n durante los a\u00f1os 2016-2018, lament\u00f3 que nuestro pa\u00eds presente tantas problem\u00e1ticas en el sector salud, por lo que afirm\u00f3 que esta organizaci\u00f3n, se une al clamor de los gremios y por tercera ocasi\u00f3n, demanda, mayor presupuesto para el Sistema Nacional de Salud.<\/span><\/p>\n<\/p>\n<p><span class=\"text1noticias\">Emilia Santos indic\u00f3 que es necesario, que la cuenta del Sistema Nacional de Salud obtenga el 5 por ciento del Producto Interno Bruto,para que pueda desarrollar un programa \u00f3ptimo de prevenci\u00f3n de enfermedades, entre ellas las catastr\u00f3ficas y de alto costo. As\u00ed como, hacer frente a las eventuales y tropicales.<\/span><\/p>\n<\/p>\n<p><span class=\"text1noticias\">\u00abEs necesario un 5 por ciento, para mantener adem\u00e1s, abastecido de medicamentos e insumos m\u00e9dicos, los centros de salud. Exhibir estructuras con mayor nivel de higiene y seguridad, tanto f\u00edsica, como estructural, para bienestar de los usuarios. Y al mismo tiempo, ese presupuesto contribuir\u00e1 a mejorar las condiciones laborales y salariales para el personal m\u00e9dico y de salud\u00bb, Santos.<\/span><\/p>\n<\/p>\n<p><span class=\"text1noticias\">Santos Fr\u00edas argument\u00f3, que el 5 por ciento podr\u00e1 utilizarse para alcanzar niveles \u00f3ptimos en la  calidad y humanizaci\u00f3n en el servicio. Y de esa forma fomentar\u00e1 respeto a los derechos de las personas usuarias.<\/span><\/p>\n<\/p>\n<p><span class=\"text1noticias\">Asimismo, afirm\u00f3 que ese aporte del cinco por ciento contribuir\u00e1 al tratamiento eficaz de las enfermedades oportunistas y ambulatorias; al descongestionamiento de los hospitales; que hoy en d\u00eda son almacenes de enfermos.<\/span><\/p>\n<\/p>\n<p><span class=\"text1noticias\">Aleg\u00f3 que la Rep\u00fablica Dominicana, necesita elevar la calidad de la salud y la calidad del servicio en el sector p\u00fablico, donde todav\u00eda persisten muchas dificultades y sin un presupuesto oportuno, eso no podr\u00e1 concretarse.<\/span><\/p>\n<\/p>\n<p><span class=\"text1noticias\">\u00abUn 5 % que contribuir\u00e1 tambi\u00e9n, a exhibir un servicio de enfermer\u00eda eficiente. Elaboraci\u00f3n y desarrollo de programas de salud oportunos y hol\u00edsticos. Adem\u00e1s, el Estado podr\u00e1 cumplir su rol de garante de  los derechos fundamentales que tiene la poblaci\u00f3n dominicana.<\/span><\/p>\n<\/p>\n<p><span class=\"text1noticias\">Emilia Santos invit\u00f3 a las y los periodistas sumarse a la hermosa y desintegrada labor gremial. Aportar en las acciones que desarrolla el CIPESA; siendo leales; con entusiasmo, tes\u00f3n, deseo y profesionalidad. Para honrar as\u00ed el compromiso filantr\u00f3pico asumido<\/span>.<\/p>\n<\/p>\n<p><span class=\"text1noticias\">Durante un acto realizado en el Colegio M\u00e9dico Dominicano.La gesti\u00f3n est\u00e1 encabezada por Emilia Santos Fr\u00edas, presidenta; Franklin Castillo, secretario general; Yanny P\u00e9rez, secretaria de organizaci\u00f3n; VictorianoN\u00fa\u00f1ez, tesorero; Osvaldo Sorianosecretario de Asuntos Internacionales.<\/span><\/p>\n<\/p>\n<p><span class=\"text1noticias\">De igual forma, Yris Neyda Cuevas, en Educaci\u00f2n; Pedro De La Cruz, secretario de Comunicaci\u00f2n; Yanet Beltr\u00e8, Relaciones P\u00fablicas y Vinicio Mart\u00ednez, Actas. Asimismo, las comisiones para medios e instituciones, est\u00e1 integrada por Pedro Hern\u00e1ndez, Relaciones P\u00fablicas; Rafael Alonzo, prensa escrita; Feliz N\u00fa\u00f1ez, Radio; Patricio Peralta, Televisi\u00f3n; Iv\u00e1n Feliz, digital y Jos\u00e9 Rom\u00e1n Din\u00ed, redes sociales.<\/span><\/p>\n<\/p>\n<p><span class=\"text1noticias\">Adem\u00e1s, como coordinadoras, C\u00e1ndida Foguereo, para el Consejo de Pasados Presidentes, integrado tambi\u00e9n, por Doris Pantale\u00f3n, Dashira Mart\u00ednez, Altagracia Moreta y Luis M. C\u00e1rdenas, fundador de CIPESA y quien antecede en el puesto a Santos Fr\u00edas, entre otros. Mientras que, Nereyda Feliz, ser\u00e1 coordinadora para Santiago de los Caballeros y Mayra Pichardo, presidenta del Premio de Periodismo Nacional en Salud.<\/span><\/p>\n<\/p>\n<p><span class=\"text1noticias\">Durante el acto, el presidente saliente, Luis M. C\u00e1rdenas, rindi\u00f3 cuentas de las acciones desarrolladas durante sus gestiones y exhort\u00f3 a la membres\u00eda, continuar trabajando en uni\u00f3n, para alcanzar logros propuestos. Mientras, la nueva presidenta del CIPESA, Emilia Santos Fr\u00edas, expres\u00f3, satisfacci\u00f3n por el excelente legado de las y los periodistas que le precedieron en el cargo. \u00abHombres y mujeres que  durante 21 a\u00f1os han mantenido esta organizaci\u00f3n aportando y con buena credibilidad en la sociedad; que  exhiben \u00e9tica, tes\u00f3n y solidaridad en cada acci\u00f3n emprendida\u00bb.<\/span><\/p>\n<\/p>\n<h6> 2016-02-28 15:59:11 <\/h6>\n<p><!--\n<link rel=\"stylesheet\" href=\"css\/bootstrap.min.css\">\n\n\n<ul class=\"pagination\">\n\t    \n\t\n\n<li >\n\t<a href='?page_no=13571'>Previous<\/a>\n\t<\/li>\n\n\n       \n    \n\n<li><a href='?page_no=1'>1<\/a><\/li>\n\n\n\n<li><a href='?page_no=2'>2<\/a><\/li>\n\n\n\n<li><a>...<\/a><\/li>\n\n\n\n<li><a href='?page_no=13570'>13570<\/a><\/li>\n\n\n\n<li><a href='?page_no=13571'>13571<\/a><\/li>\n\n\n\n<li class='active'><a>13572<\/a><\/li>\n\n\n\n<li><a href='?page_no=13573'>13573<\/a><\/li>\n\n\n\n<li><a href='?page_no=13574'>13574<\/a><\/li>\n\n\n\n<li><a>...<\/a><\/li>\n\n\n\n<li><a href='?page_no=56169'>56169<\/a><\/li>\n\n\n\n<li><a href='?page_no=56170'>56170<\/a><\/li>\n\n    \n\t\n\n<li >\n\t<a href='?page_no=13573'>Next<\/a>\n\t<\/li>\n\n\n    \n\n<li><a href='?page_no=56170'>Last &rsaquo;&rsaquo;<\/a><\/li>\n\n<\/ul>\n\n\n--><br \/>\n<\/body><\/p>\n","protected":false},"excerpt":{"rendered":"<p>Santo Domingo, RD, 28 de Febrero. La nueva directiva n del C\u00edrculo de Periodistas de la Salud (Cipesa), que dirigir\u00e1 el destino de esta asociaci\u00f3n durante los a\u00f1os 2016-2018, lament\u00f3 que nuestro pa\u00eds presente tantas problem\u00e1ticas en el sector salud, por lo que afirm\u00f3 que esta organizaci\u00f3n, se une al clamor de los gremios y [&hellip;]<\/p>\n","protected":false},"author":3,"featured_media":0,"comment_status":"open","ping_status":"open","sticky":false,"template":"","format":"standard","meta":{"footnotes":""},"categories":[20],"tags":[],"class_list":["post-219229","post","type-post","status-publish","format-standard","hentry","category-dominicana-hoy"],"_links":{"self":[{"href":"https:\/\/diariodominicano.com\/index.php?rest_route=\/wp\/v2\/posts\/219229","targetHints":{"allow":["GET"]}}],"collection":[{"href":"https:\/\/diariodominicano.com\/index.php?rest_route=\/wp\/v2\/posts"}],"about":[{"href":"https:\/\/diariodominicano.com\/index.php?rest_route=\/wp\/v2\/types\/post"}],"author":[{"embeddable":true,"href":"https:\/\/diariodominicano.com\/index.php?rest_route=\/wp\/v2\/users\/3"}],"replies":[{"embeddable":true,"href":"https:\/\/diariodominicano.com\/index.php?rest_route=%2Fwp%2Fv2%2Fcomments&post=219229"}],"version-history":[{"count":0,"href":"https:\/\/diariodominicano.com\/index.php?rest_route=\/wp\/v2\/posts\/219229\/revisions"}],"wp:attachment":[{"href":"https:\/\/diariodominicano.com\/index.php?rest_route=%2Fwp%2Fv2%2Fmedia&parent=219229"}],"wp:term":[{"taxonomy":"category","embeddable":true,"href":"https:\/\/diariodominicano.com\/index.php?rest_route=%2Fwp%2Fv2%2Fcategories&post=219229"},{"taxonomy":"post_tag","embeddable":true,"href":"https:\/\/diariodominicano.com\/index.php?rest_route=%2Fwp%2Fv2%2Ftags&post=219229"}],"curies":[{"name":"wp","href":"https:\/\/api.w.org\/{rel}","templated":true}]}}