{"id":219227,"date":"2016-02-28T16:18:54","date_gmt":"2016-02-28T16:18:54","guid":{"rendered":"http:\/\/diariodominicano.ddns.net\/?p=219227"},"modified":"2016-02-28T16:18:54","modified_gmt":"2016-02-28T16:18:54","slug":"radonic-conmemora-dia-mundial-contra-el-cancer-infantil","status":"publish","type":"post","link":"https:\/\/diariodominicano.com\/?p=219227","title":{"rendered":"Radonic conmemora d\u00eda mundial contra el c\u00e1ncer infantil"},"content":{"rendered":"<p><body><\/p>\n<p><img decoding=\"async\" src=\"img3\/radonic.jpg\" \/>  <\/p>\n<p><span class=\"text1noticias\">Santo Domingo, RD, 28 de Febrero.-Como forma de conmemorar el D\u00eda Mundial contra el C\u00e1ncer Infantil, Radonic llev\u00f3 a cabo un encuentro charla con padres y ni\u00f1os en su centro de la avenida Sarasota, en el cual se alert\u00f3 en torno a esta enfermedad y sobre la importancia del apoyo sicol\u00f3gico para que el ni\u00f1o logre una plena recuperaci\u00f3n.<\/span><\/p>\n<\/p>\n<p><span class=\"text1noticias\">Se aprovech\u00f3 la ocasi\u00f3n para hablar de los s\u00edntomas que presenta el infante y que pueden alertan a los padres para tomar medidas inmediatas mencion\u00e1ndose los sudores extremos, v\u00f3mitos, fiebre, tos persistente y cambios en los ojos.<\/span><\/p>\n<\/p>\n<p><span class=\"text1noticias\">Tambi\u00e9n  inflamaci\u00f3n y\/o dolor abdominal, p\u00e9rdida de peso sin raz\u00f3n aparente, sensaci\u00f3n de plenitud luego de ingerir escasos alimentos y el cansancio extremo.<\/span><\/p>\n<\/p>\n<p><span class=\"text1noticias\">En un ambiente infantil festivo con payaso y pinta caritas, que redecor\u00f3 temporalmente el interior de Radonic, los padres recibieron una charla de parte del se\u00f1or Osvaldo Rodr\u00edguez, ejecutivo de la cl\u00ednica, respecto a esta enfermedad en los ni\u00f1os y su impacto en el resto de la familia.<\/span><\/p>\n<\/p>\n<p><span class=\"text1noticias\">\u00abD\u00eda Mundial Contra el C\u00e1ncer Infantil, se conmemora con el objetivo principal de sensibilizar y concientizar sobre la importancia de los desaf\u00edos a los que se enfrentan los ni\u00f1os, adolescentes y sus familias. As\u00ed como de la necesidad de que todos los ni\u00f1os en cualquier lugar del mundo tengan acceso a un diagn\u00f3stico y tratamiento preciso y a tiempo\u00bb, expres\u00f3 el licenciado Osvaldo Rodr\u00edguez.<\/span><\/p>\n<\/p>\n<p><span class=\"text1noticias\">El Centro de Radioterapia Integral, Radonic, comparti\u00f3 con algunos de sus ni\u00f1os ya tratados y de esta forma se conmemor\u00f3 la lucha contra esta enfermedad en los ni\u00f1os,  en el d\u00eda mundial del c\u00e1ncer infantil, llevando alegr\u00eda y amor a sus corazones<\/span>.<\/p>\n<h6> 2016-02-28 16:18:54 <\/h6>\n<p><!--\n<link rel=\"stylesheet\" href=\"css\/bootstrap.min.css\">\n\n\n<ul class=\"pagination\">\n\t    \n\t\n\n<li >\n\t<a href='?page_no=13569'>Previous<\/a>\n\t<\/li>\n\n\n       \n    \n\n<li><a href='?page_no=1'>1<\/a><\/li>\n\n\n\n<li><a href='?page_no=2'>2<\/a><\/li>\n\n\n\n<li><a>...<\/a><\/li>\n\n\n\n<li><a href='?page_no=13568'>13568<\/a><\/li>\n\n\n\n<li><a href='?page_no=13569'>13569<\/a><\/li>\n\n\n\n<li class='active'><a>13570<\/a><\/li>\n\n\n\n<li><a href='?page_no=13571'>13571<\/a><\/li>\n\n\n\n<li><a href='?page_no=13572'>13572<\/a><\/li>\n\n\n\n<li><a>...<\/a><\/li>\n\n\n\n<li><a href='?page_no=56169'>56169<\/a><\/li>\n\n\n\n<li><a href='?page_no=56170'>56170<\/a><\/li>\n\n    \n\t\n\n<li >\n\t<a href='?page_no=13571'>Next<\/a>\n\t<\/li>\n\n\n    \n\n<li><a href='?page_no=56170'>Last &rsaquo;&rsaquo;<\/a><\/li>\n\n<\/ul>\n\n\n--><br \/>\n<\/body><\/p>\n","protected":false},"excerpt":{"rendered":"<p>Santo Domingo, RD, 28 de Febrero.-Como forma de conmemorar el D\u00eda Mundial contra el C\u00e1ncer Infantil, Radonic llev\u00f3 a cabo un encuentro charla con padres y ni\u00f1os en su centro de la avenida Sarasota, en el cual se alert\u00f3 en torno a esta enfermedad y sobre la importancia del apoyo sicol\u00f3gico para que el ni\u00f1o [&hellip;]<\/p>\n","protected":false},"author":3,"featured_media":0,"comment_status":"open","ping_status":"open","sticky":false,"template":"","format":"standard","meta":{"footnotes":""},"categories":[20],"tags":[],"class_list":["post-219227","post","type-post","status-publish","format-standard","hentry","category-dominicana-hoy"],"_links":{"self":[{"href":"https:\/\/diariodominicano.com\/index.php?rest_route=\/wp\/v2\/posts\/219227","targetHints":{"allow":["GET"]}}],"collection":[{"href":"https:\/\/diariodominicano.com\/index.php?rest_route=\/wp\/v2\/posts"}],"about":[{"href":"https:\/\/diariodominicano.com\/index.php?rest_route=\/wp\/v2\/types\/post"}],"author":[{"embeddable":true,"href":"https:\/\/diariodominicano.com\/index.php?rest_route=\/wp\/v2\/users\/3"}],"replies":[{"embeddable":true,"href":"https:\/\/diariodominicano.com\/index.php?rest_route=%2Fwp%2Fv2%2Fcomments&post=219227"}],"version-history":[{"count":0,"href":"https:\/\/diariodominicano.com\/index.php?rest_route=\/wp\/v2\/posts\/219227\/revisions"}],"wp:attachment":[{"href":"https:\/\/diariodominicano.com\/index.php?rest_route=%2Fwp%2Fv2%2Fmedia&parent=219227"}],"wp:term":[{"taxonomy":"category","embeddable":true,"href":"https:\/\/diariodominicano.com\/index.php?rest_route=%2Fwp%2Fv2%2Fcategories&post=219227"},{"taxonomy":"post_tag","embeddable":true,"href":"https:\/\/diariodominicano.com\/index.php?rest_route=%2Fwp%2Fv2%2Ftags&post=219227"}],"curies":[{"name":"wp","href":"https:\/\/api.w.org\/{rel}","templated":true}]}}