{"id":219225,"date":"2016-02-28T16:32:01","date_gmt":"2016-02-28T16:32:01","guid":{"rendered":"http:\/\/diariodominicano.ddns.net\/?p=219225"},"modified":"2016-02-28T16:32:01","modified_gmt":"2016-02-28T16:32:01","slug":"vicepresidencia-certifica-periodistas-en-programas-de-politicas-sociales","status":"publish","type":"post","link":"https:\/\/diariodominicano.com\/?p=219225","title":{"rendered":"Vicepresidencia certifica periodistas en programas de pol\u00edticas sociales"},"content":{"rendered":"<p><body><\/p>\n<p><img decoding=\"async\" src=\"img3\/vicepresidentacomunicadores.jpg\" \/>  <\/p>\n<p><span class=\"text1noticias\">Santo Domingo, RD, 28 de febrero.-La vicepresidenta de la Rep\u00fablica, doctora Margarita Cede\u00f1o, entreg\u00f3 certificados a unos 25 periodistas que participaron en el programa de pasant\u00eda profesional realizado por el Gabinete de Coordinaci\u00f3n de Pol\u00edticas Sociales (GCPS), mediante el cual se instruy\u00f3 a los comunicadores sobre el funcionamiento operativo y estrat\u00e9gico que utiliza el Gobierno para enfrentar la pobreza que afecta miles de familias.<\/span><\/p>\n<\/p>\n<p><span class=\"text1noticias\">Durante el taller de dos d\u00edas periodistas de diferentes medios de comunicaci\u00f3n conocieron c\u00f3mo funciona el sistema de protecci\u00f3n social mediante visitas guiadas a familias beneficiarias del programa Progresando con Solidaridad y los emprendimientos que estas desarrollan a trav\u00e9s de ese programa para enfrentar el flagelo de la pobreza.<\/span><\/p>\n<\/p>\n<p><span class=\"text1noticias\">Asimismo, conocieron el mecanismo en que el Sistema \u00danico de Beneficiaros (Siuben) cataloga a un hogar como beneficiario de los programas sociales; el medio de pago que utiliza la Administradora de Subsidios Sociales (Adess) y el sistema empleado por los comercios que expenden alimentos a trav\u00e9s de las tarjetas de Subsidios Especiales y Progresando con Solidaridad.<\/span><\/p>\n<\/p>\n<p><span class=\"text1noticias\">La directora t\u00e9cnica del GCPS, Rosa Mar\u00eda Su\u00e1rez, inst\u00f3 a los comunicadores a ser entes multiplicadores de sus vivencias para que la poblaci\u00f3n pueda conocer la importancia que tienen las intervenciones que desde la Vicepresidencia de la Rep\u00fablica se realizan en favor de la poblaci\u00f3n.<\/span><\/p>\n<\/p>\n<p><span class=\"text1noticias\">\u00abUstedes tiene la capacidad de cerrar el ciclo de la informaci\u00f3n,  y a\u00fan un dato aislado que se escuche por ah\u00ed, ustedes puedan convertirlo en informaci\u00f3n y generar conocimiento en esta sociedad\u00bb, puntualiz\u00f3.<\/span><\/p>\n<\/p>\n<p><span class=\"text1noticias\">De su lado, al ofrecer las palabras de agradecimiento, la periodista Weyni Polanco expres\u00f3 que durante la pasant\u00eda junto a sus colegas pudo vivir y palpar el impacto en las personas que generan las pol\u00edticas sociales implementadas por el Gobierno en favor de las familias m\u00e1s vulnerables.<\/span><\/p>\n<\/p>\n<p><span class=\"text1noticias\">Valor\u00f3 el empoderamiento que se le ofrece a los m\u00e1s necesitados a trav\u00e9s de los 41 Centros de Capacitaci\u00f3n y Producci\u00f3n Progresando y el esfuerzo que realiza la vicepresidenta Margarita Cede\u00f1o para lograr el cierre de la brecha digital desde los 99 Centros Tecnol\u00f3gicos Comunitarios diseminados por todo el pa\u00eds.<\/span><\/p>\n<\/p>\n<p><span class=\"text1noticias\">\u00abLes exhorto a seguir trabajando con todo el impulso para que m\u00e1s dominicanos entren a este c\u00edrculo de beneficios que ofrecen estas pol\u00edticas sociales, porque deseamos mejor\u00edas para todos\u00bb, resalt\u00f3.<\/span><\/p>\n<\/p>\n<p><span class=\"text1noticias\">Los comunicadores que participaron en esta pasant\u00eda fueronYokaira Garc\u00eda, Libonny P\u00e9rez, Gioconda Paulino, Weyni Polanco, Rafael Alonso, Rosa Henr\u00edquez, Francia Valdez, Santiago de la Cruz, Katherine Luna, Leonora Ram\u00edrez, Milena Herazo, Mayte Prado, Andrea Luna, Yhanna Collado y Dariana Rodr\u00edguez. Tambi\u00e9n Dar\u00edo de la Cruz, Arsenio Nivar, Yajaira Figari, Alicia Rodr\u00edguez, Yeudy Jim\u00e9nez, Justo Maracallo, Avelino Garc\u00eda, Maritza Castillo, Indhira Vargas y Kayra Ulloa.<\/span><\/p>\n<\/p>\n<p><span class=\"text1noticias\"> Adem\u00e1s de Su\u00e1rez, acompa\u00f1aron a la doctora Margarita Cede\u00f1o la directora de Prosoli, Altagracia Suriel;del Siuben, Matilde Ch\u00e1vez; y el director de la Adess, Ram\u00f3n Gonz\u00e1lez<\/span>.<\/p>\n<\/p>\n<\/p>\n<h6> 2016-02-28 16:32:01 <\/h6>\n<p><!--\n<link rel=\"stylesheet\" href=\"css\/bootstrap.min.css\">\n\n\n<ul class=\"pagination\">\n\t    \n\t\n\n<li >\n\t<a href='?page_no=13568'>Previous<\/a>\n\t<\/li>\n\n\n       \n    \n\n<li><a href='?page_no=1'>1<\/a><\/li>\n\n\n\n<li><a href='?page_no=2'>2<\/a><\/li>\n\n\n\n<li><a>...<\/a><\/li>\n\n\n\n<li><a href='?page_no=13567'>13567<\/a><\/li>\n\n\n\n<li><a href='?page_no=13568'>13568<\/a><\/li>\n\n\n\n<li class='active'><a>13569<\/a><\/li>\n\n\n\n<li><a href='?page_no=13570'>13570<\/a><\/li>\n\n\n\n<li><a href='?page_no=13571'>13571<\/a><\/li>\n\n\n\n<li><a>...<\/a><\/li>\n\n\n\n<li><a href='?page_no=56169'>56169<\/a><\/li>\n\n\n\n<li><a href='?page_no=56170'>56170<\/a><\/li>\n\n    \n\t\n\n<li >\n\t<a href='?page_no=13570'>Next<\/a>\n\t<\/li>\n\n\n    \n\n<li><a href='?page_no=56170'>Last &rsaquo;&rsaquo;<\/a><\/li>\n\n<\/ul>\n\n\n--><br \/>\n<\/body><\/p>\n","protected":false},"excerpt":{"rendered":"<p>Santo Domingo, RD, 28 de febrero.-La vicepresidenta de la Rep\u00fablica, doctora Margarita Cede\u00f1o, entreg\u00f3 certificados a unos 25 periodistas que participaron en el programa de pasant\u00eda profesional realizado por el Gabinete de Coordinaci\u00f3n de Pol\u00edticas Sociales (GCPS), mediante el cual se instruy\u00f3 a los comunicadores sobre el funcionamiento operativo y estrat\u00e9gico que utiliza el Gobierno [&hellip;]<\/p>\n","protected":false},"author":3,"featured_media":0,"comment_status":"open","ping_status":"open","sticky":false,"template":"","format":"standard","meta":{"footnotes":""},"categories":[20],"tags":[],"class_list":["post-219225","post","type-post","status-publish","format-standard","hentry","category-dominicana-hoy"],"_links":{"self":[{"href":"https:\/\/diariodominicano.com\/index.php?rest_route=\/wp\/v2\/posts\/219225","targetHints":{"allow":["GET"]}}],"collection":[{"href":"https:\/\/diariodominicano.com\/index.php?rest_route=\/wp\/v2\/posts"}],"about":[{"href":"https:\/\/diariodominicano.com\/index.php?rest_route=\/wp\/v2\/types\/post"}],"author":[{"embeddable":true,"href":"https:\/\/diariodominicano.com\/index.php?rest_route=\/wp\/v2\/users\/3"}],"replies":[{"embeddable":true,"href":"https:\/\/diariodominicano.com\/index.php?rest_route=%2Fwp%2Fv2%2Fcomments&post=219225"}],"version-history":[{"count":0,"href":"https:\/\/diariodominicano.com\/index.php?rest_route=\/wp\/v2\/posts\/219225\/revisions"}],"wp:attachment":[{"href":"https:\/\/diariodominicano.com\/index.php?rest_route=%2Fwp%2Fv2%2Fmedia&parent=219225"}],"wp:term":[{"taxonomy":"category","embeddable":true,"href":"https:\/\/diariodominicano.com\/index.php?rest_route=%2Fwp%2Fv2%2Fcategories&post=219225"},{"taxonomy":"post_tag","embeddable":true,"href":"https:\/\/diariodominicano.com\/index.php?rest_route=%2Fwp%2Fv2%2Ftags&post=219225"}],"curies":[{"name":"wp","href":"https:\/\/api.w.org\/{rel}","templated":true}]}}