{"id":219223,"date":"2016-02-29T09:43:08","date_gmt":"2016-02-29T09:43:08","guid":{"rendered":"http:\/\/diariodominicano.ddns.net\/?p=219223"},"modified":"2016-02-29T09:43:08","modified_gmt":"2016-02-29T09:43:08","slug":"advierte-sobre-enfermedad-cronica-de-la-piel-dice-inicia-a-temprana-edad","status":"publish","type":"post","link":"https:\/\/diariodominicano.com\/?p=219223","title":{"rendered":"&#13;Advierte sobre enfermedad cr\u00f3nica de la piel; dice inicia a temprana edad"},"content":{"rendered":"<p><body><\/p>\n<p><img decoding=\"async\" src=\"img3\/sandra 2.jpg\" \/>  <\/p>\n<p>Santo Domingo RD 29 febrero.- Se trata de una enfermedad de origen gen\u00e9tico que se refleja en la piel y que, seg\u00fan estad\u00edsticas globales, afecta del 20 al 30 por ciento de todos los ni\u00f1os, inicia a muy temprana edad, no se cura, y tiene consecuencias graves si no se maneja correctamente.<\/p>\n<\/p>\n<p>Las afirmaciones son de especialistas reunidos en un Desayuno Panel de la Sociedad Dominicana de Pediatr\u00eda sobre dermatitis at\u00f3pica, segunda causa m\u00e1s frecuente de consulta con el dermat\u00f3logo.<\/p>\n<\/p>\n<p>La doctora Daisy Blanco asegur\u00f3 que el 90 por ciento de los afectados tienen la enfermedad desde antes de los 5 a\u00f1os de edad y afirm\u00f3 que es frecuente incluso en ni\u00f1os menores de dos a\u00f1os.<\/p>\n<\/p>\n<p>Dijo que la dermatitis at\u00f3pica es una enfermedad cut\u00e1nea cr\u00f3nica muy frecuente que causa inflamaci\u00f3n aguda, secreciones, picor intenso, enrojecimiento, edema, descamaci\u00f3n, formaci\u00f3n de ves\u00edculas, piel muy seca, sensible y f\u00e1cilmente irritable.<\/p>\n<\/p>\n<p>Blanco, especialista en dermatolog\u00eda pedi\u00e1trica y patolog\u00edas de la piel, advirti\u00f3 que la enfermedad mal manejada puede causar procesos infecciosos, empeoramiento de la condici\u00f3n, complicaciones y trastornos emocionales.<\/p>\n<\/p>\n<p>\u00abLos ni\u00f1os sufren mucho, son rechazados por los amiguitos en las escuelas y otros entornos\u00bb, expres\u00f3 la especialista con consulta en el Centro Oncol\u00f3gico Integral y Especialidades III, quien habl\u00f3 ante decenas de pediatras en el encuentro cient\u00edfico.<\/p>\n<\/p>\n<p>La doctora Sandra Orsini, presidenta de la Sociedad, a firm\u00f3 que ha aumentado los casos patolog\u00edas de la piel en los \u00faltimos 10 a\u00f1os, incluyendo la dermatitis at\u00f3pica, y lament\u00f3 que en el pa\u00eds no se lleven estad\u00edsticas sobre el tema.<\/p>\n<\/p>\n<p>\u00abLas literaturas internacionales dicen que hasta 30 por ciento de todos los ni\u00f1os tendr\u00e1 dermatitis at\u00f3pica, es un porcentaje alto al que hay que prestarle atenci\u00f3n\u00bb, expres\u00f3 Orsini y anim\u00f3 a los pediatras a edificarse m\u00e1s sobre el tema.<\/p>\n<\/p>\n<p>Afirm\u00f3 que ese porcentaje aumenta en los ni\u00f1os cuyos padres han tenido enfermedades como rinitis al\u00e9rgica, asma y dermatitis at\u00f3pica.<\/p>\n<\/p>\n<p>Destac\u00f3 que el manejo m\u00e9dico de las patolog\u00edas de la piel constituye un tema de controversia entre la comunicada m\u00e9dica porque ha cambiado, raz\u00f3n por la que la Entidad lleva esos temas a los pediatras de todo el pa\u00eds.<\/p>\n<\/p>\n<p>Llam\u00f3 a los padres a indagar y conocer m\u00e1s sobre enfermedad para disminuir el riesgo de complicaciones en la salud de los ni\u00f1os, adem\u00e1s del rechazo que sufren en su entorno.<\/p>\n<\/p>\n<p><strong>Actualizaci\u00f3n constante de los pediatras<\/strong><\/p>\n<\/p>\n<p>La Sociedad Dominicana de Pediatr\u00eda es una organizaci\u00f3n sin fines lucrativos que se dedica a la vigilancia de los derechos de la <\/p>\n<p>salud de los ni\u00f1os a nivel nacional y se ocupa de mantener un programa constante de capacitaci\u00f3n y educaci\u00f3n continua de los pediatras a nivel nacional.<\/p>\n<\/p>\n<p>La Entidad celebra dos desayunos al mes en los que analizan las enfermedades que m\u00e1s afectan a la poblaci\u00f3n pedi\u00e1trica dominicana, y son transmitidos v\u00eda la web a trav\u00e9s de su portal www.pediatriadominicana.org.<\/p>\n<\/p>\n<p>Esa entidad tambi\u00e9n celebra encuentros semanales con los pediatras en coloquios con especialistas de otras disciplinas que manejan enfermedades que tambi\u00e9n afectan a la ni\u00f1ez y adolescencia.<\/p>\n<\/p>\n<p>Realizan mensualmente jornadas en las provincias para que la actualizaci\u00f3n m\u00e9dica, el manejo de nuevas enfermedades y las nuevas t\u00e9cnicas lleguen a cada rinc\u00f3n del pa\u00eds, beneficiando a toda la ni\u00f1ez dominicana.<\/p>\n<\/p>\n<\/p>\n<\/p>\n<p>&#8212; <\/p>\n<h6> 2016-02-29 09:43:08 <\/h6>\n<p><!--\n<link rel=\"stylesheet\" href=\"css\/bootstrap.min.css\">\n\n\n<ul class=\"pagination\">\n\t    \n\t\n\n<li >\n\t<a href='?page_no=13566'>Previous<\/a>\n\t<\/li>\n\n\n       \n    \n\n<li><a href='?page_no=1'>1<\/a><\/li>\n\n\n\n<li><a href='?page_no=2'>2<\/a><\/li>\n\n\n\n<li><a>...<\/a><\/li>\n\n\n\n<li><a href='?page_no=13565'>13565<\/a><\/li>\n\n\n\n<li><a href='?page_no=13566'>13566<\/a><\/li>\n\n\n\n<li class='active'><a>13567<\/a><\/li>\n\n\n\n<li><a href='?page_no=13568'>13568<\/a><\/li>\n\n\n\n<li><a href='?page_no=13569'>13569<\/a><\/li>\n\n\n\n<li><a>...<\/a><\/li>\n\n\n\n<li><a href='?page_no=56169'>56169<\/a><\/li>\n\n\n\n<li><a href='?page_no=56170'>56170<\/a><\/li>\n\n    \n\t\n\n<li >\n\t<a href='?page_no=13568'>Next<\/a>\n\t<\/li>\n\n\n    \n\n<li><a href='?page_no=56170'>Last &rsaquo;&rsaquo;<\/a><\/li>\n\n<\/ul>\n\n\n--><br \/>\n<\/body><\/p>\n","protected":false},"excerpt":{"rendered":"<p>Santo Domingo RD 29 febrero.- Se trata de una enfermedad de origen gen\u00e9tico que se refleja en la piel y que, seg\u00fan estad\u00edsticas globales, afecta del 20 al 30 por ciento de todos los ni\u00f1os, inicia a muy temprana edad, no se cura, y tiene consecuencias graves si no se maneja correctamente. Las afirmaciones son [&hellip;]<\/p>\n","protected":false},"author":3,"featured_media":0,"comment_status":"open","ping_status":"open","sticky":false,"template":"","format":"standard","meta":{"footnotes":""},"categories":[20],"tags":[],"class_list":["post-219223","post","type-post","status-publish","format-standard","hentry","category-dominicana-hoy"],"_links":{"self":[{"href":"https:\/\/diariodominicano.com\/index.php?rest_route=\/wp\/v2\/posts\/219223","targetHints":{"allow":["GET"]}}],"collection":[{"href":"https:\/\/diariodominicano.com\/index.php?rest_route=\/wp\/v2\/posts"}],"about":[{"href":"https:\/\/diariodominicano.com\/index.php?rest_route=\/wp\/v2\/types\/post"}],"author":[{"embeddable":true,"href":"https:\/\/diariodominicano.com\/index.php?rest_route=\/wp\/v2\/users\/3"}],"replies":[{"embeddable":true,"href":"https:\/\/diariodominicano.com\/index.php?rest_route=%2Fwp%2Fv2%2Fcomments&post=219223"}],"version-history":[{"count":0,"href":"https:\/\/diariodominicano.com\/index.php?rest_route=\/wp\/v2\/posts\/219223\/revisions"}],"wp:attachment":[{"href":"https:\/\/diariodominicano.com\/index.php?rest_route=%2Fwp%2Fv2%2Fmedia&parent=219223"}],"wp:term":[{"taxonomy":"category","embeddable":true,"href":"https:\/\/diariodominicano.com\/index.php?rest_route=%2Fwp%2Fv2%2Fcategories&post=219223"},{"taxonomy":"post_tag","embeddable":true,"href":"https:\/\/diariodominicano.com\/index.php?rest_route=%2Fwp%2Fv2%2Ftags&post=219223"}],"curies":[{"name":"wp","href":"https:\/\/api.w.org\/{rel}","templated":true}]}}