{"id":219222,"date":"2016-02-29T12:30:14","date_gmt":"2016-02-29T12:30:14","guid":{"rendered":"http:\/\/diariodominicano.ddns.net\/?p=219222"},"modified":"2016-02-29T12:30:14","modified_gmt":"2016-02-29T12:30:14","slug":"primera-dama-estima-faro-de-luz-decreto-que-crea-tamiz-neonatal-rd","status":"publish","type":"post","link":"https:\/\/diariodominicano.com\/?p=219222","title":{"rendered":"&#13;Primera Dama estima \u00abfaro de luz\u00bb decreto que crea Tamiz Neonatal RD"},"content":{"rendered":"<p><body><\/p>\n<p><img decoding=\"async\" src=\"img3\/DPD.jpg\" \/>  <\/p>\n<p><span class=\"text1noticias\">Santo Domingo, RD, 29 de Febrero.-En ocasi\u00f3n hoy del D\u00eda Mundial de las Enfermedades Raras, la Primera Dama C\u00e1ndida Montilla de Medina consider\u00f3 que el decreto presidencial que crea el Programa Nacional de Tamiz Neonatal y Alto Riesgo, que impulsa su Despacho, a favor de ni\u00f1os y ni\u00f1as, constituye un faro de luz en los avances de la ciencia m\u00e9dica en el pa\u00eds.<\/span><\/p>\n<\/p>\n<p><span class=\"text1noticias\">Mediante el programa de Tamiz Neonatal, el Despacho de la Primera Dama realiza el diagn\u00f3stico que permite establecer si un reci\u00e9n nacido registra condiciones especiales o enfermedades de alto riesgo, para su inmediato tratamiento, con el cual, incluso, previene la tasa de incidencia de la denominada muerte s\u00fabita.<\/span><\/p>\n<\/p>\n<p><span class=\"text1noticias\">El programa funciona, como proyecto piloto en el Hospital Infantil Robert Reid Cabral, en la Capital, donde en diciembre fue iniciada la construcci\u00f3n del primer laboratorio, para esos fines.<\/span><\/p>\n<\/p>\n<p><strong><span class=\"text1noticias\">\u00bfCu\u00e1les son las \u00abEnfermedades Raras\u00bb?<\/span><\/strong><\/p>\n<\/p>\n<p><span class=\"text1noticias\">La Coordinadora del programa Tamiz Neonatal y Alto Riesgo, del Despacho de la Primera Dama, Ceila P\u00e9rez de Ferr\u00e1n, explica que las enfermedades raras son aquellas, cuyos registros establecen su incidencia en un caso, entre una poblaci\u00f3n de dos mil habitantes.<\/span><\/p>\n<\/p>\n<p><span class=\"text1noticias\">Dice que estas enfermedades no est\u00e1n relacionadas con la etnia, la edad, clases sociales ni ning\u00fan otro tipo de condiciones. Pueden afectar a cualquier grupo poblacional.<\/span><\/p>\n<\/p>\n<p><span class=\"text1noticias\">Manifest\u00f3 que la fecha se instituy\u00f3 en el 2008, cuando la Organizaci\u00f3n Europea para las Enfermedades Raras escogi\u00f3 el 29 de febrero para dedicarlo a esas manifestaciones por ser \u00ab\u00e9ste un d\u00eda raro\u00bb, que s\u00f3lo est\u00e1 calendarizado en a\u00f1o bisiesto, o sea, cada cuatro a\u00f1os.<\/span><\/p>\n<\/p>\n<p><strong><span class=\"text1noticias\">\u00abLa voz del paciente\u00bb<\/span><\/strong><\/p>\n<\/p>\n<p><span class=\"text1noticias\">Este a\u00f1o el lema es \u00abLa Voz del Paciente\u00bb y busca sensibilizar y propiciar la unidad para que la voz de las enfermedades raras se oiga, con lo cual habr\u00e1 un diagn\u00f3stico temprano y una respuesta terap\u00e9utica digna, para tener acceso a la informaci\u00f3n, a la capacitaci\u00f3n, a la organizaci\u00f3n y a la inclusi\u00f3n.<\/span><\/p>\n<\/p>\n<p><strong><span class=\"text1noticias\">Enfermedades Raras en el pa\u00eds<\/span><\/strong><\/p>\n<\/p>\n<p><span class=\"text1noticias\">De acuerdo a estudios realizados por maestros de la Pediatr\u00eda en Rep\u00fablica Dominicana, el 50 por ciento de las 6 mil enfermedades consideradas raras se presentan en edad pedi\u00e1trica, sobre todo en el per\u00edodo neonatal.<\/span><\/p>\n<\/p>\n<p><span class=\"text1noticias\">\u00abEl 80 por ciento de las muertes en el pa\u00eds se producen a esa edad y un 80 por ciento de est\u00e1n relacionadas con la herencia gen\u00e9tica\u00bb, afirma P\u00e9rez de Ferran.<\/span><\/p>\n<\/p>\n<p><strong><span class=\"text1noticias\">El Decreto presidencial<\/span><\/strong><\/p>\n<\/p>\n<p><span class=\"text1noticias\">El decreto 380-15, del presidente Danilo Medina, establece en su primera fase que el procedimiento de Tamiz Neonatal se aplicar\u00e1 en la Maternidad Nuestra Se\u00f1ora de la Altagracia y en el Hospital de la Mujer, en el Distrito Nacional, y en la Maternidad San Lorenzo de los Mina, en el municipio Santo Domingo Este.<\/span><\/p>\n<\/p>\n<p><span class=\"text1noticias\">La segunda etapa lo extender\u00e1 a cada una de las regiones de salud y atendiendo a prioridades como la densidad poblacional y riesgo potencial.<\/span><\/p>\n<\/p>\n<p><span class=\"text1noticias\">En la tercera etapa, el programa beneficiar\u00e1 a por lo menos el 95 por ciento de los neonatos en los hospitales y centros de salud p\u00fablicos y privados de todo el pa\u00eds.<\/span><\/p>\n<\/p>\n<p><span class=\"text1noticias\">\u00abSus \u00e9xitos no solo aseguran el bienestar f\u00edsico. Tambi\u00e9n economizan el sufrimiento espiritual y moral que provocan en el paciente y su entorno los da\u00f1os irreversibles de cualquier naturaleza\u00bb.<\/span><\/p>\n<\/p>\n<p><strong><span class=\"text1noticias\">Justicia e inclusi\u00f3n<\/span><\/strong><\/p>\n<\/p>\n<p><span class=\"text1noticias\">Al agradecer al presidente Medina la emisi\u00f3n del decreto, la Primera Dama Montilla de Medina expres\u00f3 que el programa de Tamiz Neonatal y Alto Riesgo, junto a los CAID, de los cuales ya funcionan tres, en Santo Domingo, Santiago y San Juan, \u00abson las simientes que el Despacho de la Primera Dama ha echado en el surco de una Rep\u00fablica Dominicana m\u00e1s justa e inclusiva\u00bb.<\/span><\/p>\n<\/p>\n<p><span class=\"text1noticias\">\u00abEl binomio de los CAID y el Tamiz Neonatal influir\u00e1, sin dudas, en la calidad de vida de nuestros ni\u00f1os y ni\u00f1as socialmente vulnerables afectados por alguna patolog\u00eda o discapacidad cong\u00e9nita. Lograr esta mejor\u00eda es la meta hacia la que avanza el Despacho de la Primera Dama, como expresi\u00f3n de nuestro compromiso con las pol\u00edticas que ejecuta el presidente Danilo Medina, a favor de la poblaci\u00f3n\u00bb<\/span>.<\/p>\n<h6> 2016-02-29 12:30:14 <\/h6>\n<p><!--\n<link rel=\"stylesheet\" href=\"css\/bootstrap.min.css\">\n\n\n<ul class=\"pagination\">\n\t    \n\t\n\n<li >\n\t<a href='?page_no=13565'>Previous<\/a>\n\t<\/li>\n\n\n       \n    \n\n<li><a href='?page_no=1'>1<\/a><\/li>\n\n\n\n<li><a href='?page_no=2'>2<\/a><\/li>\n\n\n\n<li><a>...<\/a><\/li>\n\n\n\n<li><a href='?page_no=13564'>13564<\/a><\/li>\n\n\n\n<li><a href='?page_no=13565'>13565<\/a><\/li>\n\n\n\n<li class='active'><a>13566<\/a><\/li>\n\n\n\n<li><a href='?page_no=13567'>13567<\/a><\/li>\n\n\n\n<li><a href='?page_no=13568'>13568<\/a><\/li>\n\n\n\n<li><a>...<\/a><\/li>\n\n\n\n<li><a href='?page_no=56169'>56169<\/a><\/li>\n\n\n\n<li><a href='?page_no=56170'>56170<\/a><\/li>\n\n    \n\t\n\n<li >\n\t<a href='?page_no=13567'>Next<\/a>\n\t<\/li>\n\n\n    \n\n<li><a href='?page_no=56170'>Last &rsaquo;&rsaquo;<\/a><\/li>\n\n<\/ul>\n\n\n--><br \/>\n<\/body><\/p>\n","protected":false},"excerpt":{"rendered":"<p>Santo Domingo, RD, 29 de Febrero.-En ocasi\u00f3n hoy del D\u00eda Mundial de las Enfermedades Raras, la Primera Dama C\u00e1ndida Montilla de Medina consider\u00f3 que el decreto presidencial que crea el Programa Nacional de Tamiz Neonatal y Alto Riesgo, que impulsa su Despacho, a favor de ni\u00f1os y ni\u00f1as, constituye un faro de luz en los [&hellip;]<\/p>\n","protected":false},"author":3,"featured_media":0,"comment_status":"open","ping_status":"open","sticky":false,"template":"","format":"standard","meta":{"footnotes":""},"categories":[20],"tags":[],"class_list":["post-219222","post","type-post","status-publish","format-standard","hentry","category-dominicana-hoy"],"_links":{"self":[{"href":"https:\/\/diariodominicano.com\/index.php?rest_route=\/wp\/v2\/posts\/219222","targetHints":{"allow":["GET"]}}],"collection":[{"href":"https:\/\/diariodominicano.com\/index.php?rest_route=\/wp\/v2\/posts"}],"about":[{"href":"https:\/\/diariodominicano.com\/index.php?rest_route=\/wp\/v2\/types\/post"}],"author":[{"embeddable":true,"href":"https:\/\/diariodominicano.com\/index.php?rest_route=\/wp\/v2\/users\/3"}],"replies":[{"embeddable":true,"href":"https:\/\/diariodominicano.com\/index.php?rest_route=%2Fwp%2Fv2%2Fcomments&post=219222"}],"version-history":[{"count":0,"href":"https:\/\/diariodominicano.com\/index.php?rest_route=\/wp\/v2\/posts\/219222\/revisions"}],"wp:attachment":[{"href":"https:\/\/diariodominicano.com\/index.php?rest_route=%2Fwp%2Fv2%2Fmedia&parent=219222"}],"wp:term":[{"taxonomy":"category","embeddable":true,"href":"https:\/\/diariodominicano.com\/index.php?rest_route=%2Fwp%2Fv2%2Fcategories&post=219222"},{"taxonomy":"post_tag","embeddable":true,"href":"https:\/\/diariodominicano.com\/index.php?rest_route=%2Fwp%2Fv2%2Ftags&post=219222"}],"curies":[{"name":"wp","href":"https:\/\/api.w.org\/{rel}","templated":true}]}}