{"id":219221,"date":"2016-02-29T13:06:23","date_gmt":"2016-02-29T13:06:23","guid":{"rendered":"http:\/\/diariodominicano.ddns.net\/?p=219221"},"modified":"2016-02-29T13:06:23","modified_gmt":"2016-02-29T13:06:23","slug":"afirma-hay-un-sector-del-gobierno-que-no-reconoce-los-logros-administracion-publica","status":"publish","type":"post","link":"https:\/\/diariodominicano.com\/?p=219221","title":{"rendered":"Afirma hay un sector del gobierno que no reconoce los logros administraci\u00f3n p\u00fablica"},"content":{"rendered":"<p><body><\/p>\n<p><img decoding=\"async\" src=\"img3\/admpublica.jpeg\" \/>  <\/p>\n<p><span class=\"text1noticias\">Santiago, RD, 29 de Febrero.-El ministro de Administraci\u00f3n P\u00fablica, licenciado Ram\u00f3n Ventura Camejo, declar\u00f3 que lo m\u00e1s sorprendente para \u00e9l es que una parte del Gobierno Dominicano no conoce los esfuerzos que se est\u00e1n realizando para el mejoramiento de los servicios p\u00fablicos, porque no est\u00e1 al d\u00eda, de una formahace resistencia y en otra no se reconocen como logros, porque no se legitiman a trav\u00e9s de la voluntad pol\u00edtica.<\/span><\/p>\n<\/p>\n<p><span class=\"text1noticias\">El ministro Ventura Camejo manifest\u00f3 que eso ocurre en un momento en que la Rep\u00fablica Dominicana se sit\u00faa, a trav\u00e9s del Bar\u00f3metro que desarrolla el Banco Interamericano de Desarrollo (BID), para evaluar el desempe\u00f1o del sector p\u00fablico, en el s\u00e9ptimo Estadio de Am\u00e9rica Latina que logr\u00f3 desarrollar su administraci\u00f3n p\u00fablica y que presenta niveles importantes de calidad.<\/span><\/p>\n<\/p>\n<p><span class=\"text1noticias\">Precis\u00f3 que \u00abentendemos que esto es natural, porque el desarrollo no es igual y, a veces, el tema de la administraci\u00f3n p\u00fablica no es un tema de agenda, no es algo tan visible como las obras del Ministerio de Obras P\u00fablicas, no es tan visible como obras que son palpables, que son tangibles, por lo que hay que hacer esfuerzos por los intangibles\u00bb.<\/span><\/p>\n<\/p>\n<p><span class=\"text1noticias\">\u00abPor lo tanto seguimos haciendo esfuerzos, ya no solamente para recibir el apoyo de los sectores empresariales de Santiago, las universidades y las sociedad civil, sino para que esa parte de nuestro gobierno tambi\u00e9n acepte que es inevitable e inexorable el fortalecimiento de la institucionalidad del Estado\u00bb, precis\u00f3, seg\u00fan lo informado por el periodista Lu\u00eds C\u00e9spedes Pe\u00f1a. <\/span><\/p>\n<\/p>\n<p><span class=\"text1noticias\">Ventura Camejo habl\u00f3 para dar a conocer el desarrollo de los trabajos del Tercer Premio Provincial de la Calidad de Santiago, el cual ser\u00e1 entregado el 27 del mes de Julio de este a\u00f1o. Al encuentro con los comunicadores, realizado en la Asociaci\u00f3n para el Desarrollo Incorporada (APEDI), participaron el director ejecutivo de esa entidad, Ra\u00fal Abr\u00e9u, Fernando Puig, quien es el director de la C\u00e1mara de Comercio y Producci\u00f3n de Santiago, Jos\u00e9 Camacho, de la Asociaci\u00f3n de Comerciantes e Industriales de Santiago (ACIS), y Genaro Rodr\u00edguez, quien dirige el Recinto Santiago de la Universidad Aut\u00f3noma de Santo Domingo (UASD).<\/span><\/p>\n<\/p>\n<p><span class=\"text1noticias\">Tambi\u00e9n estuvieron presentes los viceministros Elso Segura Mart\u00ednez y Julio Canelo. Tambi\u00e9n la coordinadora del Premio Nacional a la Calidad, Leslie De Le\u00f3n. Hubo otra gran presentaci\u00f3n de miembros del Premio Provincial a la Calidad, integrantes de las dem\u00e1s instituciones que componen ese organismo.<\/span><\/p>\n<\/p>\n<p><span class=\"text1noticias\">El funcionario dio que es importante la transformaci\u00f3n de nuestra administraci\u00f3n p\u00fablica enfocada en los ciudadanos, porque no es posible tener un Estado que ofrezca calidad en los servicios p\u00fablicos, si no se cuenta con una buena gesti\u00f3n p\u00fablica. \u00abPara eso hay que superar el clientelismo, el nepotismo y otras pr\u00e1cticas de la cultura dominicana\u00bb, afirm\u00f3.<\/span><\/p>\n<\/p>\n<p><span class=\"text1noticias\">A\u00f1adi\u00f3 que tambi\u00e9n en el empresariado y la misma sociedad civil hay sectores que no conocen los avances logrados en la administraci\u00f3n p\u00fablica, en lo referente a la mejor\u00eda de los servicios.<\/span><\/p>\n<\/p>\n<p><span class=\"text1noticias\">Pero se\u00f1al\u00f3 que, \u00aba\u00fan as\u00ed,  hay que reconocer que hemos avanzados, porque una parte de la poblaci\u00f3n lo percibe\u00bb. \u00abPienso que hay que divulgar m\u00e1s estos esfuerzos en toda la poblaci\u00f3n y pienso que debemos tener un mayor reconocimiento, de parte del gobierno, en los logros que estamos teniendo, porque eso motiva a las dem\u00e1s instituciones\u00bb, agreg\u00f3 el ministro Ventura Camejo. <\/span><\/p>\n<\/p>\n<p><span class=\"text1noticias\">Asegur\u00f3 que en los diferentes pa\u00edses que visita habla del capital social que tiene la Provincia Santiago, especialmente por su liderazgo empresarial. Indic\u00f3 que eso es lo que hace la importancia de que ya se adentre al desarrollo del tercer Premio Provincial a la Calidad de Santiago. Observ\u00f3 que Santiago es un pueblo hist\u00f3ricamente emprendedor, por lo que el Premio seguir\u00e1 dando buenos resultados para el mejoramiento de la calidad de los servicios p\u00fablicos. <\/span><\/p>\n<\/p>\n<p><span class=\"text1noticias\">Inform\u00f3 que en Santiago se est\u00e1n impartiendo tres maestr\u00edas a favor de empleados del Estado, en igual n\u00famero de Universidades. Dijo que con la Universidad Cat\u00f3lica Madre y Maestra se est\u00e1 desarrollando una maestr\u00eda conjuntamente con la Escuela Nacional de Administraci\u00f3n (ENA), de Francia. Explic\u00f3 que se desarrolla otra maestr\u00eda con la  Universidad Tecnol\u00f3gica de Santiago (UTESA), con la participaci\u00f3n de destacados profesores de la Universidad de Salamanca (Espa\u00f1a), y la tercera es con la estatal Universidad Aut\u00f3noma de Santo Domingo (UASD). <\/span><\/p>\n<\/p>\n<p><span class=\"text1noticias\">Destac\u00f3 la labor del MAP en la lucha en contra del clientelismo. Dijo que la existencia de 60 mil empleados de Carrera Administrativa en el Estado, se debe a su capacidad y sus m\u00e9ritos, no por relaciones personales, econ\u00f3micas, pol\u00edticas o por amiguismo. Dijo que esos servidores p\u00fablicos demostraron, en las evaluaciones, poseer las habilidades, destrezas y los conocimientos t\u00e9cnicos exigidos por el MAP para seguir desempe\u00f1ando sus puestos en el Estado.<\/span><\/p>\n<\/p>\n<p><span class=\"text1noticias\">El ministro afirm\u00f3 que eso demuestra un estandarte de que s\u00ed se est\u00e1 en el camino de modernizar el Estado Dominicano e institucionalizarlo. \u00abEsos 60 mil empleados de Carrera Administrativa le quitaron espacio al clientelismo\u00bb, agreg\u00f3. El funcionario indic\u00f3 que en los pa\u00edses donde funciona el sistema de m\u00e9ritos, tambi\u00e9n est\u00e1n los empleados p\u00fablicos de libre nombramiento, como son los ministros, viceministros y otros.<\/span><\/p>\n<\/p>\n<p><span class=\"text1noticias\">Record\u00f3 que en las dos versiones anteriores participaron m\u00e1s de 100 instituciones. Indic\u00f3 que desde ya se comienza el trabajo de los evaluadores, los tallares y otras labores preparatorias de la tercera versi\u00f3n. Inform\u00f3 que 22 de las entidades p\u00fablicas participantes en el segundo Premio Provincial fueron premiadas y 15 en el primero.<\/span><\/p>\n<\/p>\n<p><span class=\"text1noticias\">El director de la Asociaci\u00f3n para el Desarrollo Incorporada (APEDI), Ra\u00fal Abr\u00e9u, y Genero Rodr\u00edguez, quien dirige el Recinto Santiago de la Universidad Aut\u00f3noma de Santo Domingo (UASD), quienes  tambi\u00e9n son miembros del Jurado del Premio Provincial a la Calidad de Santiago, destacaron los aportes al mejoramiento de los servicios p\u00fablicos, teniendo al MAP como coordinador de los trabajos que hace el Estado conjuntamente con el sector privado y la sociedad civil<\/span>.<\/p>\n<\/p>\n<h6> 2016-02-29 13:06:23 <\/h6>\n<p><!--\n<link rel=\"stylesheet\" href=\"css\/bootstrap.min.css\">\n\n\n<ul class=\"pagination\">\n\t    \n\t\n\n<li >\n\t<a href='?page_no=13564'>Previous<\/a>\n\t<\/li>\n\n\n       \n    \n\n<li><a href='?page_no=1'>1<\/a><\/li>\n\n\n\n<li><a href='?page_no=2'>2<\/a><\/li>\n\n\n\n<li><a>...<\/a><\/li>\n\n\n\n<li><a href='?page_no=13563'>13563<\/a><\/li>\n\n\n\n<li><a href='?page_no=13564'>13564<\/a><\/li>\n\n\n\n<li class='active'><a>13565<\/a><\/li>\n\n\n\n<li><a href='?page_no=13566'>13566<\/a><\/li>\n\n\n\n<li><a href='?page_no=13567'>13567<\/a><\/li>\n\n\n\n<li><a>...<\/a><\/li>\n\n\n\n<li><a href='?page_no=56169'>56169<\/a><\/li>\n\n\n\n<li><a href='?page_no=56170'>56170<\/a><\/li>\n\n    \n\t\n\n<li >\n\t<a href='?page_no=13566'>Next<\/a>\n\t<\/li>\n\n\n    \n\n<li><a href='?page_no=56170'>Last &rsaquo;&rsaquo;<\/a><\/li>\n\n<\/ul>\n\n\n--><br \/>\n<\/body><\/p>\n","protected":false},"excerpt":{"rendered":"<p>Santiago, RD, 29 de Febrero.-El ministro de Administraci\u00f3n P\u00fablica, licenciado Ram\u00f3n Ventura Camejo, declar\u00f3 que lo m\u00e1s sorprendente para \u00e9l es que una parte del Gobierno Dominicano no conoce los esfuerzos que se est\u00e1n realizando para el mejoramiento de los servicios p\u00fablicos, porque no est\u00e1 al d\u00eda, de una formahace resistencia y en otra no [&hellip;]<\/p>\n","protected":false},"author":3,"featured_media":0,"comment_status":"open","ping_status":"open","sticky":false,"template":"","format":"standard","meta":{"footnotes":""},"categories":[20],"tags":[],"class_list":["post-219221","post","type-post","status-publish","format-standard","hentry","category-dominicana-hoy"],"_links":{"self":[{"href":"https:\/\/diariodominicano.com\/index.php?rest_route=\/wp\/v2\/posts\/219221","targetHints":{"allow":["GET"]}}],"collection":[{"href":"https:\/\/diariodominicano.com\/index.php?rest_route=\/wp\/v2\/posts"}],"about":[{"href":"https:\/\/diariodominicano.com\/index.php?rest_route=\/wp\/v2\/types\/post"}],"author":[{"embeddable":true,"href":"https:\/\/diariodominicano.com\/index.php?rest_route=\/wp\/v2\/users\/3"}],"replies":[{"embeddable":true,"href":"https:\/\/diariodominicano.com\/index.php?rest_route=%2Fwp%2Fv2%2Fcomments&post=219221"}],"version-history":[{"count":0,"href":"https:\/\/diariodominicano.com\/index.php?rest_route=\/wp\/v2\/posts\/219221\/revisions"}],"wp:attachment":[{"href":"https:\/\/diariodominicano.com\/index.php?rest_route=%2Fwp%2Fv2%2Fmedia&parent=219221"}],"wp:term":[{"taxonomy":"category","embeddable":true,"href":"https:\/\/diariodominicano.com\/index.php?rest_route=%2Fwp%2Fv2%2Fcategories&post=219221"},{"taxonomy":"post_tag","embeddable":true,"href":"https:\/\/diariodominicano.com\/index.php?rest_route=%2Fwp%2Fv2%2Ftags&post=219221"}],"curies":[{"name":"wp","href":"https:\/\/api.w.org\/{rel}","templated":true}]}}