{"id":219220,"date":"2016-02-29T15:21:49","date_gmt":"2016-02-29T15:21:49","guid":{"rendered":"http:\/\/diariodominicano.ddns.net\/?p=219220"},"modified":"2016-02-29T15:21:49","modified_gmt":"2016-02-29T15:21:49","slug":"rd-inicia-instalacion-del-comite-nacional-habitat-iii","status":"publish","type":"post","link":"https:\/\/diariodominicano.com\/?p=219220","title":{"rendered":"RD inicia instalaci\u00f3n del Comit\u00e9 Nacional H\u00e1bitat III"},"content":{"rendered":"<p><body><\/p>\n<p><img decoding=\"async\" src=\"img3\/habitat.jpg\" \/>  <\/p>\n<p><span class=\"text1noticias\">Santo Domingo, RD, 29 de Febrero.- El ministro de Econom\u00eda, Planificaci\u00f3n y Desarrollo (MEPyD) consider\u00f3 este lunes que a la Rep\u00fablica Dominicana, con m\u00e1s del 70% de su poblaci\u00f3n en ciudades con asentamientos humanos an\u00e1rquicos en la generalidad de los casos, le lleg\u00f3 la hora de ponerse a tono  con el mundo, que se prepara para la celebraci\u00f3n de la tercera Cumbre Mundial de H\u00e1bitat en octubre pr\u00f3ximo en Colombia.<\/span><\/p>\n<\/p>\n<p><span class=\"text1noticias\">\tEl discurso del ministro Juan Tem\u00edstocles Mont\u00e1s, le\u00eddo en su nombre por el viceministro de Planificaci\u00f3n, Juan Tom\u00e1s Monegro, abri\u00f3 la instalaci\u00f3n del Comit\u00e9 Nacional H\u00e1bitat III, cuyo montaje corresponde a la Direcci\u00f3n General de Ordenamiento y Desarrollo Territorial, \u00f3rgano del Ministerio.<\/span><\/p>\n<\/p>\n<p><span class=\"text1noticias\">La Unidad de Comunicaciones del MEPyD inform\u00f3 que en la mesa del acto celebrado en su sede estuvieron adem\u00e1s del director de Desarrollo Territorial, Franklin Labour y los viceministros de Relaciones Exteriores C\u00e9sar Dargan y Venecia \u00c1lvarez.<\/span><\/p>\n<\/p>\n<p><span class=\"text1noticias\">El vicepresidente ejecutivo del Consejo Nacional para el Cambio Clim\u00e1tico y el Mecanismo de Desarrollo Limpio, Omar Ram\u00edrez, y el encargado del departamento de formulaci\u00f3n de pol\u00edticas de Desarrollo Territorial, arquitecto Omar Rancier.<\/span><\/p>\n<\/p>\n<p><span class=\"text1noticias\">Entre las instituciones representadas en el acto para integrar el comit\u00e9 estuvieron los ministerios de Relaciones Exteriores, Turismo y Medio Ambiente, las organizaciones de la sociedad civil Comit\u00e9 para la Defensa de los Derechos Barriales (Copadeba), Ciudad Alternativa, Cambio Clim\u00e1tico, la Red Urbana Popular, Articulaci\u00f3n Campesina y Techo.<\/span><\/p>\n<\/p>\n<p><span class=\"text1noticias\">Tambi\u00e9n representantes de los organismos gubernamentales Acueducto de Santo Domingo (CAASD), la Presidencia de la Rep\u00fablica, Inapa, la Liga Municipal, y el Programa de Naciones Unidas para el Desarrollo (PNUD).<\/span><\/p>\n<\/p>\n<p><span class=\"text1noticias\">El comit\u00e9 es un mecanismo del cual el ministro dijo que espera que contribuir\u00e1 a posicionar en el primer plano de las pol\u00edticas p\u00fablicas las ciudades y los asentamientos surgidos en el pa\u00eds con muy escaso o nulo nivel de planificaci\u00f3n y en condiciones muy precarias.<\/span><\/p>\n<\/p>\n<p><span class=\"text1noticias\">\u00abEsta cita es una oportunidad para revisar c\u00f3mo estamos, porqu\u00e9 estamos como estamos, qu\u00e9 hemos hecho y para d\u00f3nde vamosen este tema,el cual es de la mayor relevancia para el desarrollo al que aspiramos, al de desarrollo sostenible\u00bb, dijo.<\/span><\/p>\n<\/p>\n<p><span class=\"text1noticias\">\tMont\u00e1s tambi\u00e9n consider\u00f3 que, con todo respeto, el tema de las ciudades y de los asentamientos humanos es demasiado cr\u00edtico como para dejarlo s\u00f3lo en la preocupaci\u00f3n y en la ocupaci\u00f3n de los arquitectos.<\/span><\/p>\n<\/p>\n<p><span class=\"text1noticias\">\t\u00abEste Comit\u00e9 Nacional H\u00e1bitat III har\u00e1 un trabajo que nunca se hab\u00eda hecho, contribuir\u00e1 a posicionar el tema de las ciudades y de los asentamientos humanos en el primer plano de las pol\u00edticas p\u00fablicas. <\/span><\/p>\n<\/p>\n<p><span class=\"text1noticias\">Estamos seguros de que los resultados ser\u00e1n de beneficio para la construcci\u00f3n de un pa\u00eds m\u00e1s y mejor desarrollado, m\u00e1s y mejor organizado en este tema\u00bb, agreg\u00f3.<\/span><\/p>\n<\/p>\n<p><span class=\"text1noticias\">\tEste comit\u00e9 se crea por mandato en septiembre de 2015 de los 193 pa\u00edses integrantes de la ONU que proclamaron la Agenda 2030 para el Desarrollo Sostenible, la cual contiene las pautas que orientan a gobiernos y sociedades en temas relevantes.<\/span><\/p>\n<\/p>\n<p><span class=\"text1noticias\">\t\u00abEsta Agenda nos compete y nos compromete a todos, a gobiernos y a sociedades, a las familias y al sector empresarial, por lo que nadie puede ni debiera decir que los 17 objetivos y las 169 metas de los ODS les son ajenos\u00bb, subray\u00f3 Mont\u00e1s en su discurso.<\/span><\/p>\n<\/p>\n<p><span class=\"text1noticias\">\tMont\u00e1s destac\u00f3 la similitud de los ODS y de la Estrategia Nacional de Desarrollo, en cuanto a la aspiraci\u00f3n de vivir en un mundo donde prime el derecho humano al agua potable y al saneamiento, la mejor higiene y en el cual los alimentos sean suficientes, inocuos, asequibles y nutritivos, un mundo en fin cuyos h\u00e1bitats humanos sean seguros, resilientes y sostenibles, donde haya acceso universal a un suministro de energ\u00eda asequible, fiable y sostenible<\/span>.\t<\/p>\n<\/p>\n<\/p>\n<h6> 2016-02-29 15:21:49 <\/h6>\n<p><!--\n<link rel=\"stylesheet\" href=\"css\/bootstrap.min.css\">\n\n\n<ul class=\"pagination\">\n\t    \n\t\n\n<li >\n\t<a href='?page_no=13563'>Previous<\/a>\n\t<\/li>\n\n\n       \n    \n\n<li><a href='?page_no=1'>1<\/a><\/li>\n\n\n\n<li><a href='?page_no=2'>2<\/a><\/li>\n\n\n\n<li><a>...<\/a><\/li>\n\n\n\n<li><a href='?page_no=13562'>13562<\/a><\/li>\n\n\n\n<li><a href='?page_no=13563'>13563<\/a><\/li>\n\n\n\n<li class='active'><a>13564<\/a><\/li>\n\n\n\n<li><a href='?page_no=13565'>13565<\/a><\/li>\n\n\n\n<li><a href='?page_no=13566'>13566<\/a><\/li>\n\n\n\n<li><a>...<\/a><\/li>\n\n\n\n<li><a href='?page_no=56169'>56169<\/a><\/li>\n\n\n\n<li><a href='?page_no=56170'>56170<\/a><\/li>\n\n    \n\t\n\n<li >\n\t<a href='?page_no=13565'>Next<\/a>\n\t<\/li>\n\n\n    \n\n<li><a href='?page_no=56170'>Last &rsaquo;&rsaquo;<\/a><\/li>\n\n<\/ul>\n\n\n--><br \/>\n<\/body><\/p>\n","protected":false},"excerpt":{"rendered":"<p>Santo Domingo, RD, 29 de Febrero.- El ministro de Econom\u00eda, Planificaci\u00f3n y Desarrollo (MEPyD) consider\u00f3 este lunes que a la Rep\u00fablica Dominicana, con m\u00e1s del 70% de su poblaci\u00f3n en ciudades con asentamientos humanos an\u00e1rquicos en la generalidad de los casos, le lleg\u00f3 la hora de ponerse a tono con el mundo, que se prepara [&hellip;]<\/p>\n","protected":false},"author":3,"featured_media":0,"comment_status":"open","ping_status":"open","sticky":false,"template":"","format":"standard","meta":{"footnotes":""},"categories":[20],"tags":[],"class_list":["post-219220","post","type-post","status-publish","format-standard","hentry","category-dominicana-hoy"],"_links":{"self":[{"href":"https:\/\/diariodominicano.com\/index.php?rest_route=\/wp\/v2\/posts\/219220","targetHints":{"allow":["GET"]}}],"collection":[{"href":"https:\/\/diariodominicano.com\/index.php?rest_route=\/wp\/v2\/posts"}],"about":[{"href":"https:\/\/diariodominicano.com\/index.php?rest_route=\/wp\/v2\/types\/post"}],"author":[{"embeddable":true,"href":"https:\/\/diariodominicano.com\/index.php?rest_route=\/wp\/v2\/users\/3"}],"replies":[{"embeddable":true,"href":"https:\/\/diariodominicano.com\/index.php?rest_route=%2Fwp%2Fv2%2Fcomments&post=219220"}],"version-history":[{"count":0,"href":"https:\/\/diariodominicano.com\/index.php?rest_route=\/wp\/v2\/posts\/219220\/revisions"}],"wp:attachment":[{"href":"https:\/\/diariodominicano.com\/index.php?rest_route=%2Fwp%2Fv2%2Fmedia&parent=219220"}],"wp:term":[{"taxonomy":"category","embeddable":true,"href":"https:\/\/diariodominicano.com\/index.php?rest_route=%2Fwp%2Fv2%2Fcategories&post=219220"},{"taxonomy":"post_tag","embeddable":true,"href":"https:\/\/diariodominicano.com\/index.php?rest_route=%2Fwp%2Fv2%2Ftags&post=219220"}],"curies":[{"name":"wp","href":"https:\/\/api.w.org\/{rel}","templated":true}]}}