{"id":219219,"date":"2016-02-29T15:26:09","date_gmt":"2016-02-29T15:26:09","guid":{"rendered":"http:\/\/diariodominicano.ddns.net\/?p=219219"},"modified":"2016-02-29T15:26:09","modified_gmt":"2016-02-29T15:26:09","slug":"estudiantes-de-georgetown-conocen-politicas-sociales-de-rd","status":"publish","type":"post","link":"https:\/\/diariodominicano.com\/?p=219219","title":{"rendered":"Estudiantes de Georgetown conocen pol\u00edticas sociales de RD"},"content":{"rendered":"<p><body><\/p>\n<p><img decoding=\"async\" src=\"img3\/vicepresidentaGeorgetown.jpg\" \/>  <\/p>\n<p><span class=\"text1noticias\">Santo Domingo, RD, 29 de febrero.-Un conjunto de 25 estudiantes de maestr\u00eda en Pol\u00edticas P\u00fablicas, de la escuela McCourt, de la Universidad de Georgetown, visit\u00f3 el pa\u00eds para un intercambio pol\u00edtico e institucional, donde conocieron el modelo de protecci\u00f3n social de la Rep\u00fablica Dominicana.<\/span><\/p>\n<\/p>\n<p><span class=\"text1noticias\">Los visitantes corresponden a estudiantes de 11 pa\u00edses que est\u00e1n especializ\u00e1ndose en el an\u00e1lisis de pol\u00edticas p\u00fablicas de \u00e9xito, implementadas por naciones de diferentes ingresos econ\u00f3micos y condiciones sociales.<\/span><\/p>\n<\/p>\n<p><span class=\"text1noticias\">Reunidos con la Vicepresidencia, Margarita Cede\u00f1o, conocieron de primera mano la visi\u00f3n del Gobierno dominicano en el combate a la pobreza y en el impulso de los sectores Educaci\u00f3n y Salud.<\/span><\/p>\n<\/p>\n<p><span class=\"text1noticias\">La Vicepresidenta valor\u00f3 la iniciativa y agradeci\u00f3 la visita, la cual catalog\u00f3 de \u00abun reconocimiento a lo que estamos haciendo como pa\u00eds, a la vez que es un impulso para continuar innovando en el \u00e1rea de las pol\u00edticas sociales\u00bb.<\/span><\/p>\n<\/p>\n<p><span class=\"text1noticias\">La profesora BarbaraSchone, coordinadora de la maestr\u00eda, resalt\u00f3 la gran labor social que realiza la Rep\u00fablica Dominicana y la gesti\u00f3n coordinada de distintos aspectos de pol\u00edtica social, lo que considera es un indicio de una pol\u00edtica p\u00fablica bien aplicada.<\/span><\/p>\n<\/p>\n<p><span class=\"text1noticias\">De su lado, el coordinador del grupo, Agust\u00edn Porres, agradeci\u00f3 la disponibilidad del Gobierno dominicano de mostrar sus pol\u00edticas sociales para que sean casos de estudio para escuelas del nivel de Georgetown, lo que sirve para promover las buenas pr\u00e1cticas del pa\u00eds.<\/span><\/p>\n<\/p>\n<p><span class=\"text1noticias\">Los estudiantes provienen de Estados Unidos, Nigeria, Argentina, Per\u00fa, Colombia, M\u00e9xico, Pakist\u00e1n, China y otras naciones.<\/span><\/p>\n<\/p>\n<p><span class=\"text1noticias\">Durante su estad\u00eda, conocieron los programas sociales implementados en campo por la Vicepresidencia, en El Seibo, donde observaron los proyectos de agricultura familiar, capacitaci\u00f3n t\u00e9cnica, siembra de \u00e1rboles y piscicultura. En Boca Chica, visitaron el Centro Tecnol\u00f3gico Comunitario de dicha localidad, donde conocieron los proyectos de innovaci\u00f3n en tecnolog\u00eda que desarrolla la Vicepresidencia.<\/span><\/p>\n<\/p>\n<p><span class=\"text1noticias\">Conocen la visi\u00f3n del sector privado<\/span><\/p>\n<\/p>\n<p><span class=\"text1noticias\">El grupo de estudiantes sostuvo encuentros con Roberto Herrera, de Interenergy y con el vicepresidente de la C\u00e1mara Americana de Comercio, con quienes discutieron la visi\u00f3n que tiene el sector privado sobre las pol\u00edticas p\u00fablicas del Gobierno y los retos energ\u00e9ticos que enfrenta el pa\u00eds. De igual manera, discutieron las implicaciones de los acuerdos del cambio clim\u00e1tico en las pol\u00edticas p\u00fablicas de la Rep\u00fablica Dominicana.<\/span><\/p>\n<\/p>\n<p><span class=\"text1noticias\">Por otro lado, sostuvieron un encuentro en la Fundaci\u00f3n Global Democracia y Desarrollo, para conocer la iniciativa RD2044, como modelo de pol\u00edtica p\u00fablica propuesta desde una instituci\u00f3n sin fines de lucro. De igual manera, intercambiaron impresiones con el presidente de la Academia para la Profesionalizaci\u00f3n de la Pol\u00edtica, Ricardo P\u00e9rez Fern\u00e1ndez, con qui\u00e9n discutieron la necesidad de que los j\u00f3venes participen en la pol\u00edtica<\/span>.<\/p>\n<\/p>\n<h6> 2016-02-29 15:26:09 <\/h6>\n<p><!--\n<link rel=\"stylesheet\" href=\"css\/bootstrap.min.css\">\n\n\n<ul class=\"pagination\">\n\t    \n\t\n\n<li >\n\t<a href='?page_no=13562'>Previous<\/a>\n\t<\/li>\n\n\n       \n    \n\n<li><a href='?page_no=1'>1<\/a><\/li>\n\n\n\n<li><a href='?page_no=2'>2<\/a><\/li>\n\n\n\n<li><a>...<\/a><\/li>\n\n\n\n<li><a href='?page_no=13561'>13561<\/a><\/li>\n\n\n\n<li><a href='?page_no=13562'>13562<\/a><\/li>\n\n\n\n<li class='active'><a>13563<\/a><\/li>\n\n\n\n<li><a href='?page_no=13564'>13564<\/a><\/li>\n\n\n\n<li><a href='?page_no=13565'>13565<\/a><\/li>\n\n\n\n<li><a>...<\/a><\/li>\n\n\n\n<li><a href='?page_no=56169'>56169<\/a><\/li>\n\n\n\n<li><a href='?page_no=56170'>56170<\/a><\/li>\n\n    \n\t\n\n<li >\n\t<a href='?page_no=13564'>Next<\/a>\n\t<\/li>\n\n\n    \n\n<li><a href='?page_no=56170'>Last &rsaquo;&rsaquo;<\/a><\/li>\n\n<\/ul>\n\n\n--><br \/>\n<\/body><\/p>\n","protected":false},"excerpt":{"rendered":"<p>Santo Domingo, RD, 29 de febrero.-Un conjunto de 25 estudiantes de maestr\u00eda en Pol\u00edticas P\u00fablicas, de la escuela McCourt, de la Universidad de Georgetown, visit\u00f3 el pa\u00eds para un intercambio pol\u00edtico e institucional, donde conocieron el modelo de protecci\u00f3n social de la Rep\u00fablica Dominicana. Los visitantes corresponden a estudiantes de 11 pa\u00edses que est\u00e1n especializ\u00e1ndose [&hellip;]<\/p>\n","protected":false},"author":3,"featured_media":0,"comment_status":"open","ping_status":"open","sticky":false,"template":"","format":"standard","meta":{"footnotes":""},"categories":[20],"tags":[],"class_list":["post-219219","post","type-post","status-publish","format-standard","hentry","category-dominicana-hoy"],"_links":{"self":[{"href":"https:\/\/diariodominicano.com\/index.php?rest_route=\/wp\/v2\/posts\/219219","targetHints":{"allow":["GET"]}}],"collection":[{"href":"https:\/\/diariodominicano.com\/index.php?rest_route=\/wp\/v2\/posts"}],"about":[{"href":"https:\/\/diariodominicano.com\/index.php?rest_route=\/wp\/v2\/types\/post"}],"author":[{"embeddable":true,"href":"https:\/\/diariodominicano.com\/index.php?rest_route=\/wp\/v2\/users\/3"}],"replies":[{"embeddable":true,"href":"https:\/\/diariodominicano.com\/index.php?rest_route=%2Fwp%2Fv2%2Fcomments&post=219219"}],"version-history":[{"count":0,"href":"https:\/\/diariodominicano.com\/index.php?rest_route=\/wp\/v2\/posts\/219219\/revisions"}],"wp:attachment":[{"href":"https:\/\/diariodominicano.com\/index.php?rest_route=%2Fwp%2Fv2%2Fmedia&parent=219219"}],"wp:term":[{"taxonomy":"category","embeddable":true,"href":"https:\/\/diariodominicano.com\/index.php?rest_route=%2Fwp%2Fv2%2Fcategories&post=219219"},{"taxonomy":"post_tag","embeddable":true,"href":"https:\/\/diariodominicano.com\/index.php?rest_route=%2Fwp%2Fv2%2Ftags&post=219219"}],"curies":[{"name":"wp","href":"https:\/\/api.w.org\/{rel}","templated":true}]}}