{"id":219216,"date":"2016-03-01T12:39:01","date_gmt":"2016-03-01T12:39:01","guid":{"rendered":"http:\/\/diariodominicano.ddns.net\/?p=219216"},"modified":"2016-03-01T12:39:01","modified_gmt":"2016-03-01T12:39:01","slug":"lideres-caribenos-avanzaran-implementacion-de-planes-de-desarrollo-sostenible","status":"publish","type":"post","link":"https:\/\/diariodominicano.com\/?p=219216","title":{"rendered":"L\u00edderes caribe\u00f1os avanzar\u00e1n implementaci\u00f3n de planes de desarrollo sostenible"},"content":{"rendered":"<p><body><\/p>\n<p><img decoding=\"async\" src=\"img3\/belis 5.jpg\" \/><br \/><img decoding=\"async\" src=\"img3\/belis 2.jpg\" \/>  <\/p>\n<p>San Juan Puerto Rico 1 marzo.-  Representantes de m\u00e1s de 10 territorios del Caribe tratar\u00e1n de avanzar en la implementaci\u00f3n de reformas para el desarrollo sostenible de la regi\u00f3n, durante una reuni\u00f3n del Foro de Crecimiento del Caribe, conferencia convocada por el Banco Mundial (BM) que comenz\u00f3 hoy en la Ciudad de Belice.<\/p>\n<\/p>\n<p>As\u00ed lo confirm\u00f3 el Gobierno de Belice en un comunicado en el que detalla que durante esta reuni\u00f3n de dos d\u00edas se trabajar\u00e1 en la creaci\u00f3n de planes de acci\u00f3n para aplicar reformas econ\u00f3micas que \u00abgeneren crecimiento, competitividad y empleos\u00bb en los pa\u00edses participantes.<\/p>\n<\/p>\n<p>En el orden del d\u00eda de hoy est\u00e1 prevista la intervenci\u00f3n del ministro de Desarrollo Econ\u00f3mico de Belice, Tracy Panton; del ministro de Finanzas de Guyana, Winston Da Costa Jordan; y de la directora del Caribe del BM, Sophie Sirtaine.<\/p>\n<\/p>\n<p>Tambi\u00e9n se espera la participaci\u00f3n de Ian Durant, en nombre del Banco de Desarrollo del Caribe, y de Cassandra Rogers, en representaci\u00f3n de Belice ante el Banco Interamericano de Desarrollo (BID).<\/p>\n<\/p>\n<p>Se espera que en la reuni\u00f3n, los pa\u00edses representados discutan la implementaci\u00f3n de reformas en \u00e1reas como atracci\u00f3n de inversiones extranjeras, aumento de la productividad local y fomento de la industria de la log\u00edstica.<\/p>\n<\/p>\n<p>Entre los pa\u00edses representados en esta reuni\u00f3n se encuentran Belice, Rep\u00fablica Dominicana, Guyana, Hait\u00ed, Jamaica, Surinam, Santa Luc\u00eda, Granada, Bahamas, Dominica, San Crist\u00f3bal y Nieves, y San Vicente y las Granadinas.<\/p>\n<\/p>\n<h6> 2016-03-01 12:39:01 <\/h6>\n<p><!--\n<link rel=\"stylesheet\" href=\"css\/bootstrap.min.css\">\n\n\n<ul class=\"pagination\">\n\t    \n\t\n\n<li >\n\t<a href='?page_no=13559'>Previous<\/a>\n\t<\/li>\n\n\n       \n    \n\n<li><a href='?page_no=1'>1<\/a><\/li>\n\n\n\n<li><a href='?page_no=2'>2<\/a><\/li>\n\n\n\n<li><a>...<\/a><\/li>\n\n\n\n<li><a href='?page_no=13558'>13558<\/a><\/li>\n\n\n\n<li><a href='?page_no=13559'>13559<\/a><\/li>\n\n\n\n<li class='active'><a>13560<\/a><\/li>\n\n\n\n<li><a href='?page_no=13561'>13561<\/a><\/li>\n\n\n\n<li><a href='?page_no=13562'>13562<\/a><\/li>\n\n\n\n<li><a>...<\/a><\/li>\n\n\n\n<li><a href='?page_no=56169'>56169<\/a><\/li>\n\n\n\n<li><a href='?page_no=56170'>56170<\/a><\/li>\n\n    \n\t\n\n<li >\n\t<a href='?page_no=13561'>Next<\/a>\n\t<\/li>\n\n\n    \n\n<li><a href='?page_no=56170'>Last &rsaquo;&rsaquo;<\/a><\/li>\n\n<\/ul>\n\n\n--><br \/>\n<\/body><\/p>\n","protected":false},"excerpt":{"rendered":"<p>San Juan Puerto Rico 1 marzo.- Representantes de m\u00e1s de 10 territorios del Caribe tratar\u00e1n de avanzar en la implementaci\u00f3n de reformas para el desarrollo sostenible de la regi\u00f3n, durante una reuni\u00f3n del Foro de Crecimiento del Caribe, conferencia convocada por el Banco Mundial (BM) que comenz\u00f3 hoy en la Ciudad de Belice. As\u00ed lo [&hellip;]<\/p>\n","protected":false},"author":3,"featured_media":0,"comment_status":"open","ping_status":"open","sticky":false,"template":"","format":"standard","meta":{"footnotes":""},"categories":[20],"tags":[],"class_list":["post-219216","post","type-post","status-publish","format-standard","hentry","category-dominicana-hoy"],"_links":{"self":[{"href":"https:\/\/diariodominicano.com\/index.php?rest_route=\/wp\/v2\/posts\/219216","targetHints":{"allow":["GET"]}}],"collection":[{"href":"https:\/\/diariodominicano.com\/index.php?rest_route=\/wp\/v2\/posts"}],"about":[{"href":"https:\/\/diariodominicano.com\/index.php?rest_route=\/wp\/v2\/types\/post"}],"author":[{"embeddable":true,"href":"https:\/\/diariodominicano.com\/index.php?rest_route=\/wp\/v2\/users\/3"}],"replies":[{"embeddable":true,"href":"https:\/\/diariodominicano.com\/index.php?rest_route=%2Fwp%2Fv2%2Fcomments&post=219216"}],"version-history":[{"count":0,"href":"https:\/\/diariodominicano.com\/index.php?rest_route=\/wp\/v2\/posts\/219216\/revisions"}],"wp:attachment":[{"href":"https:\/\/diariodominicano.com\/index.php?rest_route=%2Fwp%2Fv2%2Fmedia&parent=219216"}],"wp:term":[{"taxonomy":"category","embeddable":true,"href":"https:\/\/diariodominicano.com\/index.php?rest_route=%2Fwp%2Fv2%2Fcategories&post=219216"},{"taxonomy":"post_tag","embeddable":true,"href":"https:\/\/diariodominicano.com\/index.php?rest_route=%2Fwp%2Fv2%2Ftags&post=219216"}],"curies":[{"name":"wp","href":"https:\/\/api.w.org\/{rel}","templated":true}]}}