{"id":219213,"date":"2016-03-01T14:38:40","date_gmt":"2016-03-01T14:38:40","guid":{"rendered":"http:\/\/diariodominicano.ddns.net\/?p=219213"},"modified":"2016-03-01T14:38:40","modified_gmt":"2016-03-01T14:38:40","slug":"director-ottt-dice-capacitan-947-estudiantes-en-educacion-vial","status":"publish","type":"post","link":"https:\/\/diariodominicano.com\/?p=219213","title":{"rendered":"Director OTTT dice capacitan 947 estudiantes en educaci\u00f3n vial"},"content":{"rendered":"<p><body><\/p>\n<p><img decoding=\"async\" src=\"img3\/mojica.jpg\" \/>  <\/p>\n<p><span class=\"text1noticias\">Santo Domingo, RD, 1 de Marzo.-El director general de la Oficina T\u00e9cnica de Transporte Terrestre (OTTT), licenciado H\u00e9ctor Mojica, dijo que ha capacitado en lo que va de a\u00f1o 947 estudiantes en educaci\u00f3n vial, en varios centros educativos del Distrito Nacional.<\/span><\/p>\n<\/p>\n<p><span class=\"text1noticias\">Mojica expres\u00f3 que esos estudiantes que han sido capacitados de enero a la fecha en los planteles escolares, muestran entusiasmo y entrega, considerando como parte de sus asignaturas las charlas sobre educaci\u00f3n vial que busca crearle conciencia entorno a la importancia de respetar las leyes de tr\u00e1nsito dentro de su formaci\u00f3n para ser mejores ciudadanos.<\/span><\/p>\n<\/p>\n<p><span class=\"text1noticias\">Precis\u00f3 que su mayor deseo es que las presentes y futuras generales capten el mensaje de respeto a las leyes, debido a que los accidentes viales en el pa\u00eds se atribuyen a falta de conciencia, a la imprudencia de muchos conductores y ausencia de conocimiento de educaci\u00f3n vial.<\/span><\/p>\n<\/p>\n<p><strong><span class=\"text1noticias\">La lucha es bajar los indicadores<\/span><\/strong><\/p>\n<\/p>\n<p><span class=\"text1noticias\">Indic\u00f3 que de acuerdo a la Organizaci\u00f3n Mundial de la Salud, cada a\u00f1o los accidentes de tr\u00e1nsito causan la muerte de aproximadamente 1,25 millones de personas en todo el mundo, donde las  lesiones causadas por el tr\u00e1nsito son la causa principal de muerte en j\u00f3venes de 15 a 29 a\u00f1os de edad.<\/span><\/p>\n<\/p>\n<p><span class=\"text1noticias\">El funcionario manifest\u00f3 que esa es la causa por el cual est\u00e1n haciendo \u00e9nfasis en la formaci\u00f3n de  j\u00f3venes en educaci\u00f3n vial que se encuentran en el ciclo b\u00e1sico y del bachillerato.<\/span><\/p>\n<\/p>\n<p><strong><span class=\"text1noticias\">\u00abLa meta es bajar la mortandad\u00bb<\/span><\/strong><\/p>\n<\/p>\n<p><span class=\"text1noticias\">\u00abSi nosotros no aplicamos medidas para evitarlo, se prev\u00e9 que de aqu\u00ed a 2030 los accidentes de tr\u00e1nsito se conviertan en la s\u00e9ptima causa de muerte. Es por ello que la reci\u00e9n adoptada Agenda de Desarrollo Sostenible, ha fijado para 2030 una meta ambiciosa con respecto a la seguridad vial, consistente en reducir a la mitad, para 2020, el n\u00famero mundial de muertes y lesiones por accidentes de tr\u00e1nsito y eso podr\u00edamos lograrlo, contribuyendo a la capacitaci\u00f3n de estos estudiantes que son el futuro del ma\u00f1ana sin dejar de reconocer el trabajo que hemos venido haciendo con los transportistas\u00bb, dijo Mojica.<\/span><\/p>\n<\/p>\n<p><span class=\"text1noticias\">Precis\u00f3 que entre los centros educativos que han recibido el taller de capacitaci\u00f3n figuran: Liceo Vespertino Pedro Mir en Los Mina; Liceo Nocturno Fray Cipriano de Utrera; Escuela B\u00e1sica Fidel Ferrer del Ensanche La Fe, Escuela Am\u00e9rico Lugo, Escuela Nacional de Arte y Oficio, Liceo V\u00edctor Estrella Liz (La perito); el Colegio Santa Rita y el Colegio Las Mercedes entre otros<\/span>.<\/p>\n<h6> 2016-03-01 14:38:40 <\/h6>\n<p><!--\n<link rel=\"stylesheet\" href=\"css\/bootstrap.min.css\">\n\n\n<ul class=\"pagination\">\n\t    \n\t\n\n<li >\n\t<a href='?page_no=13557'>Previous<\/a>\n\t<\/li>\n\n\n       \n    \n\n<li><a href='?page_no=1'>1<\/a><\/li>\n\n\n\n<li><a href='?page_no=2'>2<\/a><\/li>\n\n\n\n<li><a>...<\/a><\/li>\n\n\n\n<li><a href='?page_no=13556'>13556<\/a><\/li>\n\n\n\n<li><a href='?page_no=13557'>13557<\/a><\/li>\n\n\n\n<li class='active'><a>13558<\/a><\/li>\n\n\n\n<li><a href='?page_no=13559'>13559<\/a><\/li>\n\n\n\n<li><a href='?page_no=13560'>13560<\/a><\/li>\n\n\n\n<li><a>...<\/a><\/li>\n\n\n\n<li><a href='?page_no=56169'>56169<\/a><\/li>\n\n\n\n<li><a href='?page_no=56170'>56170<\/a><\/li>\n\n    \n\t\n\n<li >\n\t<a href='?page_no=13559'>Next<\/a>\n\t<\/li>\n\n\n    \n\n<li><a href='?page_no=56170'>Last &rsaquo;&rsaquo;<\/a><\/li>\n\n<\/ul>\n\n\n--><br \/>\n<\/body><\/p>\n","protected":false},"excerpt":{"rendered":"<p>Santo Domingo, RD, 1 de Marzo.-El director general de la Oficina T\u00e9cnica de Transporte Terrestre (OTTT), licenciado H\u00e9ctor Mojica, dijo que ha capacitado en lo que va de a\u00f1o 947 estudiantes en educaci\u00f3n vial, en varios centros educativos del Distrito Nacional. Mojica expres\u00f3 que esos estudiantes que han sido capacitados de enero a la fecha [&hellip;]<\/p>\n","protected":false},"author":3,"featured_media":0,"comment_status":"open","ping_status":"open","sticky":false,"template":"","format":"standard","meta":{"footnotes":""},"categories":[20],"tags":[],"class_list":["post-219213","post","type-post","status-publish","format-standard","hentry","category-dominicana-hoy"],"_links":{"self":[{"href":"https:\/\/diariodominicano.com\/index.php?rest_route=\/wp\/v2\/posts\/219213","targetHints":{"allow":["GET"]}}],"collection":[{"href":"https:\/\/diariodominicano.com\/index.php?rest_route=\/wp\/v2\/posts"}],"about":[{"href":"https:\/\/diariodominicano.com\/index.php?rest_route=\/wp\/v2\/types\/post"}],"author":[{"embeddable":true,"href":"https:\/\/diariodominicano.com\/index.php?rest_route=\/wp\/v2\/users\/3"}],"replies":[{"embeddable":true,"href":"https:\/\/diariodominicano.com\/index.php?rest_route=%2Fwp%2Fv2%2Fcomments&post=219213"}],"version-history":[{"count":0,"href":"https:\/\/diariodominicano.com\/index.php?rest_route=\/wp\/v2\/posts\/219213\/revisions"}],"wp:attachment":[{"href":"https:\/\/diariodominicano.com\/index.php?rest_route=%2Fwp%2Fv2%2Fmedia&parent=219213"}],"wp:term":[{"taxonomy":"category","embeddable":true,"href":"https:\/\/diariodominicano.com\/index.php?rest_route=%2Fwp%2Fv2%2Fcategories&post=219213"},{"taxonomy":"post_tag","embeddable":true,"href":"https:\/\/diariodominicano.com\/index.php?rest_route=%2Fwp%2Fv2%2Ftags&post=219213"}],"curies":[{"name":"wp","href":"https:\/\/api.w.org\/{rel}","templated":true}]}}