{"id":219212,"date":"2016-03-01T17:48:53","date_gmt":"2016-03-01T17:48:53","guid":{"rendered":"http:\/\/diariodominicano.ddns.net\/?p=219212"},"modified":"2016-03-01T17:48:53","modified_gmt":"2016-03-01T17:48:53","slug":"la-gente-de-samana-recibe-remozado-hospital-y-estancia-infantil","status":"publish","type":"post","link":"https:\/\/diariodominicano.com\/?p=219212","title":{"rendered":"La gente de Saman\u00e1 recibe remozado hospital y estancia infantil"},"content":{"rendered":"<p><body><\/p>\n<p><img decoding=\"async\" src=\"img3\/danilosamana.jpg\" \/>  <\/p>\n<p><span class=\"text1noticias\">Santo Domingo, RD, 01 de marzo.-Los residentes en Saman\u00e1 ver\u00e1n a partir de este martes mejorar sustancialmente su sistema de salud p\u00fablica, con la inauguraci\u00f3n del remodelado y reequipado hospital regional Leopoldo Pou.<\/span><\/p>\n<\/p>\n<p><span class=\"text1noticias\">El presidente Danilo Medina dej\u00f3 en servicio dicho centro sanitario en un acto, donde tambi\u00e9n inaugur\u00f3 para esta provincia la Estancia Infantil Mar\u00eda Luisa, que albergar\u00e1 a 226 ni\u00f1os y ni\u00f1as, con edades de 45 d\u00edas de nacidos a cinco a\u00f1os.<\/span><\/p>\n<\/p>\n<p><strong><span class=\"text1noticias\">66 camas para internamiento y otras facilidades<\/span><\/strong><\/p>\n<\/p>\n<p><span class=\"text1noticias\">El remozado hospital de Saman\u00e1 ahora posee una capacidad de 66 camas para internamiento de los pacientes, as\u00ed como sofisticados equipos de rayos X, sonograf\u00eda, seis quir\u00f3fanos y laboratorio general para diferentes tipos de anal\u00edticas.<\/span><\/p>\n<\/p>\n<p><span class=\"text1noticias\">Mediante los trabajos que estuvieron a cargo de la Oficina de Ingenieros Supervisores de Obras del Estado, tambi\u00e9n fueron remodeladas las emergencias, salas de consultas en diferentes \u00e1reas, archivo e informaci\u00f3n, parqueos, caseta de planta de emergencia, sistema central de gases medicinales y climatizaci\u00f3n general.<\/span><\/p>\n<\/p>\n<p><strong><span class=\"text1noticias\">Con hospital se dignifica la salud humana<\/span><\/strong><\/p>\n<\/p>\n<p><span class=\"text1noticias\">Por la ejecuci\u00f3n de las dos importantes obras agradeci\u00f3 Luz Mar\u00eda de Jes\u00fas Castillo, quien argument\u00f3 que con la reparaci\u00f3n del hospital se dignifica la salud de los moradores de esta provincia.<\/span><\/p>\n<\/p>\n<p><span class=\"text1noticias\">Dijo que la estancia infantil sentar\u00e1 las bases en esta demarcaci\u00f3n para el desarrollo social, cognitivo y afectivo para los ni\u00f1os y ni\u00f1as, por lo que toda Saman\u00e1 est\u00e1 m\u00e1s que regocijados con esta obra.<\/span><\/p>\n<\/p>\n<p><strong><span class=\"text1noticias\">Servicios de salud especializados<\/span><\/strong><\/p>\n<\/p>\n<p><span class=\"text1noticias\">Altagracia Guzm\u00e1n Marcelino, ministra de Salud, asegur\u00f3 que el hospital no tiene comparaci\u00f3n con las cl\u00ednicas privadas de toda la regi\u00f3n en t\u00e9rminos de infraestructuras, mientras que a nivel de servicios brindar\u00e1 a la poblaci\u00f3n salud especializada.<\/span><\/p>\n<\/p>\n<p><span class=\"text1noticias\">Argument\u00f3 que nombrar\u00e1n 12 m\u00e9dicos especialistas en distintas ramas de la salud, entre ellas medicina familiar, ginecolog\u00eda, cirug\u00eda, ecocardiograma, entre otras.  Observ\u00f3 que tambi\u00e9n han recuperado 11 Centros de Salud Primaria en toda la provincia.<\/span><\/p>\n<p><span class=\"text1noticias\"><strong>Servicios dignos, c\u00e1lidos y cercanos a la gente<\/strong><\/span><\/p>\n<\/p>\n<p><span class=\"text1noticias\">Al hablar a los presentes, Francisco Pagan, director de la Oficina de  Ingenieros Supervisores de Obras del Estado, indic\u00f3 que el remozado hospital brindar\u00e1 a la comunidad servicios m\u00e9dicos de calidad, dignos, cercanos y efectivos, con un capacitado personal.<\/span><\/p>\n<\/p>\n<p><span class=\"text1noticias\">\u00abSatisface saber que los pacientes que acudan a partir de ahora, llegar\u00e1n a un centro de salud preparado para responder a sus necesidades y derechos, elevando la dignidad humana en la justa dimensi\u00f3n de lo que merecemos todos los dominicanos\u00bb, dijo el funcionario.<\/span><\/p>\n<p><span class=\"text1noticias\"><strong>Se construye al lado un Centro de Diagn\u00f3stico<\/strong><\/span><\/p>\n<\/p>\n<p><span class=\"text1noticias\">Al lado del Hospital Leopoldo Pou el Gobierno construye un Centro Cl\u00ednico y de Diagn\u00f3stico que ser\u00e1 inaugurado en los pr\u00f3ximos meses y que vendr\u00e1 a complementar los servicios que ofrece a la comunidad el Ministerio de Salud P\u00fablica. <\/span><\/p>\n<p><span class=\"text1noticias\"><u><strong>Una estancia para el cuidado integral de los infantes<\/strong><\/u><\/span><\/p>\n<\/p>\n<p><span class=\"text1noticias\">La Estancia Infantil Mar\u00eda Luisa brindar\u00e1 a las familias de Saman\u00e1 la oportunidad de que sus hijos menores de cinco a\u00f1os tengan acceso a un cuido integral, recibiendo servicios de estimulaci\u00f3n temprana, salud, educaci\u00f3n inicial, nutrici\u00f3n y cuidado especializado. A trav\u00e9s de la Red Social tambi\u00e9n atender\u00e1 a m\u00e1s de 1,400 ni\u00f1os y ni\u00f1as en sus hogares.<\/span><\/p>\n<\/p>\n<p><span class=\"text1noticias\">El presidente Danilo Medina, luego de cortar la cinta que oficializ\u00f3 la entrega de las obras, recorri\u00f3 las modernas instalaciones hospitalarias.<\/span><\/p>\n<\/p>\n<p><strong><span class=\"text1noticias\">Concepto integral de la educaci\u00f3n; visi\u00f3n clara del desarrollo y el bienestar<\/span><\/strong><\/p>\n<\/p>\n<p><span class=\"text1noticias\">Carlos Amarante Baret, ministro de Educaci\u00f3n, declar\u00f3 que con estas estancias infantiles que el Gobierno construye en el pa\u00eds, se cumple el concepto integral de educaci\u00f3n que tiene el presidente Danilo Medina, quien tiene una visi\u00f3n clara del desarrollo y el bienestar de los dominicanos.<\/span><\/p>\n<\/p>\n<p><span class=\"text1noticias\">Precis\u00f3 que la educaci\u00f3n p\u00fablica se ocupa ahora de los ni\u00f1os desde que pr\u00e1cticamente nacen hasta entregarlos bachilleres a la sociedad, para que puedan luego continuar con sus estudios universitarios.<\/span><\/p>\n<\/p>\n<p><span class=\"text1noticias\">En el acto estuvieron Enriquillo Lalane, gobernador de Saman\u00e1; Prim Pujols, senador; Nadin Miguel Bezi, alcalde, as\u00ed como los directores Alejandro Herrera, de Instituto de Aviaci\u00f3n Civil; Ram\u00f3n Alvarado, de Salud; \u00c1ngel Garabott, provincial de Salud, y los asistentes especiales de Presidente, Carlos Pared P\u00e9rez y Robert de la Cruz, legisladores y representantes de la municipalidad<\/span>.<\/p>\n<h6> 2016-03-01 17:48:53 <\/h6>\n<p><!--\n<link rel=\"stylesheet\" href=\"css\/bootstrap.min.css\">\n\n\n<ul class=\"pagination\">\n\t    \n\t\n\n<li >\n\t<a href='?page_no=13556'>Previous<\/a>\n\t<\/li>\n\n\n       \n    \n\n<li><a href='?page_no=1'>1<\/a><\/li>\n\n\n\n<li><a href='?page_no=2'>2<\/a><\/li>\n\n\n\n<li><a>...<\/a><\/li>\n\n\n\n<li><a href='?page_no=13555'>13555<\/a><\/li>\n\n\n\n<li><a href='?page_no=13556'>13556<\/a><\/li>\n\n\n\n<li class='active'><a>13557<\/a><\/li>\n\n\n\n<li><a href='?page_no=13558'>13558<\/a><\/li>\n\n\n\n<li><a href='?page_no=13559'>13559<\/a><\/li>\n\n\n\n<li><a>...<\/a><\/li>\n\n\n\n<li><a href='?page_no=56169'>56169<\/a><\/li>\n\n\n\n<li><a href='?page_no=56170'>56170<\/a><\/li>\n\n    \n\t\n\n<li >\n\t<a href='?page_no=13558'>Next<\/a>\n\t<\/li>\n\n\n    \n\n<li><a href='?page_no=56170'>Last &rsaquo;&rsaquo;<\/a><\/li>\n\n<\/ul>\n\n\n--><br \/>\n<\/body><\/p>\n","protected":false},"excerpt":{"rendered":"<p>Santo Domingo, RD, 01 de marzo.-Los residentes en Saman\u00e1 ver\u00e1n a partir de este martes mejorar sustancialmente su sistema de salud p\u00fablica, con la inauguraci\u00f3n del remodelado y reequipado hospital regional Leopoldo Pou. El presidente Danilo Medina dej\u00f3 en servicio dicho centro sanitario en un acto, donde tambi\u00e9n inaugur\u00f3 para esta provincia la Estancia Infantil [&hellip;]<\/p>\n","protected":false},"author":3,"featured_media":0,"comment_status":"open","ping_status":"open","sticky":false,"template":"","format":"standard","meta":{"footnotes":""},"categories":[20],"tags":[],"class_list":["post-219212","post","type-post","status-publish","format-standard","hentry","category-dominicana-hoy"],"_links":{"self":[{"href":"https:\/\/diariodominicano.com\/index.php?rest_route=\/wp\/v2\/posts\/219212","targetHints":{"allow":["GET"]}}],"collection":[{"href":"https:\/\/diariodominicano.com\/index.php?rest_route=\/wp\/v2\/posts"}],"about":[{"href":"https:\/\/diariodominicano.com\/index.php?rest_route=\/wp\/v2\/types\/post"}],"author":[{"embeddable":true,"href":"https:\/\/diariodominicano.com\/index.php?rest_route=\/wp\/v2\/users\/3"}],"replies":[{"embeddable":true,"href":"https:\/\/diariodominicano.com\/index.php?rest_route=%2Fwp%2Fv2%2Fcomments&post=219212"}],"version-history":[{"count":0,"href":"https:\/\/diariodominicano.com\/index.php?rest_route=\/wp\/v2\/posts\/219212\/revisions"}],"wp:attachment":[{"href":"https:\/\/diariodominicano.com\/index.php?rest_route=%2Fwp%2Fv2%2Fmedia&parent=219212"}],"wp:term":[{"taxonomy":"category","embeddable":true,"href":"https:\/\/diariodominicano.com\/index.php?rest_route=%2Fwp%2Fv2%2Fcategories&post=219212"},{"taxonomy":"post_tag","embeddable":true,"href":"https:\/\/diariodominicano.com\/index.php?rest_route=%2Fwp%2Fv2%2Ftags&post=219212"}],"curies":[{"name":"wp","href":"https:\/\/api.w.org\/{rel}","templated":true}]}}