{"id":219211,"date":"2016-03-01T22:14:29","date_gmt":"2016-03-01T22:14:29","guid":{"rendered":"http:\/\/diariodominicano.ddns.net\/?p=219211"},"modified":"2016-03-01T22:14:29","modified_gmt":"2016-03-01T22:14:29","slug":"inauguran-ventanilla-expres-de-la-jurisdiccion-inmobiliaria","status":"publish","type":"post","link":"https:\/\/diariodominicano.com\/?p=219211","title":{"rendered":"Inauguran ventanilla Expr\u00e9s de la Jurisdicci\u00f3n Inmobiliaria"},"content":{"rendered":"<p><body><\/p>\n<p><img decoding=\"async\" src=\"img3\/DSC_3336 (1).jpg\" \/><br \/><img decoding=\"async\" src=\"img3\/DSC_3265.jpg\" \/>  <\/p>\n<p><span class=\"text1noticias\">Santo Domingo, R. D., 1 de marzo.- El presidente de la Suprema Corte de Justicia (SCJ) y del Consejo del Poder Judicial (CPJ), doctor Mariano Germ\u00e1n Mej\u00eda, inaugur\u00f3 este martes la \u00abVentanilla Expr\u00e9s\u00bb de la Jurisdicci\u00f3n Inmobiliaria, una oficina que se encargar\u00e1 del tr\u00e1mite r\u00e1pido de los procedimientos inmobiliarios a que se acojan los usuarios del sistema.<\/span><\/p>\n<p><span class=\"text1noticias\"> <\/span><\/p>\n<p><span class=\"text1noticias\">Al pronunciar el discurso inaugural, con la presencia de funcionarios judiciales y representantes de asociaciones empresariales del pa\u00eds, el magistrado afirm\u00f3 que el Poder Judicial est\u00e1 inmerso en realizar grandes transformaciones en la Jurisdicci\u00f3n Inmobiliaria.<\/span><\/p>\n<p><span class=\"text1noticias\"> <\/span><\/p>\n<p><span class=\"text1noticias\">\u00abEsta ventanilla tendr\u00e1 como objetivo lograr que los servicios que se ofrecen tengan un flujo que se corresponda con la demanda y expectativa de agilidad, siempre que la documentaci\u00f3n aportada cumpla con las normas previamente establecidas\u00bb, expuso.<\/span><\/p>\n<p><span class=\"text1noticias\"> <\/span><\/p>\n<p><span class=\"text1noticias\">Explic\u00f3 que en una primera fase, la ventanilla estar\u00e1 disponible para recepci\u00f3n y entrega de documentos, en horario de  7:30 a.m. a 6:00 p.m. en la sede central, para los usuarios que generaren 20 resultantes o m\u00e1s, y que de manera voluntaria deseen utilizar el servicio mediante el pago de la tasa establecida para ello.<\/span><\/p>\n<p><span class=\"text1noticias\"> <\/span><\/p>\n<p><span class=\"text1noticias\">Germ\u00e1n Mej\u00eda manifest\u00f3 que esta recepci\u00f3n, aunque en horario regular, tambi\u00e9n estar\u00e1 disponible en las dem\u00e1s Direcciones Regionales de Mensuras Catastrales.<\/span><\/p>\n<p><span class=\"text1noticias\"> <\/span><\/p>\n<p><span class=\"text1noticias\">Indic\u00f3 que una segunda fase se iniciar\u00e1 en abril y consistir\u00e1 en la habilitaci\u00f3n de una plataforma virtual a trav\u00e9s de la p\u00e1gina web de la Jurisdicci\u00f3n Inmobiliaria que permitir\u00e1 a los usuarios presentar los expedientes en formato digital, para ofrecerles una revisi\u00f3n integral previa antes del dep\u00f3sito f\u00edsico de los mismos, con la finalidad de optimizar la calidad de los trabajos presentados y a su vez agilizar los procesos.<\/span><\/p>\n<p><span class=\"text1noticias\"> <\/span><\/p>\n<p><span class=\"text1noticias\">\u00abLos usuarios son fundamentales para el correcto funcionamiento del proyecto, y en la medida en que sus expedientes sean presentados correctamente, en esa misma medida podremos darles respuestas en tiempo eficaz y oportuno\u00bb, agreg\u00f3.<\/span><\/p>\n<p><span class=\"text1noticias\"> <\/span><\/p>\n<p><span class=\"text1noticias\">Germ\u00e1n Mej\u00eda dijo que la Ventanilla dispondr\u00e1 de un gestor administrativo, quien ser\u00e1 responsable de dar seguimiento a los expedientes sometidos y proveerles la informaci\u00f3n del discurrir de su proceso hasta la finalizaci\u00f3n del mismo.<\/span><\/p>\n<p><span class=\"text1noticias\"> <\/span><\/p>\n<p><span class=\"text1noticias\">Sostuvo que la nueva oficina ser\u00e1 una expresi\u00f3n no s\u00f3lo de esa modalidad de servicios, sino tambi\u00e9n de un irrestricto apego de los actos de los m\u00e1s genuinos intereses de la sociedad dominicana.<\/span><\/p>\n<p><span class=\"text1noticias\"> <\/span><\/p>\n<p><span class=\"text1noticias\">\u00abSeguiremos hacia adelante. Nada ni nadie nos detendr\u00e1. La sociedad dominicana camina hacia la institucionalidad y \u00e9sta tiene que expresarse en servicios de calidad\u00bb, enfatiz\u00f3 el magistrado.<\/span><\/p>\n<p><span class=\"text1noticias\"> <\/span><\/p>\n<p><span class=\"text1noticias\">Las palabras de bienvenida fueron pronunciadas por la Administradora General de la Jurisdicci\u00f3n Inmobiliaria (JI), licenciada Mariloy D\u00edaz, quien destac\u00f3 que el presidente del CPJ y  el organismo que dirige est\u00e1n comprometidos con la mejora y eficiencia de los servicios que se ofrecen.<\/span><\/p>\n<p><span class=\"text1noticias\"> <\/span><\/p>\n<p><span class=\"text1noticias\">\u00abPor ello, estamos trabajando de manera continua sin descanso, planificando y desarrollando sistemas y herramientas que faciliten el acceso a los usuarios, y que adem\u00e1s sean servicios ofrecidos con calidad asegurando respuesta en tiempo oportuno\u00bb, agreg\u00f3.<\/span><\/p>\n<p><span class=\"text1noticias\"> <\/span><\/p>\n<p><span class=\"text1noticias\">Asegur\u00f3 que la Ventanilla Expr\u00e9s impactar\u00e1 directamente en los servicios ofrecidos por la Direcci\u00f3n Nacional de Mensuras Catastrales, porque permitir\u00e1 responderles a los usuarios en un tiempo oportuno, realizando una observaci\u00f3n integral previo al dep\u00f3sito en f\u00edsico de su expediente, lo cual se traducir\u00e1 en un importante ahorro de tiempo y traslados.<\/span><\/p>\n<p><span class=\"text1noticias\"> <\/span><\/p>\n<p><span class=\"text1noticias\">En la ceremonia estuvieron presentes el magistrado  Justiniano Montero, Director General de Carrera Judicial, el agrimensor Andr\u00e9s del Rosario, Director Nacional de Mensura, la doctora  Rosabel Castillo, Directora Nacional de Registro de T\u00edtulos, representantes del sector de la construcci\u00f3n, de los gremios que agrupan a los profesionales de la Agrimensura, de la  Asociaci\u00f3n de Banco Comerciales del pa\u00eds, agrupaciones fiduciarias, entre otras personalidades<\/span>.<\/p>\n<h6> 2016-03-01 22:14:29 <\/h6>\n<p><!--\n<link rel=\"stylesheet\" href=\"css\/bootstrap.min.css\">\n\n\n<ul class=\"pagination\">\n\t    \n\t\n\n<li >\n\t<a href='?page_no=13555'>Previous<\/a>\n\t<\/li>\n\n\n       \n    \n\n<li><a href='?page_no=1'>1<\/a><\/li>\n\n\n\n<li><a href='?page_no=2'>2<\/a><\/li>\n\n\n\n<li><a>...<\/a><\/li>\n\n\n\n<li><a href='?page_no=13554'>13554<\/a><\/li>\n\n\n\n<li><a href='?page_no=13555'>13555<\/a><\/li>\n\n\n\n<li class='active'><a>13556<\/a><\/li>\n\n\n\n<li><a href='?page_no=13557'>13557<\/a><\/li>\n\n\n\n<li><a href='?page_no=13558'>13558<\/a><\/li>\n\n\n\n<li><a>...<\/a><\/li>\n\n\n\n<li><a href='?page_no=56169'>56169<\/a><\/li>\n\n\n\n<li><a href='?page_no=56170'>56170<\/a><\/li>\n\n    \n\t\n\n<li >\n\t<a href='?page_no=13557'>Next<\/a>\n\t<\/li>\n\n\n    \n\n<li><a href='?page_no=56170'>Last &rsaquo;&rsaquo;<\/a><\/li>\n\n<\/ul>\n\n\n--><br \/>\n<\/body><\/p>\n","protected":false},"excerpt":{"rendered":"<p>Santo Domingo, R. D., 1 de marzo.- El presidente de la Suprema Corte de Justicia (SCJ) y del Consejo del Poder Judicial (CPJ), doctor Mariano Germ\u00e1n Mej\u00eda, inaugur\u00f3 este martes la \u00abVentanilla Expr\u00e9s\u00bb de la Jurisdicci\u00f3n Inmobiliaria, una oficina que se encargar\u00e1 del tr\u00e1mite r\u00e1pido de los procedimientos inmobiliarios a que se acojan los usuarios [&hellip;]<\/p>\n","protected":false},"author":3,"featured_media":0,"comment_status":"open","ping_status":"open","sticky":false,"template":"","format":"standard","meta":{"footnotes":""},"categories":[20],"tags":[],"class_list":["post-219211","post","type-post","status-publish","format-standard","hentry","category-dominicana-hoy"],"_links":{"self":[{"href":"https:\/\/diariodominicano.com\/index.php?rest_route=\/wp\/v2\/posts\/219211","targetHints":{"allow":["GET"]}}],"collection":[{"href":"https:\/\/diariodominicano.com\/index.php?rest_route=\/wp\/v2\/posts"}],"about":[{"href":"https:\/\/diariodominicano.com\/index.php?rest_route=\/wp\/v2\/types\/post"}],"author":[{"embeddable":true,"href":"https:\/\/diariodominicano.com\/index.php?rest_route=\/wp\/v2\/users\/3"}],"replies":[{"embeddable":true,"href":"https:\/\/diariodominicano.com\/index.php?rest_route=%2Fwp%2Fv2%2Fcomments&post=219211"}],"version-history":[{"count":0,"href":"https:\/\/diariodominicano.com\/index.php?rest_route=\/wp\/v2\/posts\/219211\/revisions"}],"wp:attachment":[{"href":"https:\/\/diariodominicano.com\/index.php?rest_route=%2Fwp%2Fv2%2Fmedia&parent=219211"}],"wp:term":[{"taxonomy":"category","embeddable":true,"href":"https:\/\/diariodominicano.com\/index.php?rest_route=%2Fwp%2Fv2%2Fcategories&post=219211"},{"taxonomy":"post_tag","embeddable":true,"href":"https:\/\/diariodominicano.com\/index.php?rest_route=%2Fwp%2Fv2%2Ftags&post=219211"}],"curies":[{"name":"wp","href":"https:\/\/api.w.org\/{rel}","templated":true}]}}