{"id":219209,"date":"2016-03-02T08:22:39","date_gmt":"2016-03-02T08:22:39","guid":{"rendered":"http:\/\/diariodominicano.ddns.net\/?p=219209"},"modified":"2016-03-02T08:22:39","modified_gmt":"2016-03-02T08:22:39","slug":"fundacion-dominicana-de-cardiologia-reconoce-doctores-cruz-jiminian-y-pichardo-estevez","status":"publish","type":"post","link":"https:\/\/diariodominicano.com\/?p=219209","title":{"rendered":"Fundaci\u00f3n Dominicana de Cardiolog\u00eda reconoce doctores Cruz Jimini\u00e1n y Pichardo Est\u00e9vez&#13;"},"content":{"rendered":"<p><body><\/p>\n<p><img decoding=\"async\" src=\"img3\/reco 2.jpg\" \/>  <\/p>\n<p>Santo Domingo RD 2 marzo .- La Fundaci\u00f3n Dominicana de Cardiolog\u00eda (FDC) entreg\u00f3 pergaminos de reconocimiento por su contribuci\u00f3n a la salud a los doctores F\u00e9lix Cruz Jimini\u00e1n y Rafael Pichardo Est\u00e9vez  en la cena anual de recolecci\u00f3n de fondos para el Instituto Dominicano de Cardiolog\u00eda  (IDC) en el hotel El Embajador.<\/p>\n<\/p>\n<p>La directiva de la FDC, presidida por el doctor Danilo N\u00fa\u00f1ez, tom\u00f3 en consideraci\u00f3n los servicios que durante largo tiempo han brindado a los sectores m\u00e1s empobrecidos de la comunidad los doctores Cruz Jimini\u00e1n y Pichardo Est\u00e9vez, el primero desde su cl\u00ednica en la parte alta de la capital y el segundo durante los 42 a\u00f1os que dedic\u00f3 al IDC.<\/p>\n<\/p>\n<p>En la actividad, a la asistieron decenas de personas, se ley\u00f3 la biograf\u00eda in extenso de Cruz Jimini\u00e1n, resalt\u00e1ndose  sus or\u00edgenes humildes, su vocaci\u00f3n para los estudios de medicina y sobre todo sus comienzos en un consultorio peque\u00f1o que construy\u00f3 con sus manos hasta llegar a la cl\u00ednica modesta pero extensa y equipada para casi todas las especialidades, donde brinda su labor social como el \u00abm\u00e9dico de los pobres\u00bb, como le llama cari\u00f1osamente la gente del pueblo.<\/p>\n<\/p>\n<p>Pichardo Est\u00e9vez labor\u00f3 en el IDC desde 1970, cuando funcionaba en el hospital Francisco Moscoso Puello tras ser fundado por los doctores Guarocuya Batista del Villar. H\u00e9ctor Mateo y Angel Chan Aquino,  hasta 2012. Desde 1985 el instituto opera en su propio local en el sector capitale\u00f1o de Los R\u00edos.<\/p>\n<\/p>\n<p>En ese centro Pichardo Est\u00e9vez  complet\u00f3 la formaci\u00f3n como cardi\u00f3logo que hab\u00eda logrado en Praga y desempe\u00f1\u00f3 varias posiciones, entre ellas subdirector, director en funciones y director m\u00e9dico.<\/p>\n<\/p>\n<p>El doctor N\u00fa\u00f1ez, presidente actual de la Fundaci\u00f3n Dominicana de Cardiolog\u00eda, destac\u00f3 que este profesional co-lider\u00f3 un proceso de desarrollo y consolidaci\u00f3n del IDC desde una  instituci\u00f3n terciaria  hasta llegar a ser un hospital moderno con todas las instalaciones b\u00e1sicas para asistencia cl\u00ednica cardiol\u00f3gica y con  una escuela de posgrado en Cardiolog\u00eda que ha graduado m\u00e1s de 150 especialistas.<\/p>\n<\/p>\n<p>El doctor  N\u00fa\u00f1ez plante\u00f3 la \u00abdedicaci\u00f3n a tiempo completo del doctor Pichardo Est\u00e9vez,  su desprendimiento y sensibilidad social y su labor tesonera con liderazgo pleno, haciendo posible que conjuntamente con su equipo m\u00e9dico y desde luego el doctor H\u00e9ctor Mateo desde la Fundaci\u00f3n Dominicana de Cardiolog\u00eda, pudiesen juntos  llevar el Instituto al sitial que se encuentra en estos momentos\u00bb.<\/p>\n<h6> 2016-03-02 08:22:39 <\/h6>\n<p><!--\n<link rel=\"stylesheet\" href=\"css\/bootstrap.min.css\">\n\n\n<ul class=\"pagination\">\n\t    \n\t\n\n<li >\n\t<a href='?page_no=13553'>Previous<\/a>\n\t<\/li>\n\n\n       \n    \n\n<li><a href='?page_no=1'>1<\/a><\/li>\n\n\n\n<li><a href='?page_no=2'>2<\/a><\/li>\n\n\n\n<li><a>...<\/a><\/li>\n\n\n\n<li><a href='?page_no=13552'>13552<\/a><\/li>\n\n\n\n<li><a href='?page_no=13553'>13553<\/a><\/li>\n\n\n\n<li class='active'><a>13554<\/a><\/li>\n\n\n\n<li><a href='?page_no=13555'>13555<\/a><\/li>\n\n\n\n<li><a href='?page_no=13556'>13556<\/a><\/li>\n\n\n\n<li><a>...<\/a><\/li>\n\n\n\n<li><a href='?page_no=56169'>56169<\/a><\/li>\n\n\n\n<li><a href='?page_no=56170'>56170<\/a><\/li>\n\n    \n\t\n\n<li >\n\t<a href='?page_no=13555'>Next<\/a>\n\t<\/li>\n\n\n    \n\n<li><a href='?page_no=56170'>Last &rsaquo;&rsaquo;<\/a><\/li>\n\n<\/ul>\n\n\n--><br \/>\n<\/body><\/p>\n","protected":false},"excerpt":{"rendered":"<p>Santo Domingo RD 2 marzo .- La Fundaci\u00f3n Dominicana de Cardiolog\u00eda (FDC) entreg\u00f3 pergaminos de reconocimiento por su contribuci\u00f3n a la salud a los doctores F\u00e9lix Cruz Jimini\u00e1n y Rafael Pichardo Est\u00e9vez en la cena anual de recolecci\u00f3n de fondos para el Instituto Dominicano de Cardiolog\u00eda (IDC) en el hotel El Embajador. La directiva de [&hellip;]<\/p>\n","protected":false},"author":3,"featured_media":0,"comment_status":"open","ping_status":"open","sticky":false,"template":"","format":"standard","meta":{"footnotes":""},"categories":[20],"tags":[],"class_list":["post-219209","post","type-post","status-publish","format-standard","hentry","category-dominicana-hoy"],"_links":{"self":[{"href":"https:\/\/diariodominicano.com\/index.php?rest_route=\/wp\/v2\/posts\/219209","targetHints":{"allow":["GET"]}}],"collection":[{"href":"https:\/\/diariodominicano.com\/index.php?rest_route=\/wp\/v2\/posts"}],"about":[{"href":"https:\/\/diariodominicano.com\/index.php?rest_route=\/wp\/v2\/types\/post"}],"author":[{"embeddable":true,"href":"https:\/\/diariodominicano.com\/index.php?rest_route=\/wp\/v2\/users\/3"}],"replies":[{"embeddable":true,"href":"https:\/\/diariodominicano.com\/index.php?rest_route=%2Fwp%2Fv2%2Fcomments&post=219209"}],"version-history":[{"count":0,"href":"https:\/\/diariodominicano.com\/index.php?rest_route=\/wp\/v2\/posts\/219209\/revisions"}],"wp:attachment":[{"href":"https:\/\/diariodominicano.com\/index.php?rest_route=%2Fwp%2Fv2%2Fmedia&parent=219209"}],"wp:term":[{"taxonomy":"category","embeddable":true,"href":"https:\/\/diariodominicano.com\/index.php?rest_route=%2Fwp%2Fv2%2Fcategories&post=219209"},{"taxonomy":"post_tag","embeddable":true,"href":"https:\/\/diariodominicano.com\/index.php?rest_route=%2Fwp%2Fv2%2Ftags&post=219209"}],"curies":[{"name":"wp","href":"https:\/\/api.w.org\/{rel}","templated":true}]}}