{"id":219208,"date":"2016-03-02T09:22:54","date_gmt":"2016-03-02T09:22:54","guid":{"rendered":"http:\/\/diariodominicano.ddns.net\/?p=219208"},"modified":"2016-03-02T09:22:54","modified_gmt":"2016-03-02T09:22:54","slug":"trabajo-informa-entrada-en-vigencia-del-convenio-183-de-proteccion-de-la-maternidad","status":"publish","type":"post","link":"https:\/\/diariodominicano.com\/?p=219208","title":{"rendered":"Trabajo informa entrada en vigencia del Convenio 183 de Protecci\u00f3n de la Maternidad"},"content":{"rendered":"<p><body><\/p>\n<p><img decoding=\"async\" src=\"img3\/traba 1.jpg\" \/>  <\/p>\n<p>Santo Domingo RD 2 marzo.- La ministra de Trabajo, Maritza Hern\u00e1ndez inform\u00f3 que a partir del 9 de febrero del 2017 entrar\u00e1 en vigencia el Convenio 183 sobre la Protecci\u00f3n de la Maternidad de la Organizaci\u00f3n Internacional de Trabajo (OIT), el cual dispondr\u00e1 un aumento de dos semanas de licencia de maternidad.<\/p>\n<\/p>\n<p>\u00abYa hay una decisi\u00f3n relativa a aumentar de 12 a 14 semanas (la licencia materna) porque los convenios internacionales est\u00e1n en el mismo nivel que la Constituci\u00f3n de los pa\u00edses signatarios\u00bb, dijo la funcionaria al ser entrevistada por un medio local.<\/p>\n<\/p>\n<p>Hern\u00e1ndez aclar\u00f3 que no ser\u00e1 necesario esperar que un nuevo C\u00f3digo Laboral entre en vigencia e incluya este mandato para que la Rep\u00fablica Dominicana lo cumpla.<\/p>\n<\/p>\n<p>De acuerdo a informaciones publicadas en ese medio de circulaci\u00f3n nacional, en octubre del 2013 se cre\u00f3 una comisi\u00f3n tripartita para la reforma del C\u00f3digo Laboral, conformada por representantes del Gobierno y los sectores laboral y empresarial. Fue m\u00e1s o menos en ese tiempo cuando el Ministerio de Trabajo entreg\u00f3 a esta comisi\u00f3n los vac\u00edos legales que tiene el C\u00f3digo Laboral dominicano.<\/p>\n<\/p>\n<h6> 2016-03-02 09:22:54 <\/h6>\n<p><!--\n<link rel=\"stylesheet\" href=\"css\/bootstrap.min.css\">\n\n\n<ul class=\"pagination\">\n\t    \n\t\n\n<li >\n\t<a href='?page_no=13552'>Previous<\/a>\n\t<\/li>\n\n\n       \n    \n\n<li><a href='?page_no=1'>1<\/a><\/li>\n\n\n\n<li><a href='?page_no=2'>2<\/a><\/li>\n\n\n\n<li><a>...<\/a><\/li>\n\n\n\n<li><a href='?page_no=13551'>13551<\/a><\/li>\n\n\n\n<li><a href='?page_no=13552'>13552<\/a><\/li>\n\n\n\n<li class='active'><a>13553<\/a><\/li>\n\n\n\n<li><a href='?page_no=13554'>13554<\/a><\/li>\n\n\n\n<li><a href='?page_no=13555'>13555<\/a><\/li>\n\n\n\n<li><a>...<\/a><\/li>\n\n\n\n<li><a href='?page_no=56169'>56169<\/a><\/li>\n\n\n\n<li><a href='?page_no=56170'>56170<\/a><\/li>\n\n    \n\t\n\n<li >\n\t<a href='?page_no=13554'>Next<\/a>\n\t<\/li>\n\n\n    \n\n<li><a href='?page_no=56170'>Last &rsaquo;&rsaquo;<\/a><\/li>\n\n<\/ul>\n\n\n--><br \/>\n<\/body><\/p>\n","protected":false},"excerpt":{"rendered":"<p>Santo Domingo RD 2 marzo.- La ministra de Trabajo, Maritza Hern\u00e1ndez inform\u00f3 que a partir del 9 de febrero del 2017 entrar\u00e1 en vigencia el Convenio 183 sobre la Protecci\u00f3n de la Maternidad de la Organizaci\u00f3n Internacional de Trabajo (OIT), el cual dispondr\u00e1 un aumento de dos semanas de licencia de maternidad. \u00abYa hay una [&hellip;]<\/p>\n","protected":false},"author":3,"featured_media":0,"comment_status":"open","ping_status":"open","sticky":false,"template":"","format":"standard","meta":{"footnotes":""},"categories":[20],"tags":[],"class_list":["post-219208","post","type-post","status-publish","format-standard","hentry","category-dominicana-hoy"],"_links":{"self":[{"href":"https:\/\/diariodominicano.com\/index.php?rest_route=\/wp\/v2\/posts\/219208","targetHints":{"allow":["GET"]}}],"collection":[{"href":"https:\/\/diariodominicano.com\/index.php?rest_route=\/wp\/v2\/posts"}],"about":[{"href":"https:\/\/diariodominicano.com\/index.php?rest_route=\/wp\/v2\/types\/post"}],"author":[{"embeddable":true,"href":"https:\/\/diariodominicano.com\/index.php?rest_route=\/wp\/v2\/users\/3"}],"replies":[{"embeddable":true,"href":"https:\/\/diariodominicano.com\/index.php?rest_route=%2Fwp%2Fv2%2Fcomments&post=219208"}],"version-history":[{"count":0,"href":"https:\/\/diariodominicano.com\/index.php?rest_route=\/wp\/v2\/posts\/219208\/revisions"}],"wp:attachment":[{"href":"https:\/\/diariodominicano.com\/index.php?rest_route=%2Fwp%2Fv2%2Fmedia&parent=219208"}],"wp:term":[{"taxonomy":"category","embeddable":true,"href":"https:\/\/diariodominicano.com\/index.php?rest_route=%2Fwp%2Fv2%2Fcategories&post=219208"},{"taxonomy":"post_tag","embeddable":true,"href":"https:\/\/diariodominicano.com\/index.php?rest_route=%2Fwp%2Fv2%2Ftags&post=219208"}],"curies":[{"name":"wp","href":"https:\/\/api.w.org\/{rel}","templated":true}]}}