{"id":219207,"date":"2016-03-02T10:10:13","date_gmt":"2016-03-02T10:10:13","guid":{"rendered":"http:\/\/diariodominicano.ddns.net\/?p=219207"},"modified":"2016-03-02T10:10:13","modified_gmt":"2016-03-02T10:10:13","slug":"fao-y-fida-elaboran-perfil-de-empleo-de-la-juventud-rural","status":"publish","type":"post","link":"https:\/\/diariodominicano.com\/?p=219207","title":{"rendered":"FAO y FIDA elaboran perfil de empleo de la juventud rural"},"content":{"rendered":"<p><body><\/p>\n<p><img decoding=\"async\" src=\"img3\/estu 5.jpg\" \/><br \/><img decoding=\"async\" src=\"img3\/estu 3.jpg\" \/>  <\/p>\n<p>Santo Domingo, RD  2 de marzo.- Organismos internacionales trabajan en la definici\u00f3n de un perfil sobre la situaci\u00f3n de la juventud rural y sus oportunidades de empleo en la Rep\u00fablica Dominicana, con el objetivo de encaminar acciones para la generaci\u00f3n de empleo y reducci\u00f3n de la pobreza en las comunidades rurales.<\/p>\n<\/p>\n<p>Este diagn\u00f3stico servir\u00e1 de base para encaminar las acciones que desarrollan la FAO y el FIDA a trav\u00e9s del proyecto \u00abFortalecimiento del empleo rural decente para mujeres y hombres j\u00f3venes en el Caribe\u00bb, que se ejecuta en la Rep\u00fablica Dominicana y otros 8 pa\u00edses de la regi\u00f3n.<\/p>\n<\/p>\n<p>Para elaborar este perfil se realiz\u00f3 un taller nacional en el que participaron 37 j\u00f3venes l\u00edderes provenientes de organizaciones sociales de 26 provincias del pa\u00eds. \u00abEste taller permitir\u00e1 construir un perfil nacional sobre la situaci\u00f3n de los j\u00f3venes rurales y sus demandas en relaci\u00f3n al empleo, recogidas de primera mano\u00bb, revel\u00f3 Alda  Berardinelli, de la Corporaci\u00f3n Regional PROCASUR, organizaci\u00f3n que tiene a su cargo la preparaci\u00f3n de los talleres.<\/p>\n<\/p>\n<p>Adem\u00e1s del testimonio de los j\u00f3venes, se est\u00e1n revisando estad\u00edsticas y documentos nacionales que faciliten la construcci\u00f3n de un perfil sobre la situaci\u00f3n de este segmento poblacional que muestra unas de las tasas de desempleo m\u00e1s altas del mundo.<\/p>\n<\/p>\n<p>Carmelo Gallardo, Representante de la FAO en la Rep\u00fablica Dominicana, destac\u00f3 la importancia de tomar en cuenta las propuestas de los j\u00f3venes para que la FAO pueda asesorar sobre las pol\u00edticas p\u00fablicas a nivel de pa\u00eds en el marco de las prioridades regionales y globales en materia de generaci\u00f3n de empleo y reducci\u00f3n de la pobreza.<\/p>\n<\/p>\n<p>La actividad, fue organizada en coordinaci\u00f3n con el Ministerio de Agricultura y otras instituciones del estado y  de la sociedad civil que trabajan el tema de la juventud a nivel nacional, fue conducida adem\u00e1s por Alda Berardinelli y Fanny Beltr\u00e9 de Procasur,  Damaris Alc\u00e1ntara, del Ministerio de Agricultura y Daniel Jean, coordinador binacional de la FAO para el indicado proyecto.<\/p>\n<\/p>\n<p>El programa \u00abFortalecimiento de las oportunidades de empleo rural decente para las y los j\u00f3venes del Caribe\u00bb se lleva a cabo en coordinaci\u00f3n con gobiernos y otros socios clave de seis pa\u00edses caribe\u00f1os: Belice, Cuba, Rep\u00fablica Dominicana, Granada, Guyana y Hait\u00ed. Otros pa\u00edses de la regi\u00f3n, entre ellos Barbados, Santa Luc\u00eda y San Vicente y las Granadinas, tambi\u00e9n se benefician de las actividades regionales del programa.<\/p>\n<\/p>\n<p>De acuerdo a la FAO, la juventud rural enfrenta muchos obst\u00e1culos al momento de intentar ganarse la vida y no percibe a la agricultura como una profesi\u00f3n lucrativa o prestigiosa, por lo cual invertir en los j\u00f3venes que viven en las \u00e1reas rurales es clave para mejorar la productividad agr\u00edcola, estimular las econom\u00edas rurales y garantizar la seguridad alimentaria.<\/p>\n<\/p>\n<h6> 2016-03-02 10:10:13 <\/h6>\n<p><!--\n<link rel=\"stylesheet\" href=\"css\/bootstrap.min.css\">\n\n\n<ul class=\"pagination\">\n\t    \n\t\n\n<li >\n\t<a href='?page_no=13551'>Previous<\/a>\n\t<\/li>\n\n\n       \n    \n\n<li><a href='?page_no=1'>1<\/a><\/li>\n\n\n\n<li><a href='?page_no=2'>2<\/a><\/li>\n\n\n\n<li><a>...<\/a><\/li>\n\n\n\n<li><a href='?page_no=13550'>13550<\/a><\/li>\n\n\n\n<li><a href='?page_no=13551'>13551<\/a><\/li>\n\n\n\n<li class='active'><a>13552<\/a><\/li>\n\n\n\n<li><a href='?page_no=13553'>13553<\/a><\/li>\n\n\n\n<li><a href='?page_no=13554'>13554<\/a><\/li>\n\n\n\n<li><a>...<\/a><\/li>\n\n\n\n<li><a href='?page_no=56169'>56169<\/a><\/li>\n\n\n\n<li><a href='?page_no=56170'>56170<\/a><\/li>\n\n    \n\t\n\n<li >\n\t<a href='?page_no=13553'>Next<\/a>\n\t<\/li>\n\n\n    \n\n<li><a href='?page_no=56170'>Last &rsaquo;&rsaquo;<\/a><\/li>\n\n<\/ul>\n\n\n--><br \/>\n<\/body><\/p>\n","protected":false},"excerpt":{"rendered":"<p>Santo Domingo, RD 2 de marzo.- Organismos internacionales trabajan en la definici\u00f3n de un perfil sobre la situaci\u00f3n de la juventud rural y sus oportunidades de empleo en la Rep\u00fablica Dominicana, con el objetivo de encaminar acciones para la generaci\u00f3n de empleo y reducci\u00f3n de la pobreza en las comunidades rurales. Este diagn\u00f3stico servir\u00e1 de [&hellip;]<\/p>\n","protected":false},"author":3,"featured_media":0,"comment_status":"open","ping_status":"open","sticky":false,"template":"","format":"standard","meta":{"footnotes":""},"categories":[20],"tags":[],"class_list":["post-219207","post","type-post","status-publish","format-standard","hentry","category-dominicana-hoy"],"_links":{"self":[{"href":"https:\/\/diariodominicano.com\/index.php?rest_route=\/wp\/v2\/posts\/219207","targetHints":{"allow":["GET"]}}],"collection":[{"href":"https:\/\/diariodominicano.com\/index.php?rest_route=\/wp\/v2\/posts"}],"about":[{"href":"https:\/\/diariodominicano.com\/index.php?rest_route=\/wp\/v2\/types\/post"}],"author":[{"embeddable":true,"href":"https:\/\/diariodominicano.com\/index.php?rest_route=\/wp\/v2\/users\/3"}],"replies":[{"embeddable":true,"href":"https:\/\/diariodominicano.com\/index.php?rest_route=%2Fwp%2Fv2%2Fcomments&post=219207"}],"version-history":[{"count":0,"href":"https:\/\/diariodominicano.com\/index.php?rest_route=\/wp\/v2\/posts\/219207\/revisions"}],"wp:attachment":[{"href":"https:\/\/diariodominicano.com\/index.php?rest_route=%2Fwp%2Fv2%2Fmedia&parent=219207"}],"wp:term":[{"taxonomy":"category","embeddable":true,"href":"https:\/\/diariodominicano.com\/index.php?rest_route=%2Fwp%2Fv2%2Fcategories&post=219207"},{"taxonomy":"post_tag","embeddable":true,"href":"https:\/\/diariodominicano.com\/index.php?rest_route=%2Fwp%2Fv2%2Ftags&post=219207"}],"curies":[{"name":"wp","href":"https:\/\/api.w.org\/{rel}","templated":true}]}}