{"id":219206,"date":"2016-03-02T10:14:16","date_gmt":"2016-03-02T10:14:16","guid":{"rendered":"http:\/\/diariodominicano.ddns.net\/?p=219206"},"modified":"2016-03-02T10:14:16","modified_gmt":"2016-03-02T10:14:16","slug":"vicepresidenta-entrega-tres-centros-de-salud-en-bayaguana","status":"publish","type":"post","link":"https:\/\/diariodominicano.com\/?p=219206","title":{"rendered":"Vicepresidenta entrega tres centros de salud en Bayaguana"},"content":{"rendered":"<p><body><\/p>\n<p><img decoding=\"async\" src=\"img3\/vice 1.jpg\" \/><br \/><img decoding=\"async\" src=\"img3\/vice 2.jpg\" \/>  <\/p>\n<p>Monte Plata, RD 2 de marzo de 2016.- Los residentes de las secciones La Reforma de Dajao, Sierra de Agua y Mata Santiago ya no tendr\u00e1n que salir de sus comunidades para acceder a servicios m\u00e9dicos de calidad con la inauguraci\u00f3n en cada uno de esos lugares de Centros de Primer Nivel de Atenci\u00f3n en Salud (CPN) por parte de la vicepresidenta de la Rep\u00fablica, doctora Margarita Cede\u00f1o.<\/p>\n<\/p>\n<p>Con estos CPN, que beneficiar\u00e1n a 15 mil personas, ya son nueve los que la doctora Margarita Cede\u00f1o entrega en las \u00faltimas tres semanas, para beneficiar a 55 mil personas. Los dem\u00e1s CPN se encuentran en Santo Domingo Este y Yamas\u00e1.<\/p>\n<\/p>\n<p>Desde estos centros se brindar\u00e1 un conjunto de servicios contenidos en el Plan B\u00e1sico de Salud dirigidos a la disminuci\u00f3n de la mortalidad materna-infantil, la colocaci\u00f3n de inmunizaciones seg\u00fan el esquema nacional de vacunaci\u00f3n, detecci\u00f3n oportuna de casos de c\u00e1ncer de mama, c\u00e9rvico-uterino y pr\u00f3stata; mejorar la salud mental y la atenci\u00f3n de problemas relativos a la nutrici\u00f3n, entre otros servicios de gran importancia para la poblaci\u00f3n.<\/p>\n<\/p>\n<p>Estas acciones son vitales para lograr una cobertura universal de salud, facilitar medicamentos y vacunas seguras y eficaces para todos los ciudadanos, de acuerdo con la Vicemandataria.<\/p>\n<\/p>\n<p>La inauguraci\u00f3n simult\u00e1nea de los CPN durante un acto realizado en el nuevo centro de salud de La Reforma de Dajao acerca m\u00e1s a la meta del Gobierno de reducir la brecha existente entre la oferta y la demanda de servicios de salud, incrementando tambi\u00e9n su calidad, puesto que los CPN est\u00e1n habilitados seg\u00fan las normativa de la Direcci\u00f3n Nacional de Habilitaci\u00f3n del Ministerio de <\/p>\n<p>Salud P\u00fablica y dotados de todos los equipos requeridos.<\/p>\n<\/p>\n<p>\u00abEn Monte Plata podemos decir que estamos cerrando la brecha del Primer Nivel de atenci\u00f3n gracias al Gabinete Social y a la Vicepresidenta de la Rep\u00fablica. Nadie tendr\u00e1 que salir de Monte Plata a resolver un problema de salud en un tercer nivel de atenci\u00f3n\u00bb, indic\u00f3 el doctor F\u00e9lix Hern\u00e1ndez, director del Servicio Regional Metropolitano de Salud al participar en el acto.<\/p>\n<\/p>\n<p>Estos CPN son parte de los 42 que construye el Gabinete de Coordinaci\u00f3n de Pol\u00edticas Sociales con el apoyo del Banco Interamericano de Desarrollo (BID) y como parte del apoyo que brinda el Gabinete al Ministerio de Salud P\u00fablica en beneficio de la salud de la poblaci\u00f3n en general, y en particular de las familias pertenecientes al programa Progresando con Solidaridad (Prosoli).<\/p>\n<\/p>\n<p>La incorporaci\u00f3n de estos centros responde tambi\u00e9n a las acciones gubernamentales que buscan que el Primer Nivel de Atenci\u00f3n se constituya en la puerta de entrada al Sistema Nacional de Salud.<\/p>\n<\/p>\n<p>El BID destac\u00f3 recientemente que la entrada de estos 42 CPN y la readecuaci\u00f3n de otros 112 es una muestra concreta de la preocupaci\u00f3n que tiene el pa\u00eds de brindar mejores servicios de salud, m\u00e1s cercanos a su poblaci\u00f3n y alineados estrictamente a los objetivos establecidos por todo el sistema de salud.<\/p>\n<\/p>\n<p>La entidad internacional tambi\u00e9n reconoci\u00f3 que la colaboraci\u00f3n entre la Vicepresidencia y el Ministerio de Salud ha logrado la expansi\u00f3n de los servicios de atenci\u00f3n primaria.<\/p>\n<\/p>\n<p>El Gabinete Social dot\u00f3 a estos centros de computadores que disponen de un sistema de gesti\u00f3n cl\u00ednica en el que se registra el record de los pacientes para que est\u00e9 disponible en cualquier centro de salud en el cual se atienda y de una aplicaci\u00f3n para el registro de la administraci\u00f3n de las vacunas suministradas a la poblaci\u00f3n.<\/p>\n<\/p>\n<p>Los dem\u00e1s CPN inaugurados por la Vicemandataria est\u00e1n ubicados en San Luis, El Naranjo y Estancia Nueva, en Santo Domingo Este, as\u00ed como en el paraje La Cuaba y en los sectores Chacaro y San Antonio, de Yamas\u00e1.<\/p>\n<\/p>\n<p>La construcci\u00f3n y readecuaci\u00f3n de estos centros est\u00e1n amparados en un acuerdo de colaboraci\u00f3n que rubricaron el Gabinete Social y el Ministerio de Salud P\u00fablica en el a\u00f1o 2013, el cual tiene como objetivo mejorar la calidad de los servicios ofrecidos en el primer nivel de atenci\u00f3n, articular acciones dirigidas a la promoci\u00f3n de la salud, prevenci\u00f3n de enfermedades y atenci\u00f3n m\u00e9dica oportuna y de calidad, especialmente a los grupos m\u00e1s vulnerables de la poblaci\u00f3n.<\/p>\n<\/p>\n<p>La vicepresidenta estuvo acompa\u00f1ada por el gobernador provincial, H\u00e9ctor Delgado; la Alcaldesa de Bayaguana, Amarilis Sosa; y Mar\u00eda Lugo, del Gabinete de Coordinaci\u00f3n de Pol\u00edticas Sociales.<\/p>\n<h6> 2016-03-02 10:14:16 <\/h6>\n<p><!--\n<link rel=\"stylesheet\" href=\"css\/bootstrap.min.css\">\n\n\n<ul class=\"pagination\">\n\t    \n\t\n\n<li >\n\t<a href='?page_no=13550'>Previous<\/a>\n\t<\/li>\n\n\n       \n    \n\n<li><a href='?page_no=1'>1<\/a><\/li>\n\n\n\n<li><a href='?page_no=2'>2<\/a><\/li>\n\n\n\n<li><a>...<\/a><\/li>\n\n\n\n<li><a href='?page_no=13549'>13549<\/a><\/li>\n\n\n\n<li><a href='?page_no=13550'>13550<\/a><\/li>\n\n\n\n<li class='active'><a>13551<\/a><\/li>\n\n\n\n<li><a href='?page_no=13552'>13552<\/a><\/li>\n\n\n\n<li><a href='?page_no=13553'>13553<\/a><\/li>\n\n\n\n<li><a>...<\/a><\/li>\n\n\n\n<li><a href='?page_no=56169'>56169<\/a><\/li>\n\n\n\n<li><a href='?page_no=56170'>56170<\/a><\/li>\n\n    \n\t\n\n<li >\n\t<a href='?page_no=13552'>Next<\/a>\n\t<\/li>\n\n\n    \n\n<li><a href='?page_no=56170'>Last &rsaquo;&rsaquo;<\/a><\/li>\n\n<\/ul>\n\n\n--><br \/>\n<\/body><\/p>\n","protected":false},"excerpt":{"rendered":"<p>Monte Plata, RD 2 de marzo de 2016.- Los residentes de las secciones La Reforma de Dajao, Sierra de Agua y Mata Santiago ya no tendr\u00e1n que salir de sus comunidades para acceder a servicios m\u00e9dicos de calidad con la inauguraci\u00f3n en cada uno de esos lugares de Centros de Primer Nivel de Atenci\u00f3n en [&hellip;]<\/p>\n","protected":false},"author":3,"featured_media":0,"comment_status":"open","ping_status":"open","sticky":false,"template":"","format":"standard","meta":{"footnotes":""},"categories":[20],"tags":[],"class_list":["post-219206","post","type-post","status-publish","format-standard","hentry","category-dominicana-hoy"],"_links":{"self":[{"href":"https:\/\/diariodominicano.com\/index.php?rest_route=\/wp\/v2\/posts\/219206","targetHints":{"allow":["GET"]}}],"collection":[{"href":"https:\/\/diariodominicano.com\/index.php?rest_route=\/wp\/v2\/posts"}],"about":[{"href":"https:\/\/diariodominicano.com\/index.php?rest_route=\/wp\/v2\/types\/post"}],"author":[{"embeddable":true,"href":"https:\/\/diariodominicano.com\/index.php?rest_route=\/wp\/v2\/users\/3"}],"replies":[{"embeddable":true,"href":"https:\/\/diariodominicano.com\/index.php?rest_route=%2Fwp%2Fv2%2Fcomments&post=219206"}],"version-history":[{"count":0,"href":"https:\/\/diariodominicano.com\/index.php?rest_route=\/wp\/v2\/posts\/219206\/revisions"}],"wp:attachment":[{"href":"https:\/\/diariodominicano.com\/index.php?rest_route=%2Fwp%2Fv2%2Fmedia&parent=219206"}],"wp:term":[{"taxonomy":"category","embeddable":true,"href":"https:\/\/diariodominicano.com\/index.php?rest_route=%2Fwp%2Fv2%2Fcategories&post=219206"},{"taxonomy":"post_tag","embeddable":true,"href":"https:\/\/diariodominicano.com\/index.php?rest_route=%2Fwp%2Fv2%2Ftags&post=219206"}],"curies":[{"name":"wp","href":"https:\/\/api.w.org\/{rel}","templated":true}]}}