{"id":219203,"date":"2016-03-02T11:32:35","date_gmt":"2016-03-02T11:32:35","guid":{"rendered":"http:\/\/diariodominicano.ddns.net\/?p=219203"},"modified":"2016-03-02T11:32:35","modified_gmt":"2016-03-02T11:32:35","slug":"estudiantes-se-interesan-por-hacer-pasantia-en-el-hospital-ney-arias-lora","status":"publish","type":"post","link":"https:\/\/diariodominicano.com\/?p=219203","title":{"rendered":"Estudiantes se  interesan por hacer pasant\u00eda en el Hospital Ney Arias Lora"},"content":{"rendered":"<p><body><\/p>\n<p><img decoding=\"async\" src=\"img3\/van 1.jpg\" \/>  <\/p>\n<p>Santo Domingo RD 2 marzo.-El Hospital Traumatol\u00f3gico Ney Arias Lora recibi\u00f3 un grupo de estudiantes del Centro Educativo Los Palmares, ubicado en Sabana Perdida, con el fin conocer las instalaciones y el funcionamiento de las distintas \u00e1reas del establecimiento de salud.<\/p>\n<\/p>\n<p>Los estudiantes mostraron inter\u00e9s de conocer las instituciones de la comunidad, debido a que el pr\u00f3ximo a\u00f1o tendr\u00e1n que solicitar autorizaci\u00f3n para realizar las 60 horas de labor social exigidas por el Ministerio de Educaci\u00f3n, as\u00ed como la pasant\u00eda para completar el bachiller de modalidad t\u00e9cnica.<\/p>\n<\/p>\n<p>El  Centro Educativo Los Palmares tiene un acuerdo de cooperaci\u00f3n con el centro de salud, en el cual sus estudiantes tienen la facilidad de poder completar el ciclo, realizando la pasant\u00eda en el mismo.<\/p>\n<\/p>\n<p>La instituci\u00f3n acad\u00e9mica imparte bachillerato en las \u00e1reas de Enfermer\u00eda, Mercadeo, Inform\u00e1tica y Turismo.<\/p>\n<\/p>\n<p>La doctora Ysabel Santana, directora general del Hospital Traumatol\u00f3gico Ney Arias Lora, agradeci\u00f3 la visita de los estudiantes y mostr\u00f3 su satisfacci\u00f3n por que se haya tomado en cuenta el establecimiento de salud para realizar sus labores educativas.<\/p>\n<\/p>\n<p>Explic\u00f3 que la instituci\u00f3n tiene las puertas abiertas para recibirlos y en disposici\u00f3n de ser el centro que les facilite las ense\u00f1anzas necesarias en el \u00e1rea de la salud y la gerencia.<\/p>\n<\/p>\n<p>El grupo de estudiantes fue guiado por Claribel Paniagua de la Subdirecci\u00f3n acad\u00e9mica del centro hospitalario.<\/p>\n<\/p>\n<p>El Hospital Ney Arias Lora recibir\u00e1 otro grupo de estudiantes del mismo centro en las pr\u00f3ximas semanas, los mismos fueron divididos por el gran n\u00famero interesados en participar de la visita.  Actualmente los estudiantes est\u00e1n cursando el segundo grado de bachiller.<\/p>\n<h6> 2016-03-02 11:32:35 <\/h6>\n<p><!--\n<link rel=\"stylesheet\" href=\"css\/bootstrap.min.css\">\n\n\n<ul class=\"pagination\">\n\t    \n\t\n\n<li >\n\t<a href='?page_no=13548'>Previous<\/a>\n\t<\/li>\n\n\n       \n    \n\n<li><a href='?page_no=1'>1<\/a><\/li>\n\n\n\n<li><a href='?page_no=2'>2<\/a><\/li>\n\n\n\n<li><a>...<\/a><\/li>\n\n\n\n<li><a href='?page_no=13547'>13547<\/a><\/li>\n\n\n\n<li><a href='?page_no=13548'>13548<\/a><\/li>\n\n\n\n<li class='active'><a>13549<\/a><\/li>\n\n\n\n<li><a href='?page_no=13550'>13550<\/a><\/li>\n\n\n\n<li><a href='?page_no=13551'>13551<\/a><\/li>\n\n\n\n<li><a>...<\/a><\/li>\n\n\n\n<li><a href='?page_no=56169'>56169<\/a><\/li>\n\n\n\n<li><a href='?page_no=56170'>56170<\/a><\/li>\n\n    \n\t\n\n<li >\n\t<a href='?page_no=13550'>Next<\/a>\n\t<\/li>\n\n\n    \n\n<li><a href='?page_no=56170'>Last &rsaquo;&rsaquo;<\/a><\/li>\n\n<\/ul>\n\n\n--><br \/>\n<\/body><\/p>\n","protected":false},"excerpt":{"rendered":"<p>Santo Domingo RD 2 marzo.-El Hospital Traumatol\u00f3gico Ney Arias Lora recibi\u00f3 un grupo de estudiantes del Centro Educativo Los Palmares, ubicado en Sabana Perdida, con el fin conocer las instalaciones y el funcionamiento de las distintas \u00e1reas del establecimiento de salud. Los estudiantes mostraron inter\u00e9s de conocer las instituciones de la comunidad, debido a que [&hellip;]<\/p>\n","protected":false},"author":3,"featured_media":0,"comment_status":"open","ping_status":"open","sticky":false,"template":"","format":"standard","meta":{"footnotes":""},"categories":[20],"tags":[],"class_list":["post-219203","post","type-post","status-publish","format-standard","hentry","category-dominicana-hoy"],"_links":{"self":[{"href":"https:\/\/diariodominicano.com\/index.php?rest_route=\/wp\/v2\/posts\/219203","targetHints":{"allow":["GET"]}}],"collection":[{"href":"https:\/\/diariodominicano.com\/index.php?rest_route=\/wp\/v2\/posts"}],"about":[{"href":"https:\/\/diariodominicano.com\/index.php?rest_route=\/wp\/v2\/types\/post"}],"author":[{"embeddable":true,"href":"https:\/\/diariodominicano.com\/index.php?rest_route=\/wp\/v2\/users\/3"}],"replies":[{"embeddable":true,"href":"https:\/\/diariodominicano.com\/index.php?rest_route=%2Fwp%2Fv2%2Fcomments&post=219203"}],"version-history":[{"count":0,"href":"https:\/\/diariodominicano.com\/index.php?rest_route=\/wp\/v2\/posts\/219203\/revisions"}],"wp:attachment":[{"href":"https:\/\/diariodominicano.com\/index.php?rest_route=%2Fwp%2Fv2%2Fmedia&parent=219203"}],"wp:term":[{"taxonomy":"category","embeddable":true,"href":"https:\/\/diariodominicano.com\/index.php?rest_route=%2Fwp%2Fv2%2Fcategories&post=219203"},{"taxonomy":"post_tag","embeddable":true,"href":"https:\/\/diariodominicano.com\/index.php?rest_route=%2Fwp%2Fv2%2Ftags&post=219203"}],"curies":[{"name":"wp","href":"https:\/\/api.w.org\/{rel}","templated":true}]}}