{"id":219201,"date":"2016-03-02T12:17:25","date_gmt":"2016-03-02T12:17:25","guid":{"rendered":"http:\/\/diariodominicano.ddns.net\/?p=219201"},"modified":"2016-03-02T12:17:25","modified_gmt":"2016-03-02T12:17:25","slug":"rodriguez-marchena-valora-emprendurismo-y-audacia-de-periodistas-digitales","status":"publish","type":"post","link":"https:\/\/diariodominicano.com\/?p=219201","title":{"rendered":"Rodr\u00edguez Marchena valora emprendurismo y audacia de periodistas digitales"},"content":{"rendered":"<p><body><\/p>\n<p><img decoding=\"async\" src=\"img3\/chena 1.jpg\" \/><br \/><img decoding=\"async\" src=\"img3\/marchena 1.jpg\" \/>  <\/p>\n<p>Santo Domingo RD 2 marzo (DICOM).- El Portavoz del Gobierno, Roberto Rodr\u00edguez Marchena, felicit\u00f3 a los periodistas digitales del pa\u00eds por la labor que realizan y celebr\u00f3 la impronta y la pujanza que est\u00e1 teniendo el periodismo digital en la Rep\u00fablica Dominicana, lo que habla muy bien del pa\u00eds y su gente.<\/p>\n<\/p>\n<p><strong>Los periodistas ciudadanos visibilizan la obra de Gobierno<\/strong><\/p>\n<\/p>\n<p>\u00abNosotros desde el Gobierno agradecemos infinitamente a todos aquellos y aquellas que han venido haciendo, con mucho coraje, con mucha valent\u00eda y con mucha responsabilidad, ese periodismo en la Rep\u00fablica Dominicana\u00bb, puntualiz\u00f3 Rodr\u00edguez Marchena.<\/p>\n<\/p>\n<p>Agreg\u00f3 que es gracias a los periodistas digitales, a esos periodistas ciudadanos, la obra de gobierno del presidente Danilo Medina ha podido visibilizarse y llegar a todos los ciudadanos y ciudadanas tal como es, ya que han aprovechado las facilidades tecnol\u00f3gicas que les ha ofrecido la Direcci\u00f3n General de Comunicaci\u00f3n (DICOM).<\/p>\n<\/p>\n<p><strong>Periodismo digital, periodismo de hoy<\/strong><\/p>\n<\/p>\n<p>\u00abEl periodismo digital es el periodismo del d\u00eda de hoy pero sobre todo es el periodismo del futuro, es el periodismo de los ciudadanos y ciudadanas\u00bb, dijo.<\/p>\n<\/p>\n<p>\u00abEl periodismo ciudadano, el periodismo digital, est\u00e1 marcando el ritmo de los tiempos de la comunicaci\u00f3n en nuestro pa\u00eds, y en el mundo\u00bb, refiri\u00f3 el Portavoz del Gobierno.<\/p>\n<\/p>\n<p>Dijo que el desarrollo de las tecnolog\u00edas de la comunicaci\u00f3n ha permitido a los ciudadanos actuar como fotorreporteros, editores, redactores, de toda la cotidianidad, cada uno ha podido empoderarse de un medio m\u00faltiple y diverso para poder contar todas las historias que ocurren d\u00eda a d\u00eda: \u00abuna bella imagen, una situaci\u00f3n determina, una historia de amor o de desamor nuestra cotidianidad en su m\u00e1s amplio sentido\u00bb.<\/p>\n<\/p>\n<p><strong>Reitera solidaridad gubernamental<\/strong><\/p>\n<\/p>\n<p>Roberto Rodr\u00edguez Marchena destac\u00f3 que 206 peri\u00f3dicos digitales y blogs mantienen una relaci\u00f3n de mutua colaboraci\u00f3n con la Direcci\u00f3n General de Comunicaci\u00f3n (DICOM).<\/p>\n<\/p>\n<p><strong> Acto de valent\u00eda y audacia<\/strong><\/p>\n<p><strong> <\/strong><\/p>\n<p>El portavoz del Gobierno aprovech\u00f3 la ocasi\u00f3n para felicitar y respaldar al C\u00edrculo de Periodistas Digitales por su primer congreso el que defini\u00f3 como un \u00abacto de valent\u00eda y audacia\u00bb.<\/p>\n<\/p>\n<p>El mensaje de Roberto Rodr\u00edguez Marchena fue presentado ante cientos de periodistas digitales y estudiantes de comunicaci\u00f3n social, publicidad y carreras afines en el marco del Primer Congreso de Periodismo Digital auspiciado por el C\u00edrculo de Periodistas Digitales realizado en la Universidad Cat\u00f3lica Santo Domingo (UCSD).<\/p>\n<h6> 2016-03-02 12:17:25 <\/h6>\n<p><!--\n<link rel=\"stylesheet\" href=\"css\/bootstrap.min.css\">\n\n\n<ul class=\"pagination\">\n\t    \n\t\n\n<li >\n\t<a href='?page_no=13546'>Previous<\/a>\n\t<\/li>\n\n\n       \n    \n\n<li><a href='?page_no=1'>1<\/a><\/li>\n\n\n\n<li><a href='?page_no=2'>2<\/a><\/li>\n\n\n\n<li><a>...<\/a><\/li>\n\n\n\n<li><a href='?page_no=13545'>13545<\/a><\/li>\n\n\n\n<li><a href='?page_no=13546'>13546<\/a><\/li>\n\n\n\n<li class='active'><a>13547<\/a><\/li>\n\n\n\n<li><a href='?page_no=13548'>13548<\/a><\/li>\n\n\n\n<li><a href='?page_no=13549'>13549<\/a><\/li>\n\n\n\n<li><a>...<\/a><\/li>\n\n\n\n<li><a href='?page_no=56169'>56169<\/a><\/li>\n\n\n\n<li><a href='?page_no=56170'>56170<\/a><\/li>\n\n    \n\t\n\n<li >\n\t<a href='?page_no=13548'>Next<\/a>\n\t<\/li>\n\n\n    \n\n<li><a href='?page_no=56170'>Last &rsaquo;&rsaquo;<\/a><\/li>\n\n<\/ul>\n\n\n--><br \/>\n<\/body><\/p>\n","protected":false},"excerpt":{"rendered":"<p>Santo Domingo RD 2 marzo (DICOM).- El Portavoz del Gobierno, Roberto Rodr\u00edguez Marchena, felicit\u00f3 a los periodistas digitales del pa\u00eds por la labor que realizan y celebr\u00f3 la impronta y la pujanza que est\u00e1 teniendo el periodismo digital en la Rep\u00fablica Dominicana, lo que habla muy bien del pa\u00eds y su gente. Los periodistas ciudadanos [&hellip;]<\/p>\n","protected":false},"author":3,"featured_media":0,"comment_status":"open","ping_status":"open","sticky":false,"template":"","format":"standard","meta":{"footnotes":""},"categories":[20],"tags":[],"class_list":["post-219201","post","type-post","status-publish","format-standard","hentry","category-dominicana-hoy"],"_links":{"self":[{"href":"https:\/\/diariodominicano.com\/index.php?rest_route=\/wp\/v2\/posts\/219201","targetHints":{"allow":["GET"]}}],"collection":[{"href":"https:\/\/diariodominicano.com\/index.php?rest_route=\/wp\/v2\/posts"}],"about":[{"href":"https:\/\/diariodominicano.com\/index.php?rest_route=\/wp\/v2\/types\/post"}],"author":[{"embeddable":true,"href":"https:\/\/diariodominicano.com\/index.php?rest_route=\/wp\/v2\/users\/3"}],"replies":[{"embeddable":true,"href":"https:\/\/diariodominicano.com\/index.php?rest_route=%2Fwp%2Fv2%2Fcomments&post=219201"}],"version-history":[{"count":0,"href":"https:\/\/diariodominicano.com\/index.php?rest_route=\/wp\/v2\/posts\/219201\/revisions"}],"wp:attachment":[{"href":"https:\/\/diariodominicano.com\/index.php?rest_route=%2Fwp%2Fv2%2Fmedia&parent=219201"}],"wp:term":[{"taxonomy":"category","embeddable":true,"href":"https:\/\/diariodominicano.com\/index.php?rest_route=%2Fwp%2Fv2%2Fcategories&post=219201"},{"taxonomy":"post_tag","embeddable":true,"href":"https:\/\/diariodominicano.com\/index.php?rest_route=%2Fwp%2Fv2%2Ftags&post=219201"}],"curies":[{"name":"wp","href":"https:\/\/api.w.org\/{rel}","templated":true}]}}