{"id":219200,"date":"2016-03-02T12:23:35","date_gmt":"2016-03-02T12:23:35","guid":{"rendered":"http:\/\/diariodominicano.ddns.net\/?p=219200"},"modified":"2016-03-02T12:23:35","modified_gmt":"2016-03-02T12:23:35","slug":"el-dpd-inicia-programa-a-beneficio-salud-de-la-ninez","status":"publish","type":"post","link":"https:\/\/diariodominicano.com\/?p=219200","title":{"rendered":"El DPD inicia programa a beneficio salud de la ni\u00f1ez"},"content":{"rendered":"<p><body><\/p>\n<p><img decoding=\"async\" src=\"img3\/dama 1.jpg\" \/>  <\/p>\n<p>Santo Domingo RD 2 marzo .- La primera dama C\u00e1ndida Montilla de Medina, consider\u00f3 que el Programa Nacional \u00abTamiz Neonatal y Alto Riesgo\u00bb, que impulsa su Despacho a favor de ni\u00f1os y ni\u00f1as, constituye un faro de luz en los avances de la ciencia m\u00e9dica en el pa\u00eds.Mediante el programa Tamiz Neonatal se realizan los diagn\u00f3sticos que permiten establecer si un reci\u00e9n nacido registra condiciones especiales o enfermedades de alto riesgo, para su inmediato tratamiento, con el cual, incluso, previene la tasa de incidencia de la denominada muerte s\u00fabita.<\/p>\n<\/p>\n<p>El programa funciona como proyecto piloto en el Hospital Infantil Robert Reid Cabral, en la Capital, donde en diciembre fue iniciada la construcci\u00f3n del primer laboratorio para esos fines.<\/p>\n<\/p>\n<p>La Coordinadora del programa Tamiz Neonatal y Alto Riesgo, Ceila P\u00e9rez de Ferr\u00e1n, explica que las enfermedades raras son aquellas cuyos registros establecen su incidencia en un caso, entre una poblaci\u00f3n de dos mil habitantes. Dice que estas enfermedades no est\u00e1n relacionadas con la etnia, la edad, clases sociales ni ning\u00fan otro tipo de condiciones. Pueden afectar a cualquier grupo poblacional.<\/p>\n<\/p>\n<p>De acuerdo a estudios realizados por maestros de la Pediatr\u00eda en Rep\u00fablica Dominicana, el 50 por ciento de las 6 mil enfermedades consideradas raras se presentan en edad pedi\u00e1trica, sobre todo en el per\u00edodo neonatal. <\/p>\n<\/p>\n<p>\u00abEl 80 por ciento de las muertes en el pa\u00eds se producen a esa edad y un 80 por ciento de \u00e9stas est\u00e1n relacionadas con la herencia gen\u00e9tica\u00bb, afirma P\u00e9rez de Ferran.<\/p>\n<h6> 2016-03-02 12:23:35 <\/h6>\n<p><!--\n<link rel=\"stylesheet\" href=\"css\/bootstrap.min.css\">\n\n\n<ul class=\"pagination\">\n\t    \n\t\n\n<li >\n\t<a href='?page_no=13545'>Previous<\/a>\n\t<\/li>\n\n\n       \n    \n\n<li><a href='?page_no=1'>1<\/a><\/li>\n\n\n\n<li><a href='?page_no=2'>2<\/a><\/li>\n\n\n\n<li><a>...<\/a><\/li>\n\n\n\n<li><a href='?page_no=13544'>13544<\/a><\/li>\n\n\n\n<li><a href='?page_no=13545'>13545<\/a><\/li>\n\n\n\n<li class='active'><a>13546<\/a><\/li>\n\n\n\n<li><a href='?page_no=13547'>13547<\/a><\/li>\n\n\n\n<li><a href='?page_no=13548'>13548<\/a><\/li>\n\n\n\n<li><a>...<\/a><\/li>\n\n\n\n<li><a href='?page_no=56169'>56169<\/a><\/li>\n\n\n\n<li><a href='?page_no=56170'>56170<\/a><\/li>\n\n    \n\t\n\n<li >\n\t<a href='?page_no=13547'>Next<\/a>\n\t<\/li>\n\n\n    \n\n<li><a href='?page_no=56170'>Last &rsaquo;&rsaquo;<\/a><\/li>\n\n<\/ul>\n\n\n--><br \/>\n<\/body><\/p>\n","protected":false},"excerpt":{"rendered":"<p>Santo Domingo RD 2 marzo .- La primera dama C\u00e1ndida Montilla de Medina, consider\u00f3 que el Programa Nacional \u00abTamiz Neonatal y Alto Riesgo\u00bb, que impulsa su Despacho a favor de ni\u00f1os y ni\u00f1as, constituye un faro de luz en los avances de la ciencia m\u00e9dica en el pa\u00eds.Mediante el programa Tamiz Neonatal se realizan los [&hellip;]<\/p>\n","protected":false},"author":3,"featured_media":0,"comment_status":"open","ping_status":"open","sticky":false,"template":"","format":"standard","meta":{"footnotes":""},"categories":[20],"tags":[],"class_list":["post-219200","post","type-post","status-publish","format-standard","hentry","category-dominicana-hoy"],"_links":{"self":[{"href":"https:\/\/diariodominicano.com\/index.php?rest_route=\/wp\/v2\/posts\/219200","targetHints":{"allow":["GET"]}}],"collection":[{"href":"https:\/\/diariodominicano.com\/index.php?rest_route=\/wp\/v2\/posts"}],"about":[{"href":"https:\/\/diariodominicano.com\/index.php?rest_route=\/wp\/v2\/types\/post"}],"author":[{"embeddable":true,"href":"https:\/\/diariodominicano.com\/index.php?rest_route=\/wp\/v2\/users\/3"}],"replies":[{"embeddable":true,"href":"https:\/\/diariodominicano.com\/index.php?rest_route=%2Fwp%2Fv2%2Fcomments&post=219200"}],"version-history":[{"count":0,"href":"https:\/\/diariodominicano.com\/index.php?rest_route=\/wp\/v2\/posts\/219200\/revisions"}],"wp:attachment":[{"href":"https:\/\/diariodominicano.com\/index.php?rest_route=%2Fwp%2Fv2%2Fmedia&parent=219200"}],"wp:term":[{"taxonomy":"category","embeddable":true,"href":"https:\/\/diariodominicano.com\/index.php?rest_route=%2Fwp%2Fv2%2Fcategories&post=219200"},{"taxonomy":"post_tag","embeddable":true,"href":"https:\/\/diariodominicano.com\/index.php?rest_route=%2Fwp%2Fv2%2Ftags&post=219200"}],"curies":[{"name":"wp","href":"https:\/\/api.w.org\/{rel}","templated":true}]}}