{"id":219196,"date":"2016-03-02T16:53:22","date_gmt":"2016-03-02T16:53:22","guid":{"rendered":"http:\/\/diariodominicano.ddns.net\/?p=219196"},"modified":"2016-03-02T16:53:22","modified_gmt":"2016-03-02T16:53:22","slug":"coraabo-instala-redes-de-distribucion-de-agua-potable-a-un-costo-que-pasa-los-rd10-millones","status":"publish","type":"post","link":"https:\/\/diariodominicano.com\/?p=219196","title":{"rendered":"CORAABO instala redes de distribuci\u00f3n de agua potable a un costo que pasa los RD$10 Millones"},"content":{"rendered":"<p><body><\/p>\n<p><img decoding=\"async\" src=\"img3\/coraabo.jpg\" \/>  <\/p>\n<p><span class=\"text1noticias\">Santo Domingo, RD, 2 de Marzo.-La Corporaci\u00f3n de Acueducto y Alcantarillado de Boca Chica, CORAABO, realiza la instalaci\u00f3n de redes de distribuci\u00f3n de agua potable con la que se beneficiaran cincuenta mil habitantes del poblado de Andr\u00e9s, quienes llevaban m\u00e1s de 10 a\u00f1os que no le llegaba el l\u00edquido por la falta de tuber\u00edas.<\/span><\/p>\n<\/p>\n<p><span class=\"text1noticias\">La informaci\u00f3n suministrada por el director ejecutivo de la CORAABO, ingeniero Ferm\u00edn Brito, manifest\u00f3 que el proyecto se realiza en conjunto con las compa\u00f1\u00edas AES Dominicana, Constructora Riz\u00e9k, y el acueducto.  <\/span><\/p>\n<\/p>\n<p><span class=\"text1noticias\">Brito, explic\u00f3 que la obra se hace a un costo que sobrepasa los diez millones de pesos y que fue una petici\u00f3n de los residentes de los barrios Brisa Caucedo, Brisa del Norte, Los Botaos, La Ruina, la Calle Cibao, entre otros sectores.<\/span><\/p>\n<\/p>\n<p><span class=\"text1noticias\">Para la instalaci\u00f3n de las tuber\u00edas que abarca cinco kil\u00f3metros, se hace necesario interconectar en barias v\u00e1lvulas que se encuentran instaladas en la Autopista de Las Am\u00e9ricas, donde brigadas de CORAABO trabajan de manera apresurada para servir agua potable a los residentes de los sectores mencionados.<\/span><\/p>\n<\/p>\n<p><span class=\"text1noticias\">\u00abSe est\u00e1n haciendo las excavaciones para descubrir las v\u00e1lvulas de 36 que se encuentra en la autopista, y las tuber\u00edas de la misma dimensi\u00f3n ser\u00e1n tomadas para llevar el vital l\u00edquido a moradores que est\u00e1n muy necesitados\u00bb.<\/span><\/p>\n<\/p>\n<p><span class=\"text1noticias\">Ferm\u00edn Brito, dijo que pretende hacer esto en otros sectores del Municipio de Boca Chica que se han poblado de manera irregular y que su mayor necesidad es el agua potable.<\/span><\/p>\n<\/p>\n<p><span class=\"text1noticias\">Manifest\u00f3 que son barrios donde residen una gran mayor\u00eda de personas de bajo recursos econ\u00f3mico y por lo tanto debe llegarle la mano amiga del gobierno instal\u00e1ndole redes que faciliten el servicio de agua potable de una forma humana.<\/span><\/p>\n<\/p>\n<p><span class=\"text1noticias\">Aseguro que dichas instalaciones tendr\u00e1n tambi\u00e9n m\u00e1quinas de cloraci\u00f3n que servir\u00e1n para potabilizar el agua y evitar enfermedades a la poblaci\u00f3n que provengan de contaminaci\u00f3n. <\/span><\/p>\n<\/p>\n<p><span class=\"text1noticias\">Estimo que las instalaciones estar\u00e1n funcionando a finales del mes de marzo, adelantando que la misma ser\u00e1 inaugurada en una ceremonia donde estar\u00e1n como invitados los moradores de esos barrios y algunas autoridades civiles y militares del sector, as\u00ed como instituciones sociales<\/span>.   <\/p>\n<h6> 2016-03-02 16:53:22 <\/h6>\n<p><!--\n<link rel=\"stylesheet\" href=\"css\/bootstrap.min.css\">\n\n\n<ul class=\"pagination\">\n\t    \n\t\n\n<li >\n\t<a href='?page_no=13541'>Previous<\/a>\n\t<\/li>\n\n\n       \n    \n\n<li><a href='?page_no=1'>1<\/a><\/li>\n\n\n\n<li><a href='?page_no=2'>2<\/a><\/li>\n\n\n\n<li><a>...<\/a><\/li>\n\n\n\n<li><a href='?page_no=13540'>13540<\/a><\/li>\n\n\n\n<li><a href='?page_no=13541'>13541<\/a><\/li>\n\n\n\n<li class='active'><a>13542<\/a><\/li>\n\n\n\n<li><a href='?page_no=13543'>13543<\/a><\/li>\n\n\n\n<li><a href='?page_no=13544'>13544<\/a><\/li>\n\n\n\n<li><a>...<\/a><\/li>\n\n\n\n<li><a href='?page_no=56169'>56169<\/a><\/li>\n\n\n\n<li><a href='?page_no=56170'>56170<\/a><\/li>\n\n    \n\t\n\n<li >\n\t<a href='?page_no=13543'>Next<\/a>\n\t<\/li>\n\n\n    \n\n<li><a href='?page_no=56170'>Last &rsaquo;&rsaquo;<\/a><\/li>\n\n<\/ul>\n\n\n--><br \/>\n<\/body><\/p>\n","protected":false},"excerpt":{"rendered":"<p>Santo Domingo, RD, 2 de Marzo.-La Corporaci\u00f3n de Acueducto y Alcantarillado de Boca Chica, CORAABO, realiza la instalaci\u00f3n de redes de distribuci\u00f3n de agua potable con la que se beneficiaran cincuenta mil habitantes del poblado de Andr\u00e9s, quienes llevaban m\u00e1s de 10 a\u00f1os que no le llegaba el l\u00edquido por la falta de tuber\u00edas. La [&hellip;]<\/p>\n","protected":false},"author":3,"featured_media":0,"comment_status":"open","ping_status":"open","sticky":false,"template":"","format":"standard","meta":{"footnotes":""},"categories":[20],"tags":[],"class_list":["post-219196","post","type-post","status-publish","format-standard","hentry","category-dominicana-hoy"],"_links":{"self":[{"href":"https:\/\/diariodominicano.com\/index.php?rest_route=\/wp\/v2\/posts\/219196","targetHints":{"allow":["GET"]}}],"collection":[{"href":"https:\/\/diariodominicano.com\/index.php?rest_route=\/wp\/v2\/posts"}],"about":[{"href":"https:\/\/diariodominicano.com\/index.php?rest_route=\/wp\/v2\/types\/post"}],"author":[{"embeddable":true,"href":"https:\/\/diariodominicano.com\/index.php?rest_route=\/wp\/v2\/users\/3"}],"replies":[{"embeddable":true,"href":"https:\/\/diariodominicano.com\/index.php?rest_route=%2Fwp%2Fv2%2Fcomments&post=219196"}],"version-history":[{"count":0,"href":"https:\/\/diariodominicano.com\/index.php?rest_route=\/wp\/v2\/posts\/219196\/revisions"}],"wp:attachment":[{"href":"https:\/\/diariodominicano.com\/index.php?rest_route=%2Fwp%2Fv2%2Fmedia&parent=219196"}],"wp:term":[{"taxonomy":"category","embeddable":true,"href":"https:\/\/diariodominicano.com\/index.php?rest_route=%2Fwp%2Fv2%2Fcategories&post=219196"},{"taxonomy":"post_tag","embeddable":true,"href":"https:\/\/diariodominicano.com\/index.php?rest_route=%2Fwp%2Fv2%2Ftags&post=219196"}],"curies":[{"name":"wp","href":"https:\/\/api.w.org\/{rel}","templated":true}]}}