{"id":219195,"date":"2016-03-02T17:56:58","date_gmt":"2016-03-02T17:56:58","guid":{"rendered":"http:\/\/diariodominicano.ddns.net\/?p=219195"},"modified":"2016-03-02T17:56:58","modified_gmt":"2016-03-02T17:56:58","slug":"danilo-medina-recibe-a-estudiantes-de-espacio-2016-que-iran-a-mexico","status":"publish","type":"post","link":"https:\/\/diariodominicano.com\/?p=219195","title":{"rendered":"Danilo Medina recibe a estudiantes de Espacio 2016 que ir\u00e1n a M\u00e9xico"},"content":{"rendered":"<p><body><\/p>\n<p><img decoding=\"async\" src=\"img3\/danilomexico2016.jpg\" \/>  <\/p>\n<p><span class=\"text1noticias\">Santo Domingo, RD, 02 de marzo.-El presidente Danilo Medina recibi\u00f3 a los 26 j\u00f3venes del programa Espacio-M\u00e9xico, que viajar\u00e1n a ese pa\u00eds para formarse en t\u00e9cnicas de television, en una iniciativa del Grupo Telemicro.<\/span><\/p>\n<p><span class=\"text1noticias\"> <\/span><\/p>\n<p><span class=\"text1noticias\">Los participantes permanecer\u00e1n por una semana en M\u00e9xico, recibiendo formaci\u00f3n en actuaci\u00f3n, grabaci\u00f3n, montajes, iluminaci\u00f3n, maquillaje, vestuario y producci\u00f3n de noticieros, adem\u00e1s de conocer la cultura del pa\u00eds azteca.<\/span><\/p>\n<p><span class=\"text1noticias\"> <\/span><\/p>\n<p><span class=\"text1noticias\"><strong>Continuar camino de la superaci\u00f3n<\/strong><\/span><\/p>\n<\/p>\n<p><span class=\"text1noticias\">El Jefe de Estado los recibi\u00f3 en el sal\u00f3n de Embajadores del Palacio Nacional, donde intercambi\u00f3 con ellos y los exhort\u00f3 a continuar el camino de la superaci\u00f3n con mucho ah\u00ednco y perseverancia.<\/span><\/p>\n<p><span class=\"text1noticias\"> <\/span><\/p>\n<p><span class=\"text1noticias\">Junto al presidente Danilo Medina estuvieron el ministro administrativo de la Presidencia, Jos\u00e9 Ram\u00f3n Peralta; el presidente del Grupo Telemicro, Juan Ram\u00f3n G\u00f3mez D\u00edaz; el director de prensa de ese grupo televisivo, Geraldino Gonz\u00e1lez y la coordinadora de la iniciativa, Any G\u00f3mez.<\/span><\/p>\n<p><span class=\"text1noticias\"> <\/span><\/p>\n<p><span class=\"text1noticias\">Danilo Medina salud\u00f3 de manera efusiva al grupo de j\u00f3venes, con quienes tambi\u00e9n se tom\u00f3 fotograf\u00edas.<\/span><\/p>\n<p><span class=\"text1noticias\"> <\/span><\/p>\n<p><span class=\"text1noticias\">Los j\u00f3venes recibidos por el presidente Danilo Medina fueron Mar\u00eda Alexandra Fern\u00e1ndez Coste, Kaisarien Tejeda Mora, H\u00e9ctor Eugenio Hern\u00e1ndez Gonz\u00e1lez, Mar\u00eda Victoria Aybar Ram\u00edrez, Rayvely Hern\u00e1ndez Mej\u00eda, Yeklena Paulino N\u00fa\u00f1ez y Jos\u00e9 Amado Encarnaci\u00f3n N\u00fa\u00f1ez.<\/span><\/p>\n<p><span class=\"text1noticias\"> <\/span><\/p>\n<p><span class=\"text1noticias\">Asimismo, Rigernar Naval Mercedes Rojas, Sandra Maryelis Custodio Pujols, Issamar Medina Rosa, Nelson Eduardo Cruz Suero, Winnys Soto Mart\u00ednez, Karina Teresa Alarc\u00f3n Est\u00e9vez, Fausto Nefthalier Bernabel Mej\u00eda, Jos\u00e9 Francisco Marte Beato, Paula Cristina M\u00e9ndez Sep\u00falveda y Juan Manuel Cuello Liriano.<\/span><\/p>\n<p><span class=\"text1noticias\"> <\/span><\/p>\n<p><span class=\"text1noticias\">De igual modo, Laura \u00c1lvarez de la Cruz, Kelvin Arturo de la Cruz Rodr\u00edguez, Evelyn Altagracia Rub\u00e9n Espinal, Yirdania Esquivel F\u00e9liz Joaqu\u00edn, Jean Antonio Rom\u00e1n Cruz, David Eduardo Batista \u00c1ngeles, Merlis Camilo Jim\u00e9nez, Manuel Alejandro V\u00e1squez G\u00f3mez y Henry Rolando Beltr\u00e9 Ram\u00edrez.<\/span><\/p>\n<p><span class=\"text1noticias\"><strong> <\/strong><\/span><\/p>\n<p><span class=\"text1noticias\"><strong>Intercambio socio-cultural<\/strong><\/span><\/p>\n<\/p>\n<p><span class=\"text1noticias\">Espacio es una iniciativa de intercambio socio-cultural que se desarrolla desde 1999. Brinda la oportunidad a j\u00f3venes de nuestro pa\u00eds de conocer de manera directa los medios de comunicaci\u00f3n y adquirir conocimientos en Televisa, grupo de medios ubicado en M\u00e9xico y que representa una de las principales empresas del entretenimiento y la informaci\u00f3n a nivel mundial<\/span>.<\/p>\n<\/p>\n<h6> 2016-03-02 17:56:58 <\/h6>\n<p><!--\n<link rel=\"stylesheet\" href=\"css\/bootstrap.min.css\">\n\n\n<ul class=\"pagination\">\n\t    \n\t\n\n<li >\n\t<a href='?page_no=13540'>Previous<\/a>\n\t<\/li>\n\n\n       \n    \n\n<li><a href='?page_no=1'>1<\/a><\/li>\n\n\n\n<li><a href='?page_no=2'>2<\/a><\/li>\n\n\n\n<li><a>...<\/a><\/li>\n\n\n\n<li><a href='?page_no=13539'>13539<\/a><\/li>\n\n\n\n<li><a href='?page_no=13540'>13540<\/a><\/li>\n\n\n\n<li class='active'><a>13541<\/a><\/li>\n\n\n\n<li><a href='?page_no=13542'>13542<\/a><\/li>\n\n\n\n<li><a href='?page_no=13543'>13543<\/a><\/li>\n\n\n\n<li><a>...<\/a><\/li>\n\n\n\n<li><a href='?page_no=56169'>56169<\/a><\/li>\n\n\n\n<li><a href='?page_no=56170'>56170<\/a><\/li>\n\n    \n\t\n\n<li >\n\t<a href='?page_no=13542'>Next<\/a>\n\t<\/li>\n\n\n    \n\n<li><a href='?page_no=56170'>Last &rsaquo;&rsaquo;<\/a><\/li>\n\n<\/ul>\n\n\n--><br \/>\n<\/body><\/p>\n","protected":false},"excerpt":{"rendered":"<p>Santo Domingo, RD, 02 de marzo.-El presidente Danilo Medina recibi\u00f3 a los 26 j\u00f3venes del programa Espacio-M\u00e9xico, que viajar\u00e1n a ese pa\u00eds para formarse en t\u00e9cnicas de television, en una iniciativa del Grupo Telemicro. Los participantes permanecer\u00e1n por una semana en M\u00e9xico, recibiendo formaci\u00f3n en actuaci\u00f3n, grabaci\u00f3n, montajes, iluminaci\u00f3n, maquillaje, vestuario y producci\u00f3n de noticieros, [&hellip;]<\/p>\n","protected":false},"author":3,"featured_media":0,"comment_status":"open","ping_status":"open","sticky":false,"template":"","format":"standard","meta":{"footnotes":""},"categories":[20],"tags":[],"class_list":["post-219195","post","type-post","status-publish","format-standard","hentry","category-dominicana-hoy"],"_links":{"self":[{"href":"https:\/\/diariodominicano.com\/index.php?rest_route=\/wp\/v2\/posts\/219195","targetHints":{"allow":["GET"]}}],"collection":[{"href":"https:\/\/diariodominicano.com\/index.php?rest_route=\/wp\/v2\/posts"}],"about":[{"href":"https:\/\/diariodominicano.com\/index.php?rest_route=\/wp\/v2\/types\/post"}],"author":[{"embeddable":true,"href":"https:\/\/diariodominicano.com\/index.php?rest_route=\/wp\/v2\/users\/3"}],"replies":[{"embeddable":true,"href":"https:\/\/diariodominicano.com\/index.php?rest_route=%2Fwp%2Fv2%2Fcomments&post=219195"}],"version-history":[{"count":0,"href":"https:\/\/diariodominicano.com\/index.php?rest_route=\/wp\/v2\/posts\/219195\/revisions"}],"wp:attachment":[{"href":"https:\/\/diariodominicano.com\/index.php?rest_route=%2Fwp%2Fv2%2Fmedia&parent=219195"}],"wp:term":[{"taxonomy":"category","embeddable":true,"href":"https:\/\/diariodominicano.com\/index.php?rest_route=%2Fwp%2Fv2%2Fcategories&post=219195"},{"taxonomy":"post_tag","embeddable":true,"href":"https:\/\/diariodominicano.com\/index.php?rest_route=%2Fwp%2Fv2%2Ftags&post=219195"}],"curies":[{"name":"wp","href":"https:\/\/api.w.org\/{rel}","templated":true}]}}