{"id":219194,"date":"2016-03-02T18:01:22","date_gmt":"2016-03-02T18:01:22","guid":{"rendered":"http:\/\/diariodominicano.ddns.net\/?p=219194"},"modified":"2016-03-02T18:01:22","modified_gmt":"2016-03-02T18:01:22","slug":"inaugura-otras-cuatro-escuelas-para-la-jornada-escolar-extendida-en-sanchez-ramirez","status":"publish","type":"post","link":"https:\/\/diariodominicano.com\/?p=219194","title":{"rendered":"Inaugura otras cuatro escuelas para la Jornada Escolar Extendida en S\u00e1nchez Ram\u00edrez"},"content":{"rendered":"<p><body><\/p>\n<p><img decoding=\"async\" src=\"img3\/danilosanchezramirez.jpg\" \/>  <\/p>\n<p><strong><span class=\"text1noticias\">S\u00e1nchez Ram\u00edrez, RD, 02 de marzo.-<\/span><\/strong><span class=\"text1noticias\">-La comunidad educativa de esta provincia integra a partir de hoy 35 aulas, 31 de ellas nuevas y cuatro remodeladas, distribuidas en cuatro escuelas, que fortalecer\u00e1n la Revoluci\u00f3n Educativa que impulsa nuestro Gobierno.<\/span><\/p>\n<\/p>\n<p><span class=\"text1noticias\">En dos emotivas ceremonias celebradas desde el municipio de Cotu\u00ed, el presidente Danilo Medina puso en funcionamiento los cuatro centros educativos y la nueva sede de la Regional de Educaci\u00f3n.<\/span><\/p>\n<\/p>\n<p><strong><span class=\"text1noticias\">Mil 155 estudiantes a Jornada Escolar Extendida<\/span><\/strong><\/p>\n<\/p>\n<p><span class=\"text1noticias\">Estas escuelas integradas por el jefe de Estado permitir\u00e1n a 1,155 estudiantes de esta demarcaci\u00f3n recibir los beneficios de la Jornada Escolar Extendida, que tiene una educaci\u00f3n inclusiva de ocho horas diarias, desayuno, almuerzo y merienda.<\/span><\/p>\n<\/p>\n<p><strong><span class=\"text1noticias\">Los Pinos, La Estancia y El Lim\u00f3n en Cotu\u00ed, y en Fantino <\/span><\/strong><\/p>\n<\/p>\n<p><span class=\"text1noticias\">Las escuelas entregadas fueron Taira Magdalena Rodr\u00edguez, de 11 aulas, que acoger\u00e1 a 350 estudiantes en Los Pinos; la Victoriano Santos Hilario, que con 12 aulas albergar\u00e1 385 alumnos de la comunidad La Estancia, ambas en barrios de Cotu\u00ed, donde se celebraron los actos.<\/span><\/p>\n<\/p>\n<p><span class=\"text1noticias\">Asimismo, en la comunidad El Lim\u00f3n Abajo, tambi\u00e9n del municipio Cotu\u00ed, la escuela El Lim\u00f3n, de 6 aulas para 210 estudiantes. En Fantino qued\u00f3 en servicio la escuela primaria Eroina D\u00edaz, de 6 aulas para una matr\u00edcula de 210 alumnos.<\/span><\/p>\n<\/p>\n<p><strong><span class=\"text1noticias\">Remodelada Regional Educaci\u00f3n<\/span><\/strong><\/p>\n<\/p>\n<p><span class=\"text1noticias\">El jefe de Estado tambi\u00e9n entreg\u00f3 remodelada la sede de la Regional de Educaci\u00f3n, equipada con tecnolog\u00eda de punta y que cuenta con las facilidades para la buena labor de los t\u00e9cnicos que laboran en esa entidad.<\/span><\/p>\n<\/p>\n<p><strong><span class=\"text1noticias\">Educaci\u00f3n con equidad y calidad<\/span><\/strong><\/p>\n<\/p>\n<p><span class=\"text1noticias\">En sus palabras de agradecimiento en nombre de los estudiantes, Rufina Altagracia de la Cruz, de octavo grado, indic\u00f3 que el presidente Danilo Medina ha realizado una encomiable labor a los fines de que en el pa\u00eds los alumnos reciban una educaci\u00f3n con equidad y calidad.<\/span><\/p>\n<\/p>\n<p><span class=\"text1noticias\">Manifest\u00f3 que hoy nuestro el Gobernante pone a disposici\u00f3n del estudiantado de Cotu\u00ed esta casa de estudios donde tendr\u00e1n la oportunidad de ser alumnos capaces de cambiar su realidad y dar respuestas a las demandas de la sociedad.<\/span><\/p>\n<p><span class=\"text1noticias\"><strong>Educaci\u00f3n inclusiva con propuestas innovadoras<\/strong><\/span><\/p>\n<\/p>\n<p><span class=\"text1noticias\">Francisca Beatriz Mart\u00ednez, directora del centro, intervino para decir que mediante la Jornada Escolar Extendida el Gobierno garantiza el derecho a los estudiantes a una educaci\u00f3n inclusiva e integral, a trav\u00e9s de propuestas pedag\u00f3gicas innovadoras.<\/span><\/p>\n<\/p>\n<p><strong><span class=\"text1noticias\">Inversi\u00f3n eficiente y extraordinaria<\/span><\/strong><\/p>\n<\/p>\n<p><span class=\"text1noticias\">Para Carlos Amarante Baret, ministro de Educaci\u00f3n, el jefe de Estado hace una eficiente y extraordinaria inversi\u00f3n de los recursos del Estado, ya que sabe que la educaci\u00f3n es la fuerza transformadora, adelantando que, al final de la jornada, todos quieran tener a sus hijos en las escuelas p\u00fablicas.<\/span><\/p>\n<\/p>\n<p><strong><span class=\"text1noticias\">\u00a1Qu\u00e9 grandote!<\/span><\/strong><\/p>\n<\/p>\n<p><span class=\"text1noticias\">Minutos despu\u00e9s, Danilo Medina y las autoridades provinciales, se trasladaron al sector La Estancia, donde cort\u00f3 la cinta para la puesta en funcionamiento de la escuela b\u00e1sica Victoriano Santos Hilario.<\/span><\/p>\n<\/p>\n<p><span class=\"text1noticias\">Fedora Mota, directora de la escuela, dijo que para ella y la barriada este mi\u00e9rcoles muy especial y de j\u00fabilo, pues pasaron 16 a\u00f1os trabajando y moj\u00e1ndose, al tiempo de proclamar que \u00abgracias a nuestro Presidente tenemos nuestro centro educaci\u00f3n; \u00a1y qu\u00e9 grandote!\u00bb.<\/span><\/p>\n<\/p>\n<p><strong><span class=\"text1noticias\">Un sue\u00f1o anhelado, logro alcanzado<\/span><\/strong><\/p>\n<\/p>\n<p><span class=\"text1noticias\">Las palabras de agradecimiento correspondieron a Josmari Santos Mu\u00f1oz, estudiante de tercer grado de primaria, para quien hoy es un d\u00eda de regocijo que quedar\u00e1 en la historia de esta comunidad que hoy recibe un espacio acorde a los nuevos tiempos, pues esta escuela era \u00abun sue\u00f1o anhelado, un logro alcanzado\u00bb.<\/span><\/p>\n<\/p>\n<p><span class=\"text1noticias\">La mesa principal estuvo integrada, adem\u00e1s, por Gonzalo Castillo, ministro de Obras P\u00fablicas, Teresa Inoa, gobernadora  de la provincia; F\u00e9lix V\u00e1squez, senador; Rafael Molina Lluberes, alcalde; Ram\u00f3n Antonio V\u00e1squez, director Regional; el diputado Alejandro Jerez, as\u00ed como Carlos Pared P\u00e9rez y Robert de la Cruz, asistentes especiales del Presidente<\/span>.<\/p>\n<h6> 2016-03-02 18:01:22 <\/h6>\n<p><!--\n<link rel=\"stylesheet\" href=\"css\/bootstrap.min.css\">\n\n\n<ul class=\"pagination\">\n\t    \n\t\n\n<li >\n\t<a href='?page_no=13539'>Previous<\/a>\n\t<\/li>\n\n\n       \n    \n\n<li><a href='?page_no=1'>1<\/a><\/li>\n\n\n\n<li><a href='?page_no=2'>2<\/a><\/li>\n\n\n\n<li><a>...<\/a><\/li>\n\n\n\n<li><a href='?page_no=13538'>13538<\/a><\/li>\n\n\n\n<li><a href='?page_no=13539'>13539<\/a><\/li>\n\n\n\n<li class='active'><a>13540<\/a><\/li>\n\n\n\n<li><a href='?page_no=13541'>13541<\/a><\/li>\n\n\n\n<li><a href='?page_no=13542'>13542<\/a><\/li>\n\n\n\n<li><a>...<\/a><\/li>\n\n\n\n<li><a href='?page_no=56169'>56169<\/a><\/li>\n\n\n\n<li><a href='?page_no=56170'>56170<\/a><\/li>\n\n    \n\t\n\n<li >\n\t<a href='?page_no=13541'>Next<\/a>\n\t<\/li>\n\n\n    \n\n<li><a href='?page_no=56170'>Last &rsaquo;&rsaquo;<\/a><\/li>\n\n<\/ul>\n\n\n--><br \/>\n<\/body><\/p>\n","protected":false},"excerpt":{"rendered":"<p>S\u00e1nchez Ram\u00edrez, RD, 02 de marzo.&#8211;La comunidad educativa de esta provincia integra a partir de hoy 35 aulas, 31 de ellas nuevas y cuatro remodeladas, distribuidas en cuatro escuelas, que fortalecer\u00e1n la Revoluci\u00f3n Educativa que impulsa nuestro Gobierno. En dos emotivas ceremonias celebradas desde el municipio de Cotu\u00ed, el presidente Danilo Medina puso en funcionamiento [&hellip;]<\/p>\n","protected":false},"author":3,"featured_media":0,"comment_status":"open","ping_status":"open","sticky":false,"template":"","format":"standard","meta":{"footnotes":""},"categories":[20],"tags":[],"class_list":["post-219194","post","type-post","status-publish","format-standard","hentry","category-dominicana-hoy"],"_links":{"self":[{"href":"https:\/\/diariodominicano.com\/index.php?rest_route=\/wp\/v2\/posts\/219194","targetHints":{"allow":["GET"]}}],"collection":[{"href":"https:\/\/diariodominicano.com\/index.php?rest_route=\/wp\/v2\/posts"}],"about":[{"href":"https:\/\/diariodominicano.com\/index.php?rest_route=\/wp\/v2\/types\/post"}],"author":[{"embeddable":true,"href":"https:\/\/diariodominicano.com\/index.php?rest_route=\/wp\/v2\/users\/3"}],"replies":[{"embeddable":true,"href":"https:\/\/diariodominicano.com\/index.php?rest_route=%2Fwp%2Fv2%2Fcomments&post=219194"}],"version-history":[{"count":0,"href":"https:\/\/diariodominicano.com\/index.php?rest_route=\/wp\/v2\/posts\/219194\/revisions"}],"wp:attachment":[{"href":"https:\/\/diariodominicano.com\/index.php?rest_route=%2Fwp%2Fv2%2Fmedia&parent=219194"}],"wp:term":[{"taxonomy":"category","embeddable":true,"href":"https:\/\/diariodominicano.com\/index.php?rest_route=%2Fwp%2Fv2%2Fcategories&post=219194"},{"taxonomy":"post_tag","embeddable":true,"href":"https:\/\/diariodominicano.com\/index.php?rest_route=%2Fwp%2Fv2%2Ftags&post=219194"}],"curies":[{"name":"wp","href":"https:\/\/api.w.org\/{rel}","templated":true}]}}